{"id":79221,"date":"2023-02-06T09:37:40","date_gmt":"2023-02-06T12:37:40","guid":{"rendered":"https:\/\/catolicanet.net\/wp-cnet\/?p=79221"},"modified":"2023-02-06T16:38:43","modified_gmt":"2023-02-06T19:38:43","slug":"papa-francisco-eleva-santuario-sao-francisco-de-assis-em-brasilia-no-distrito-federal-a-basilica-menor","status":"publish","type":"post","link":"https:\/\/catolicanet.net\/wp-cnet\/papa-francisco-eleva-santuario-sao-francisco-de-assis-em-brasilia-no-distrito-federal-a-basilica-menor\/","title":{"rendered":"PAPA FRANCISCO ELEVA SANTU\u00c1RIO S\u00c3O FRANCISCO DE ASSIS, EM BRAS\u00cdLIA, NO DISTRITO FEDERAL, A BAS\u00cdLICA MENOR"},"content":{"rendered":"<p style=\"text-align: justify;\">Algumas igrejas t\u00eam particular import\u00e2ncia para a vida lit\u00fargica e pastoral. Estas podem ser honradas pelo Sumo Pont\u00edfice com o t\u00edtulo de Bas\u00edlica Menor, significando assim o seu v\u00ednculo particular com a Igreja Romana e com o Sumo Pont\u00edfice.<\/p>\n<p style=\"text-align: justify;\">A Bas\u00edlica Menor S\u00e3o Francisco, localizada em Bras\u00edlia (DF), \u00e9 a primeira Igreja honrada com este t\u00edtulo no Distrito Federal e no entorno. O an\u00fancio do parecer favor\u00e1vel, pelo Vaticano, foi feito pelo cardeal Paulo Cezar, arcebispo de Bras\u00edlia, na sexta-feira, dia 3 de fevereiro. Atualmente, a bas\u00edlica atende cerca de 4 milh\u00f5es de pessoas. No Brasil, existem cerca de 80 bas\u00edlicas menores criadas.<\/p>\n<p style=\"text-align: justify;\">A Santa Missa de instala\u00e7\u00e3o da Bas\u00edlica Menor S\u00e3o Francisco ser\u00e1 no dia 13 de maio, \u00e0s 18h.<\/p>\n<h3 style=\"text-align: justify;\"><strong>O processo<\/strong><\/h3>\n<p style=\"text-align: justify;\">O pedido foi feito pelo pr\u00f3prio cardeal Cezar no dia 14 de setembro de 2022, com o apoio do presidente da Confer\u00eancia Nacional dos Bispos do Brasil (CNBB), dom Walmor Oliveira de Azevedo, e do Ministro Provincial.\u00a0 No dia 6 de dezembro de 2022, o dicast\u00e9rio do Culto Divino e Disciplina dos Sacramentos assinou o decreto, concedendo ao Santu\u00e1rio S\u00e3o Francisco de Assis o T\u00edtulo de Bas\u00edlica Menor, conforme documento n\u00ba 551\/22 assinado pelo prefeito, cardeal Arturo Roche, e pelo secret\u00e1rio Vit\u00f3rio Francisco Viola.<\/p>\n<h3 style=\"text-align: justify;\"><strong>O Santu\u00e1rio<\/strong><\/h3>\n<p style=\"text-align: justify;\">No dia 25 de maio de 2003, a arquidiocese de Bras\u00edlia instituiu a Par\u00f3quia S\u00e3o Francisco de Assis, confiada aos cuidados dos Frades Menores Conventuais (OFMConv.) desde 1981, como Santu\u00e1rio S\u00e3o Francisco de Assis, com a miss\u00e3o de oferecer aos fi\u00e9is meios de salva\u00e7\u00e3o mais abundantes, anunciando com dilig\u00eancia a Palavra de Deus, incentivando adequadamente a vida lit\u00fargica, principalmente com a Eucaristia e a Reconcilia\u00e7\u00e3o, e cultivando as formas aprovadas de piedade popular, tornando-se lugar privilegiado de educa\u00e7\u00e3o para os valores da \u00e9tica, em particular a justi\u00e7a, a solidariedade, a paz e a salvaguarda da cria\u00e7\u00e3o, a fim de contribuir para o crescimento da qualidade da vida para todos.<\/p>\n<h3 style=\"text-align: justify;\"><strong>O que \u00e9 uma Bas\u00edlica?<\/strong><\/h3>\n<p style=\"text-align: justify;\">O Papa, atrav\u00e9s do Dicast\u00e9rio, pode dar o t\u00edtulo de Bas\u00edlica a uma igreja devido a sua import\u00e2ncia espiritual e hist\u00f3rica. A bas\u00edlica deve ser um lugar ligado a um santo que tenha devo\u00e7\u00e3o por parte dos fi\u00e9is, que seja igreja de celebra\u00e7\u00e3o da liturgia (Eucaristia, confiss\u00f5es e Liturgia da Horas), que seja um templo onde a celebra\u00e7\u00e3o seja cuidada com zelo e que tenha uma comunidade presbiteral capaz de prestar o necess\u00e1rio servi\u00e7o sacerdotal.<\/p>\n<p style=\"text-align: justify;\">O nome bas\u00edlica prov\u00e9m do grego: basileus (rei) e oikos (casa), portanto, casa do rei. Quando termina o tempo da persegui\u00e7\u00e3o da Igreja por parte do Imp\u00e9rio Romano, com a convers\u00e3o do imperador Constantino (313) e posteriormente a liberdade de culto em todo o Imp\u00e9rio (380), a Igreja necessitava de um lugar para a sua liturgia p\u00fablica e solene, pois contaria com a participa\u00e7\u00e3o do Imperador e da sua corte. Assim, a Igreja deveria sair de uma celebra\u00e7\u00e3o feita na \u201cdomus\u201d (casa) e ter uma grande \u201csala de culto\u201d. Esta sala j\u00e1 existia, era chamada \u201cbas\u00edlica\u201d, onde o rei recebia seus convidados. Da\u00ed a Igreja pegou o modelo do seu templo: uma grande sala, geralmente com duas naves laterais e uma central que na frente, em um piso elevado, tinha o trono do Imperador, onde ele recebia os cumprimentos. A Igreja pegou este projeto e colocou no lugar do trono o presbit\u00e9rio.<\/p>\n<p style=\"text-align: justify;\"><strong>Bas\u00edlicas Maiores:<\/strong>\u00a0existem na Igreja 4 bas\u00edlicas com este t\u00edtulo, e est\u00e3o todas em Roma: S\u00e3o Jo\u00e3o de Latr\u00e3o, S\u00e3o Pedro, Santa Maria Maior e S\u00e3o Paulo fora dos Muros. Todas edificadas pelo imperador Constantino e depois reformadas e aumentadas pelos Papas, onde passaram a ser chamadas tamb\u00e9m de bas\u00edlicas papais. Uma bas\u00edlica maior tem um altar maior, onde apenas o Papa e seus delegados podem celebrar a Missa. Al\u00e9m disso, distingue-se porque tem uma Porta Santa que os fi\u00e9is podem cruzar durante um Ano Santo para ganhar uma indulg\u00eancia plen\u00e1ria.<\/p>\n<p style=\"text-align: justify;\"><strong>Bas\u00edlicas papais fora de Roma:<\/strong>\u00a0est\u00e3o em Assis e s\u00e3o a de S\u00e3o Francisco e Santa Maria dos Anjos. S\u00e3o bas\u00edlicas menores. Tem o altar maior, onde tamb\u00e9m somente o Papa ou seu delegado podem utilizar.<\/p>\n<h3 style=\"text-align: justify;\"><strong>Deveres de uma Bas\u00edlica<\/strong><\/h3>\n<p style=\"text-align: justify;\">1. Instru\u00e7\u00e3o lit\u00fargica dos fi\u00e9is.<br \/>\n2. Estudo e divulga\u00e7\u00e3o de documentos provenientes do Sumo Pont\u00edfice e da Santa S\u00e9.<br \/>\n3. As celebra\u00e7\u00f5es do ano lit\u00fargico sejam preparadas e realizadas com muito cuidado.<br \/>\n4. Durante a Quaresma, missas estacionais.<br \/>\n5. A palavra de Deus seja diligentemente proclamada nas homilias ou nos serm\u00f5es especiais; celebrar a Liturgia das Horas.<br \/>\n6. Cuidar para que as reuni\u00f5es dos fi\u00e9is sejam associadas ao canto das v\u00e1rias partes da Missa.<br \/>\n7. Numa bas\u00edlica onde se re\u00fanem frequentemente fi\u00e9is de diferentes na\u00e7\u00f5es ou l\u00ednguas, \u00e9 \u00fatil que saibam cantar juntos em latim a profiss\u00e3o de f\u00e9 e o Pai Nosso.<br \/>\n8. Celebrar com particular solicitude:<br \/>\na) a festa da C\u00e1tedra de S\u00e3o Pedro Ap\u00f3stolo (22 de fevereiro);<br \/>\nb) a Solenidade dos Santos Pedro e Paulo, Ap\u00f3stolos (29 de junho);<br \/>\nc) o anivers\u00e1rio da elei\u00e7\u00e3o ou posse do Sumo Pont\u00edfice no supremo minist\u00e9rio.<\/p>\n<h3 style=\"text-align: justify;\"><strong>Concess\u00f5es ligadas \u00e0 Bas\u00edlica<\/strong><\/h3>\n<p style=\"text-align: justify;\">Os fi\u00e9is podem lograr indulg\u00eancia plen\u00e1ria nos seguintes dias:<\/p>\n<p style=\"text-align: justify;\">a) no anivers\u00e1rio da dedica\u00e7\u00e3o da mesma bas\u00edlica (29\/11)<br \/>\nb) no dia da celebra\u00e7\u00e3o lit\u00fargica do t\u00edtulo (04\/10)<br \/>\nc) na Solenidade dos Santos Pedro e Paulo, Ap\u00f3stolos (primeiro domingo depois de 29\/06)<br \/>\nd) no anivers\u00e1rio da outorga do t\u00edtulo de bas\u00edlica (06\/12)<br \/>\ne) uma vez por ano, em dia a ser determinado pelo Ordin\u00e1rio local (01\/05)<br \/>\nf) uma vez por ano em dia livremente escolhido por cada um dos fi\u00e9is.<\/p>\n<h3 style=\"text-align: justify;\"><strong>Etapas da cria\u00e7\u00e3o da implanta\u00e7\u00e3o de uma Bas\u00edlica<\/strong><\/h3>\n<p style=\"text-align: justify;\">1. Decreto do Dicast\u00e9rio<br \/>\n2. Solene Santa Missa presidida pelo arcebispo (13\/05)<\/p>\n<h3 style=\"text-align: justify;\"><strong>Ins\u00edgnias da Bas\u00edlica<\/strong><\/h3>\n<p style=\"text-align: justify;\">1. Bras\u00e3o do Vaticano<br \/>\n2. Tintin\u00e1bulo<br \/>\n3. Umbrela<br \/>\n4. Virga Rubra<br \/>\n5. Vestes Pr\u00f3prias do clero<\/p>\n<p style=\"text-align: justify;\">\n<pre>Com informa\u00e7\u00f5es da arquidiocese de Bras\u00edlia<\/pre>\n","protected":false},"excerpt":{"rendered":"<p>Algumas igrejas t\u00eam particular import\u00e2ncia para a vida lit\u00fargica e pastoral. Estas podem ser honradas pelo Sumo Pont\u00edfice com o t\u00edtulo de Bas\u00edlica Menor, significando assim o seu v\u00ednculo particular com a Igreja Romana e com o Sumo Pont\u00edfice. A Bas\u00edlica Menor S\u00e3o Francisco, localizada em Bras\u00edlia (DF), \u00e9 a primeira Igreja honrada com este [&hellip;]<\/p>\n","protected":false},"author":1,"featured_media":79222,"comment_status":"open","ping_status":"closed","sticky":false,"template":"","format":"standard","meta":{"footnotes":""},"categories":[7,13],"tags":[],"class_list":["post-79221","post","type-post","status-publish","format-standard","has-post-thumbnail","hentry","category-cnbb","category-featured"],"_links":{"self":[{"href":"https:\/\/catolicanet.net\/wp-cnet\/wp-json\/wp\/v2\/posts\/79221","targetHints":{"allow":["GET"]}}],"collection":[{"href":"https:\/\/catolicanet.net\/wp-cnet\/wp-json\/wp\/v2\/posts"}],"about":[{"href":"https:\/\/catolicanet.net\/wp-cnet\/wp-json\/wp\/v2\/types\/post"}],"author":[{"embeddable":true,"href":"https:\/\/catolicanet.net\/wp-cnet\/wp-json\/wp\/v2\/users\/1"}],"replies":[{"embeddable":true,"href":"https:\/\/catolicanet.net\/wp-cnet\/wp-json\/wp\/v2\/comments?post=79221"}],"version-history":[{"count":1,"href":"https:\/\/catolicanet.net\/wp-cnet\/wp-json\/wp\/v2\/posts\/79221\/revisions"}],"predecessor-version":[{"id":79223,"href":"https:\/\/catolicanet.net\/wp-cnet\/wp-json\/wp\/v2\/posts\/79221\/revisions\/79223"}],"wp:featuredmedia":[{"embeddable":true,"href":"https:\/\/catolicanet.net\/wp-cnet\/wp-json\/wp\/v2\/media\/79222"}],"wp:attachment":[{"href":"https:\/\/catolicanet.net\/wp-cnet\/wp-json\/wp\/v2\/media?parent=79221"}],"wp:term":[{"taxonomy":"category","embeddable":true,"href":"https:\/\/catolicanet.net\/wp-cnet\/wp-json\/wp\/v2\/categories?post=79221"},{"taxonomy":"post_tag","embeddable":true,"href":"https:\/\/catolicanet.net\/wp-cnet\/wp-json\/wp\/v2\/tags?post=79221"}],"curies":[{"name":"wp","href":"https:\/\/api.w.org\/{rel}","templated":true}]}}