{"id":79181,"date":"2023-01-30T10:34:01","date_gmt":"2023-01-30T13:34:01","guid":{"rendered":"https:\/\/catolicanet.net\/wp-cnet\/?p=79181"},"modified":"2023-02-01T16:35:14","modified_gmt":"2023-02-01T19:35:14","slug":"aventuras-da-vida","status":"publish","type":"post","link":"https:\/\/catolicanet.net\/wp-cnet\/aventuras-da-vida\/","title":{"rendered":"AVENTURAS DA VIDA"},"content":{"rendered":"<p style=\"text-align: justify;\">\u00a0\u00a0\u00a0\u00a0\u00a0\u00a0\u00a0\u00a0\u00a0\u00a0\u00a0 Que a vida \u00e9 uma grande aventura n\u00e3o \u00e9 preciso dizer. Ela sempre nos diz isso, desde seu in\u00edcio at\u00e9 seu derradeiro dia. Vivemos uma grande aventura neste mundo de Deus. Com princ\u00edpio, meio e fim, mas sem dia, nem hora marcada para se chegar ao ponto final, ao objetivo que nos faz participar dessa maratona de surpresas, descobertas e motiva\u00e7\u00f5es, eis que ela nos aponta um c\u00f3digo de conduta existencialista, cujo nome n\u00e3o importa agora, mas queira ou n\u00e3o, est\u00e1 presente na consci\u00eancia de todos os que aqui aportam. Ou seja: nesta aventura existem regras para bem-viver.<\/p>\n<p style=\"text-align: justify;\">\u00a0\u00a0\u00a0\u00a0\u00a0\u00a0\u00a0\u00a0\u00a0\u00a0\u00a0 Toda e qualquer religi\u00e3o tem l\u00e1 seus par\u00e2metros existencialistas. Mesmo fora dos princ\u00edpios religiosos, h\u00e1 tamb\u00e9m os princ\u00edpios morais ou sociais, que balizam a exist\u00eancia humana, mostrando ao indiv\u00edduo como chegar l\u00e1 de maneira limpa, honesta, sem ultrapassar as normas b\u00e1sicas duma vida sensata ou ao menos coerente com a \u00e9tica e seus valores b\u00e1sicos. Cada qual no seu quadrado, a regra tem em comum uma \u00fanica exig\u00eancia: respeito aos semelhantes. Eis aqui o mais puro dos valores humanos.<\/p>\n<p style=\"text-align: justify;\">\u00a0\u00a0\u00a0\u00a0\u00a0\u00a0\u00a0\u00a0\u00a0\u00a0\u00a0 Mas como seria a orienta\u00e7\u00e3o crist\u00e3 para melhor participa\u00e7\u00e3o nossa nessa aventura? S\u00e3o Paulo, o pregador dos dois lados, pois tamb\u00e9m foi um excelente doutrinador do paganismo, um dia nos escreveu: \u201cDeus escolheu o que o mundo considera est\u00fapido , para assim confundir os s\u00e1bios\u201d (1Cor 1,27). Bem o disse aquele que um dia caiu do cavalo com todas as suas teorias e dogmas de vida. O mais est\u00fapido dos c\u00f3digos de conduta na vida era destinado aos seguidores de Jesus. Segundo Mateus, esse c\u00f3digo se resume em nove regrinhas bem contradit\u00f3rias com os princ\u00edpios do mundo. Sen\u00e3o vejamos:<\/p>\n<p style=\"text-align: justify;\">\u00a0\u00a0\u00a0\u00a0\u00a0\u00a0\u00a0\u00a0\u00a0\u00a0\u00a0 Jesus come\u00e7a exaltando os pobres, os exclu\u00eddos e marginalizados que, no pensar e no dizer da sociedade, s\u00e3o os castigados em vida por n\u00e3o possu\u00edrem as benesses dos prazeres advindos da riqueza. Esses, sim, s\u00e3o os bem-aventurados, os privilegiados, os primeiros a chegar no Reino dos C\u00e9us. Mas al\u00e9m do fator pobreza, que se estende aos desapegados e m\u00edsticos\u00a0 capazes de uma vida de simplicidade, h\u00e1 tamb\u00e9m os que se afligem neste vale de l\u00e1grimas e anseiam por transpor seus umbrais na esperan\u00e7a de uma vida diferente. Este \u00e9 o segundo grupo de bem-aventurados na f\u00e9 crist\u00e3.<\/p>\n<p style=\"text-align: justify;\">\u00a0\u00a0\u00a0\u00a0\u00a0\u00a0\u00a0\u00a0\u00a0\u00a0\u00a0 Aos mansos, aqueles que vivem um dia ap\u00f3s o outro dando gra\u00e7as e louvores pelo privil\u00e9gio puro e simples de aqui estar, aos puros de cora\u00e7\u00e3o e alegres com o pouco ou muito que pensam receber, est\u00e1 confiada a posse da terra, isto \u00e9, saber\u00e3o conduzir suas vidas sem o apego do ego\u00edsmo ou da autolatria que sufoca a muitos. \u00c0queles que clamam e lutam pela igualdade de direitos, pela justi\u00e7a sem parcialidades, por saciar essa fome e sede t\u00e3o natural entre os que buscam um mundo novo, est\u00e1 prometida uma saciedade completa. \u00c9 a quarta categoria dos agraciados pela esperan\u00e7a crist\u00e3.<\/p>\n<p style=\"text-align: justify;\">\u00a0\u00a0\u00a0\u00a0\u00a0\u00a0\u00a0\u00a0\u00a0\u00a0\u00a0 Por\u00e9m ao grupo daqueles que olham o mundo com o olhar misericordioso de Deus a promessa \u00e9 simplesmente rec\u00edproca: alcan\u00e7ar\u00e3o miseric\u00f3rdia. Tal qual os puros de cora\u00e7\u00e3o, os que se deixam conduzir pelos impulsos de uma alma em sintonia com o cora\u00e7\u00e3o de Deus. Estes contemplar\u00e3o o rosto do Pai. Igualmente os benditos promotores da paz no mundo em constante conflito, em luta permanente com interesses e guerras pessoais e contr\u00e1rios ao belicismo das na\u00e7\u00f5es que pensam dominar o mundo. Neste grupo se inserem os que s\u00e3o perseguidos por sonharem e lutarem pela justi\u00e7a n\u00e3o dos homens, mas de Deus.<\/p>\n<p style=\"text-align: justify;\">\u00a0\u00a0\u00a0\u00a0\u00a0\u00a0\u00a0\u00a0\u00a0\u00a0\u00a0 Por \u00faltimo, os crist\u00e3os perseguidos. Neste grupo estamos todos, se \u00e9 que nossa f\u00e9 se enquadra nas oito circunst\u00e2ncias acima descritas. Se assim o for, seremos perseguidos e injuriados. Se n\u00e3o, desconfie do seu cristianismo.<\/p>\n","protected":false},"excerpt":{"rendered":"<p>\u00a0\u00a0\u00a0\u00a0\u00a0\u00a0\u00a0\u00a0\u00a0\u00a0\u00a0 Que a vida \u00e9 uma grande aventura n\u00e3o \u00e9 preciso dizer. Ela sempre nos diz isso, desde seu in\u00edcio at\u00e9 seu derradeiro dia. Vivemos uma grande aventura neste mundo de Deus. Com princ\u00edpio, meio e fim, mas sem dia, nem hora marcada para se chegar ao ponto final, ao objetivo que nos faz participar [&hellip;]<\/p>\n","protected":false},"author":17,"featured_media":55826,"comment_status":"open","ping_status":"closed","sticky":false,"template":"","format":"standard","meta":{"footnotes":""},"categories":[9],"tags":[],"class_list":["post-79181","post","type-post","status-publish","format-standard","has-post-thumbnail","hentry","category-artigos"],"_links":{"self":[{"href":"https:\/\/catolicanet.net\/wp-cnet\/wp-json\/wp\/v2\/posts\/79181","targetHints":{"allow":["GET"]}}],"collection":[{"href":"https:\/\/catolicanet.net\/wp-cnet\/wp-json\/wp\/v2\/posts"}],"about":[{"href":"https:\/\/catolicanet.net\/wp-cnet\/wp-json\/wp\/v2\/types\/post"}],"author":[{"embeddable":true,"href":"https:\/\/catolicanet.net\/wp-cnet\/wp-json\/wp\/v2\/users\/17"}],"replies":[{"embeddable":true,"href":"https:\/\/catolicanet.net\/wp-cnet\/wp-json\/wp\/v2\/comments?post=79181"}],"version-history":[{"count":1,"href":"https:\/\/catolicanet.net\/wp-cnet\/wp-json\/wp\/v2\/posts\/79181\/revisions"}],"predecessor-version":[{"id":79182,"href":"https:\/\/catolicanet.net\/wp-cnet\/wp-json\/wp\/v2\/posts\/79181\/revisions\/79182"}],"wp:featuredmedia":[{"embeddable":true,"href":"https:\/\/catolicanet.net\/wp-cnet\/wp-json\/wp\/v2\/media\/55826"}],"wp:attachment":[{"href":"https:\/\/catolicanet.net\/wp-cnet\/wp-json\/wp\/v2\/media?parent=79181"}],"wp:term":[{"taxonomy":"category","embeddable":true,"href":"https:\/\/catolicanet.net\/wp-cnet\/wp-json\/wp\/v2\/categories?post=79181"},{"taxonomy":"post_tag","embeddable":true,"href":"https:\/\/catolicanet.net\/wp-cnet\/wp-json\/wp\/v2\/tags?post=79181"}],"curies":[{"name":"wp","href":"https:\/\/api.w.org\/{rel}","templated":true}]}}