{"id":79107,"date":"2023-01-20T14:13:58","date_gmt":"2023-01-20T17:13:58","guid":{"rendered":"https:\/\/catolicanet.net\/wp-cnet\/?p=79107"},"modified":"2023-01-26T14:20:17","modified_gmt":"2023-01-26T17:20:17","slug":"complexo-de-herostrato-sentimento-de-inferioridade","status":"publish","type":"post","link":"https:\/\/catolicanet.net\/wp-cnet\/complexo-de-herostrato-sentimento-de-inferioridade\/","title":{"rendered":"Complexo de Her\u00f3strato &#8211; Sentimento de Inferioridade"},"content":{"rendered":"<p><img loading=\"lazy\" decoding=\"async\" class=\"aligncenter wp-image-79108 size-full\" src=\"https:\/\/catolicanet.net\/wp-cnet\/wp-content\/uploads\/2023\/01\/2.png\" alt=\"\" width=\"552\" height=\"764\" srcset=\"https:\/\/catolicanet.net\/wp-cnet\/wp-content\/uploads\/2023\/01\/2.png 552w, https:\/\/catolicanet.net\/wp-cnet\/wp-content\/uploads\/2023\/01\/2-217x300.png 217w, https:\/\/catolicanet.net\/wp-cnet\/wp-content\/uploads\/2023\/01\/2-303x420.png 303w\" sizes=\"auto, (max-width: 552px) 100vw, 552px\" \/><\/p>\n<p style=\"text-align: justify;\">O templo de \u00c1rtemis era uma das sete maravilhas do mundo antigo, que tanto impressionou o autor da famosa lista, Ant\u00edpatro de S\u00eddon: &#8220;Pousei meus olhos sobre a muralha da doce Babil\u00f4nia, que \u00e9 uma cal\u00e7ada para carruagens, e a est\u00e1tua de Zeus do Alfeu, e os jardins suspensos, e o Colosso de H\u00e9lios, e a enorme obra das altas Pir\u00e2mides, e a vasta tumba de Mausolo; mas quando eu vi a casa de \u00c1rtemis, ali entre as nuvens, aquelas outras maravilhas perderam seu brilho, e eu disse: &#8216;al\u00e9m do Olimpo, o Sol nunca viu nada t\u00e3o grandioso&#8221;.<\/p>\n<p style=\"text-align: justify;\">Al\u00e9m dos seus prop\u00f3sitos religiosos, a constru\u00e7\u00e3o era um \u00edm\u00e3 que atra\u00eda turistas, comerciantes e at\u00e9 reis que faziam homenagens \u00e0 deusa oferecendo diversas j\u00f3ias e outros tesouros. Servia tamb\u00e9m como uma esp\u00e9cie de santu\u00e1rio a foragidos, porque ningu\u00e9m se atreveria a fazer algo que pudesse profanar o templo.<\/p>\n<p style=\"text-align: justify;\">Mas na noite de 21 de julho de 356 a.C. ocorreu uma cat\u00e1strofe. Um homem chamado Her\u00f3strato queimou deliberadamente o templo que havia levado um s\u00e9culo para ser constru\u00eddo. Foi uma trag\u00e9dia. Em uma noite, tudo o que existia de madeira\u2014 o teto, as escadas, as portas, os m\u00f3veis e a adorada imagem de \u00c1rtemis\u2014 ardeu nas chamas e apareceu reduzido a cinzas na manh\u00e3 seguinte.<\/p>\n<p style=\"text-align: justify;\">Tudo o que restou do templo que havia sido o mais magn\u00edfico da Gr\u00e9cia foram colunas esfuma\u00e7adas, enegrecidas e arruinadas. Her\u00f3strato foi rapidamente preso e confessou que havia incendiado o santu\u00e1rio para que, &#8220;por meio da destrui\u00e7\u00e3o dessa constru\u00e7\u00e3o t\u00e3o bela, seu nome fosse difundido por todo o mundo&#8221;, segundo relato de Val\u00e9rio M\u00e1ximo, autor da cole\u00e7\u00e3o Feitos e ditos memor\u00e1veis. Por causa desse ato infame, Her\u00f3strato foi torturado e executado.<\/p>\n<p style=\"text-align: justify;\">Her\u00f3strato decidiu incendiar o tempo de \u00c1rtemis de \u00c9feso com o \u00fanico intuito de ganhar fama com isso. Her\u00f3strato alcan\u00e7ou seu objetivo, conseguiu a fama garantida, tendo o nome citado em obras de literatura e hist\u00f3ria. No poema on\u00edrico inacabado &#8220;A casa da fama&#8221;, de Geoffrey Chaucer, do s\u00e9culo 14, Her\u00f3strato aparece apresentando seu caso \u00e0 musa Cal\u00edope, que escuta suas s\u00faplicas no tribunal da fama.<\/p>\n<p style=\"text-align: justify;\">E Her\u00f3strato n\u00e3o segue vivo apenas no mundo da mitologia, mas tamb\u00e9m no campo da ci\u00eancia. \u00c9 abordado cientificamente pela psican\u00e1lise, psicologia e psiquiatria. O &#8220;Complexo de Her\u00f3strato&#8221; \u00e9 um termo utilizado na psiquiatria moderna para pessoas que sofrem de \u201csentimento de inferioridade\u201d, mas que \u201cdesejam se sobressair a qualquer custo\u201d.<\/p>\n<p style=\"text-align: justify;\">Para alcan\u00e7ar esse fim, recorrem a a\u00e7\u00f5es agressivas, atos terroristas, destruir reputa\u00e7\u00e3o, como destruir objetos de arte, patrim\u00f4nios p\u00fablicos, objetos socialmente \u00fateis, torturam e matam animais ou pessoas.<\/p>\n<p style=\"text-align: justify;\">As caracter\u00edsticas doentias do Complexo de Her\u00f3strato s\u00e3o: obsess\u00e3o pela fama, ser o centro das aten\u00e7\u00f5es, de qualquer forma positiva ou negativa, baixa autoestima, atitudes inconsequentes de um inconsciente traumatizado, conduta agressiva, antissocial, prepotente e incompetente.<\/p>\n<p style=\"text-align: justify;\">O Complexo de Her\u00f3strato deixou um legado maldito, doentio, malicioso, destruidor, fan\u00e1tico, intolerante, desrespeitoso, traidor, cism\u00e1tico e a espetaculariza\u00e7\u00e3o da m\u00e1 fama. Pela idolatria de ficar famoso, vende-se a alma, faz qualquer neg\u00f3cio pela fama. Esse egocentrismo n\u00e3o teme a pr\u00f3pria autodestrui\u00e7\u00e3o e a destrui\u00e7\u00e3o dos outros.<\/p>\n<p style=\"text-align: justify;\">Prof. Dr. In\u00e1cio Jos\u00e9 do Vale, Psicanalista Cl\u00ednico, PhD.<\/p>\n<p style=\"text-align: justify;\">Especialista em Psicologia Cl\u00ednica pela Faculdade Dom Alberto-RS.<\/p>\n<p style=\"text-align: justify;\">Especialista em Psicologia da Sa\u00fade pela Faculdade de Administra\u00e7\u00e3o, Ci\u00eancias e Educa\u00e7\u00e3o-MG.<\/p>\n<p style=\"text-align: justify;\">Doutorado em Psican\u00e1lise pelo Phoenix Instituto da Fl\u00f3rida-EUA.<\/p>\n<p style=\"text-align: justify;\">Doutorado em Psican\u00e1lise Cl\u00ednica pela Escola de Psican\u00e1lise da Sociedade Brasileira de Psican\u00e1lise Contempor\u00e2nea. Rio de Janeiro-RJ. Cadastrada na Organiza\u00e7\u00e3o das Na\u00e7\u00f5es Unidas \u2013 (ONU).<\/p>\n<p style=\"text-align: justify;\"><strong>Autor do livro Terapia Psicanal\u00edtica: Demolindo a Ansiedade, a Depress\u00e3o e a Posse da Sa\u00fade F\u00edsica e Psicol\u00f3gica\u00a0 <\/strong><strong>\u00a0<\/strong><\/p>\n<p style=\"text-align: justify;\">Fontes:<\/p>\n<p style=\"text-align: justify;\"><a href=\"https:\/\/www.bbc.com\/portuguese\/geral-57982686\">https:\/\/www.bbc.com\/portuguese\/geral-57982686<\/a><\/p>\n<p style=\"text-align: justify;\"><a href=\"https:\/\/amenteemaravilhosa.com.br\/complexo-de-herostrato\/\">https:\/\/amenteemaravilhosa.com.br\/complexo-de-herostrato\/<\/a><\/p>\n<p style=\"text-align: justify;\"><a href=\"https:\/\/br.mundopsicologos.com\/artigos\/complexo-de-inferioridade-principais-sintomas-e-como-trata-los\">https:\/\/br.mundopsicologos.com\/artigos\/complexo-de-inferioridade-principais-sintomas-e-como-trata-los<\/a><\/p>\n","protected":false},"excerpt":{"rendered":"<p>O templo de \u00c1rtemis era uma das sete maravilhas do mundo antigo, que tanto impressionou o autor da famosa lista, Ant\u00edpatro de S\u00eddon: &#8220;Pousei meus olhos sobre a muralha da doce Babil\u00f4nia, que \u00e9 uma cal\u00e7ada para carruagens, e a est\u00e1tua de Zeus do Alfeu, e os jardins suspensos, e o Colosso de H\u00e9lios, e [&hellip;]<\/p>\n","protected":false},"author":16,"featured_media":55822,"comment_status":"open","ping_status":"closed","sticky":false,"template":"","format":"standard","meta":{"footnotes":""},"categories":[9],"tags":[],"class_list":["post-79107","post","type-post","status-publish","format-standard","has-post-thumbnail","hentry","category-artigos"],"_links":{"self":[{"href":"https:\/\/catolicanet.net\/wp-cnet\/wp-json\/wp\/v2\/posts\/79107","targetHints":{"allow":["GET"]}}],"collection":[{"href":"https:\/\/catolicanet.net\/wp-cnet\/wp-json\/wp\/v2\/posts"}],"about":[{"href":"https:\/\/catolicanet.net\/wp-cnet\/wp-json\/wp\/v2\/types\/post"}],"author":[{"embeddable":true,"href":"https:\/\/catolicanet.net\/wp-cnet\/wp-json\/wp\/v2\/users\/16"}],"replies":[{"embeddable":true,"href":"https:\/\/catolicanet.net\/wp-cnet\/wp-json\/wp\/v2\/comments?post=79107"}],"version-history":[{"count":1,"href":"https:\/\/catolicanet.net\/wp-cnet\/wp-json\/wp\/v2\/posts\/79107\/revisions"}],"predecessor-version":[{"id":79109,"href":"https:\/\/catolicanet.net\/wp-cnet\/wp-json\/wp\/v2\/posts\/79107\/revisions\/79109"}],"wp:featuredmedia":[{"embeddable":true,"href":"https:\/\/catolicanet.net\/wp-cnet\/wp-json\/wp\/v2\/media\/55822"}],"wp:attachment":[{"href":"https:\/\/catolicanet.net\/wp-cnet\/wp-json\/wp\/v2\/media?parent=79107"}],"wp:term":[{"taxonomy":"category","embeddable":true,"href":"https:\/\/catolicanet.net\/wp-cnet\/wp-json\/wp\/v2\/categories?post=79107"},{"taxonomy":"post_tag","embeddable":true,"href":"https:\/\/catolicanet.net\/wp-cnet\/wp-json\/wp\/v2\/tags?post=79107"}],"curies":[{"name":"wp","href":"https:\/\/api.w.org\/{rel}","templated":true}]}}