{"id":79021,"date":"2023-01-24T09:50:52","date_gmt":"2023-01-24T12:50:52","guid":{"rendered":"https:\/\/catolicanet.net\/wp-cnet\/?p=79021"},"modified":"2023-01-24T15:00:37","modified_gmt":"2023-01-24T18:00:37","slug":"misterio-de-nossa-senhora-de-cabeca-para-baixo-intriga-cidade-turistica-do-brasil","status":"publish","type":"post","link":"https:\/\/catolicanet.net\/wp-cnet\/misterio-de-nossa-senhora-de-cabeca-para-baixo-intriga-cidade-turistica-do-brasil\/","title":{"rendered":"Mist\u00e9rio de Nossa Senhora de cabe\u00e7a para baixo intriga cidade tur\u00edstica do Brasil"},"content":{"rendered":"<p style=\"text-align: justify;\">Em Ouro Preto, MG, a imagem de Nossa Senhora em um orat\u00f3rio intrigou moradores e visitantes<\/p>\n<h2 class=\"subtitle\" style=\"text-align: justify;\">Supersti\u00e7\u00e3o? Protesto? Desrespeito? O que teria acontecido?<\/h2>\n<p style=\"text-align: justify;\">Ouro Preto \u00e9 um importante destino tur\u00edstico brasileiro. Localizado no estado de Minas Gerais, o munic\u00edpio atrai visitantes por causa do seu importante patrim\u00f4nio art\u00edstico, hist\u00f3rico e cultural.<\/p>\n<p style=\"text-align: justify;\">Pela cidade, chamam a aten\u00e7\u00e3o os casar\u00f5es centen\u00e1rios, as pontes, pra\u00e7as e igrejas em estilo barroco. Tudo foi constru\u00eddo por artistas e escravos na \u00e9poca do Ciclo do Ouro no Brasil.<\/p>\n<p style=\"text-align: justify;\">Muitos desses casar\u00f5es contam com pequenos orat\u00f3rios particulares em suas fachadas. O costume antigo teria sido autorizado pela Igreja Cat\u00f3lica e a ideia, como informa um cartaz, era \u201cacalmar o pavor que dominou a popula\u00e7\u00e3o de Vila Rica no in\u00edcio do s\u00e9culo 18. Vultos sinistros encapuzados, que desciam os morros \u00e0 noite para cometer assaltos e roubos, eram confundidos com fantasmas pelos moradores de Vila Rica\u201d.<\/p>\n<p style=\"text-align: justify;\">Um desses orat\u00f3rios, que fica na esquina das ruas\u00a0<a href=\"https:\/\/www.tripadvisor.com.br\/Attraction_Review-g303389-d7297004-Reviews-Oratorio_Nossa_Senhora_do_Bonsucesso-Ouro_Preto_State_of_Minas_Gerais.html\" target=\"_blank\" rel=\"noopener\">Bernardo Vasconcelos e dos Paulistas<\/a>, resistiu ao tempo e virou ponto tur\u00edstico. Diante do nicho de vidro dedicado a Nossa Senhora do Bonsucesso, muitos visitantes fazem suas ora\u00e7\u00f5es ou apenas tiram fotos.<\/p>\n<div class=\"wp-block-aleteia-heading3\" style=\"text-align: justify;\">\n<h3>O mist\u00e9rio da imagem de cabe\u00e7a para baixo<\/h3>\n<\/div>\n<p style=\"text-align: justify;\">Recentemente, entretanto, esse orat\u00f3rio virou alvo de um mist\u00e9rio que tomou conta da cidade de Ouro Preto. A est\u00e1tua de Nossa Senhora do Ros\u00e1rio que ficava no nicho da fachada do tal casar\u00e3o simplesmente apareceu de cabe\u00e7a para baixo.<\/p>\n<p style=\"text-align: justify;\">A not\u00edcia logo correu pela cidade e intrigou at\u00e9 os visitantes. Seria algum tipo de supersti\u00e7\u00e3o ou promessa, como costumam fazer com o\u00a0<a href=\"https:\/\/pt.aleteia.org\/2022\/06\/13\/nao-coloque-santo-antonio-de-cabeca-para-baixo\/\" target=\"_self\" rel=\"noopener\">coitado do Santo Ant\u00f4nio<\/a>?<\/p>\n<p style=\"text-align: justify;\">Alguns moradores, inclusive, chegaram a pensar que era uma forma de protesto contra o resultado das \u00faltimas elei\u00e7\u00f5es no Brasil.<\/p>\n<p style=\"text-align: justify;\">Todos, entretanto, concordaram que deixar a imagem de cabe\u00e7a para baixo era um desrespeito com Nossa Senhora.<\/p>\n<div class=\"wp-block-aleteia-heading3\" style=\"text-align: justify;\">\n<h3>Mist\u00e9rio desvendado<\/h3>\n<\/div>\n<p style=\"text-align: justify;\">Depois de alguns dias no ar, o mist\u00e9rio foi desvendado. O jornal \u201c<a href=\"https:\/\/www.em.com.br\/app\/noticia\/gerais\/2023\/01\/23\/interna_gerais,1447902\/misterio-desfeito-saiba-por-que-a-santa-estava-de-cabeca-para-baixo.shtml\" target=\"_blank\" rel=\"noopener\">Estado de Minas<\/a>\u201d localizou o propriet\u00e1rio do casar\u00e3o e ele explicou que a imagem de Nossa Senhora sofreu um pequeno acidente durante a descupiniza\u00e7\u00e3o que ele est\u00e1 fazendo no im\u00f3vel.<\/p>\n<p style=\"text-align: justify;\">\u201cAqui em Ouro Preto est\u00e1 uma situa\u00e7\u00e3o horr\u00edvel de cupins, e temos que matar os insetos, pois as casas s\u00e3o antigas. Ao jogar o produto qu\u00edmico no orat\u00f3rio, o suporte da imagem, tamb\u00e9m de madeira, virou, e a santa caiu. Foi isso que aconteceu\u201d, esclareceu Frederico Lamounier Ferrari, que mora no casar\u00e3o com a m\u00e3e.<\/p>\n<p style=\"text-align: justify;\">O propriet\u00e1rio ainda informou que retirou a imagem de Nossa Senhora do Ros\u00e1rio do orat\u00f3rio, pois ela sofreu alguns arranh\u00f5es. No lugar dela, ele colocou uma est\u00e1tua do s\u00e9culo 18 de Nossa Senhora do Bonsucesso, para a qual o nicho fora originalmente constru\u00eddo. Esta \u00faltima imagem foi retirada do orat\u00f3rio h\u00e1 oito anos, depois que v\u00e2ndalos o depredaram.<\/p>\n<p style=\"text-align: justify;\">A volta da imagem original agradou os moradores.<\/p>\n<figure class=\"wp-block-embed is-type-rich is-provider-instagram wp-block-embed-instagram\" style=\"text-align: justify;\" data-original=\"false\">\n<div class=\"wp-block-embed__wrapper\"><iframe id=\"instagram-embed-0\" class=\"instagram-media css-1nvz6g instagram-media-rendered\" src=\"https:\/\/www.instagram.com\/p\/CnwVEGKMr4y\/embed\/?cr=1&amp;v=14&amp;wp=617&amp;rd=https%3A%2F%2Fpt.aleteia.org&amp;rp=%2F2023%2F01%2F24%2Fmisterio-de-nossa-senhora-de-cabeca-para-baixo-intriga-cidade-turistica-do-brasil%2F#%7B%22ci%22%3A0%2C%22os%22%3A35772.59999999404%7D\" height=\"978\" frameborder=\"0\" scrolling=\"no\" allowfullscreen=\"allowfullscreen\" data-instgrm-payload-id=\"instagram-media-payload-0\" data-mce-fragment=\"1\"><\/iframe>&nbsp;<\/p>\n<\/div>\n<p>Especialistas em arquitetura afirmam que Ouro Preto j\u00e1 chegou a ter 14 casar\u00f5es com orat\u00f3rios nas fachadas, mas hoje restaram apenas tr\u00eas no centro hist\u00f3rico do munic\u00edpio, que \u00e9 tombado pelo Instituto do Patrim\u00f4nio Hist\u00f3rico e Art\u00edstico Nacional (Iphan).<\/p>\n<div class=\"wp-block-aleteia-heading3\">\n<h3>Respeito \u00e0s imagens sacras<\/h3>\n<\/div>\n<p>As imagens sacras t\u00eam grande import\u00e2ncia e valor para os cat\u00f3licos. Por isso, merecem todo o respeito, pois, como afirma o\u00a0<a href=\"https:\/\/www.vatican.va\/archive\/cathechism_po\/index_new\/p3s2cap1_2083-2195_po.html\" target=\"_blank\" rel=\"noopener\">Catecismo da Igreja Cat\u00f3lica<\/a>:<\/p>\n<blockquote class=\"wp-block-quote\"><p>\u201cA honra prestada a uma imagem remonta ao modelo original\u201d e \u201cquem venera uma imagem venera nela a pessoa representada\u201d.<\/p>\n<p><cite>CIC 2132<\/cite><\/p><\/blockquote>\n<\/figure>\n","protected":false},"excerpt":{"rendered":"<p>Em Ouro Preto, MG, a imagem de Nossa Senhora em um orat\u00f3rio intrigou moradores e visitantes Supersti\u00e7\u00e3o? Protesto? Desrespeito? O que teria acontecido? Ouro Preto \u00e9 um importante destino tur\u00edstico brasileiro. Localizado no estado de Minas Gerais, o munic\u00edpio atrai visitantes por causa do seu importante patrim\u00f4nio art\u00edstico, hist\u00f3rico e cultural. Pela cidade, chamam a [&hellip;]<\/p>\n","protected":false},"author":1,"featured_media":79022,"comment_status":"open","ping_status":"closed","sticky":false,"template":"","format":"standard","meta":{"footnotes":""},"categories":[4,13],"tags":[],"class_list":["post-79021","post","type-post","status-publish","format-standard","has-post-thumbnail","hentry","category-cotidiano","category-featured"],"_links":{"self":[{"href":"https:\/\/catolicanet.net\/wp-cnet\/wp-json\/wp\/v2\/posts\/79021","targetHints":{"allow":["GET"]}}],"collection":[{"href":"https:\/\/catolicanet.net\/wp-cnet\/wp-json\/wp\/v2\/posts"}],"about":[{"href":"https:\/\/catolicanet.net\/wp-cnet\/wp-json\/wp\/v2\/types\/post"}],"author":[{"embeddable":true,"href":"https:\/\/catolicanet.net\/wp-cnet\/wp-json\/wp\/v2\/users\/1"}],"replies":[{"embeddable":true,"href":"https:\/\/catolicanet.net\/wp-cnet\/wp-json\/wp\/v2\/comments?post=79021"}],"version-history":[{"count":1,"href":"https:\/\/catolicanet.net\/wp-cnet\/wp-json\/wp\/v2\/posts\/79021\/revisions"}],"predecessor-version":[{"id":79023,"href":"https:\/\/catolicanet.net\/wp-cnet\/wp-json\/wp\/v2\/posts\/79021\/revisions\/79023"}],"wp:featuredmedia":[{"embeddable":true,"href":"https:\/\/catolicanet.net\/wp-cnet\/wp-json\/wp\/v2\/media\/79022"}],"wp:attachment":[{"href":"https:\/\/catolicanet.net\/wp-cnet\/wp-json\/wp\/v2\/media?parent=79021"}],"wp:term":[{"taxonomy":"category","embeddable":true,"href":"https:\/\/catolicanet.net\/wp-cnet\/wp-json\/wp\/v2\/categories?post=79021"},{"taxonomy":"post_tag","embeddable":true,"href":"https:\/\/catolicanet.net\/wp-cnet\/wp-json\/wp\/v2\/tags?post=79021"}],"curies":[{"name":"wp","href":"https:\/\/api.w.org\/{rel}","templated":true}]}}