{"id":79009,"date":"2023-01-24T09:36:23","date_gmt":"2023-01-24T12:36:23","guid":{"rendered":"https:\/\/catolicanet.net\/wp-cnet\/?p=79009"},"modified":"2023-01-24T14:38:57","modified_gmt":"2023-01-24T17:38:57","slug":"edicoes-cnbb-publica-carta-apostolica-por-ocasiao-do-iv-centenario-da-morte-de-sao-francisco-de-sales","status":"publish","type":"post","link":"https:\/\/catolicanet.net\/wp-cnet\/edicoes-cnbb-publica-carta-apostolica-por-ocasiao-do-iv-centenario-da-morte-de-sao-francisco-de-sales\/","title":{"rendered":"EDI\u00c7\u00d5ES CNBB PUBLICA CARTA APOST\u00d3LICA POR OCASI\u00c3O DO IV CENTEN\u00c1RIO DA MORTE DE S\u00c3O FRANCISCO DE SALES"},"content":{"rendered":"<p style=\"text-align: justify;\">A Editora da CNBB, Edi\u00e7\u00f5es CNBB, publicou recentemente a\u00a0<a href=\"https:\/\/www.edicoescnbb.com.br\/carta-apostolica-totum-amoris-est-no-iv-centenario-da-morte-de-sao-francisco-de-sales-documentos-pontificios-54\" target=\"_blank\" rel=\"noopener\">Carta Apost\u00f3lica do Papa Francisco<\/a>\u00a0por ocasi\u00e3o do IV centen\u00e1rio da morte de S\u00e3o Francisco de Sales. Na publica\u00e7\u00e3o, o Sumo Pont\u00edfice prop\u00f5e-se a refletir sobre o legado espiritual do Santo Bispo de Genebra, sintetizado na frase titular da Carta: \u201cTotum Amoris est\u201d, em portugu\u00eas: \u201cTudo pertence ao Amor\u201d.<\/p>\n<p style=\"text-align: justify;\"><img loading=\"lazy\" decoding=\"async\" class=\"size-medium wp-image-936489 alignright\" src=\"https:\/\/eadn-wc02-718006.nxedge.io\/cdn\/wp-content\/uploads\/2023\/01\/Totum-300x252.jpg\" sizes=\"auto, (max-width: 300px) 100vw, 300px\" srcset=\"https:\/\/eadn-wc02-718006.nxedge.io\/cdn\/wp-content\/uploads\/2023\/01\/Totum-300x252.jpg 300w, https:\/\/eadn-wc02-718006.nxedge.io\/cdn\/wp-content\/uploads\/2023\/01\/Totum-500x421.jpg 500w, https:\/\/eadn-wc02-718006.nxedge.io\/cdn\/wp-content\/uploads\/2023\/01\/Totum.jpg 567w\" alt=\"\" width=\"300\" height=\"252\" \/><\/p>\n<p style=\"text-align: justify;\">Na passagem do quarto centen\u00e1rio da morte de S\u00e3o Francisco de Sales, o Papa Francisco se interrogou sobre o legado de S\u00e3o Francisco de Sales para a atual \u00e9poca.<\/p>\n<p style=\"text-align: justify;\">Na ocasi\u00e3o, o Papa achou sua flexibilidade e capacidade de vis\u00e3o esclarecedoras. Em parte, por dom de Deus, em parte, pela \u00edndole pessoal, mas tamb\u00e9m pela tenacidade com que se debru\u00e7ava sobre a vida di\u00e1ria concreta.<\/p>\n<blockquote><p>\u201cEle mesmo confessa nunca ter imaginado reconhecer nisso uma oportunidade para o an\u00fancio do Evangelho. A Palavra, que tinha amado desde a sua juventude, era capaz de abrir caminhos, desvendando novos e imprevis\u00edveis horizontes, em um mundo em r\u00e1pida transi\u00e7\u00e3o\u201d, diz o Papa na Carta.<\/p><\/blockquote>\n<p style=\"text-align: justify;\">Para o Papa, S\u00e3o Francisco de Sales convida-nos a sair da preocupa\u00e7\u00e3o excessiva conosco, com as estruturas, com a imagem social, perguntando-nos antes quais s\u00e3o as necessidades concretas e as expectativas espirituais do povo. \u201cAssim, \u00e9 importante nos dias de hoje, reler algumas das suas escolhas cruciais, para habitar por dentro a mudan\u00e7a com sabedoria evang\u00e9lica\u201d, comenta o Papa.<\/p>\n<blockquote><p>\u201cQue a passagem do IV centen\u00e1rio do seu nascimento para o C\u00e9u nos ajude a record\u00e1-lo devotamente e que o Senhor, por sua intercess\u00e3o, derrame abundantemente os dons do Esp\u00edrito no caminho do santo povo fiel de Deus\u201d.<\/p><\/blockquote>\n<p style=\"text-align: justify;\">A Carta Apost\u00f3lica do Papa est\u00e1 dispon\u00edvel, para compra, no site da Edi\u00e7\u00f5es CNBB (<a href=\"https:\/\/www.edicoescnbb.com.br\/carta-apostolica-totum-amoris-est-no-iv-centenario-da-morte-de-sao-francisco-de-sales-documentos-pontificios-54\" target=\"_blank\" rel=\"noopener\">aqui<\/a>).<\/p>\n","protected":false},"excerpt":{"rendered":"<p>A Editora da CNBB, Edi\u00e7\u00f5es CNBB, publicou recentemente a\u00a0Carta Apost\u00f3lica do Papa Francisco\u00a0por ocasi\u00e3o do IV centen\u00e1rio da morte de S\u00e3o Francisco de Sales. Na publica\u00e7\u00e3o, o Sumo Pont\u00edfice prop\u00f5e-se a refletir sobre o legado espiritual do Santo Bispo de Genebra, sintetizado na frase titular da Carta: \u201cTotum Amoris est\u201d, em portugu\u00eas: \u201cTudo pertence ao [&hellip;]<\/p>\n","protected":false},"author":1,"featured_media":79010,"comment_status":"open","ping_status":"closed","sticky":false,"template":"","format":"standard","meta":{"footnotes":""},"categories":[7,13],"tags":[],"class_list":["post-79009","post","type-post","status-publish","format-standard","has-post-thumbnail","hentry","category-cnbb","category-featured"],"_links":{"self":[{"href":"https:\/\/catolicanet.net\/wp-cnet\/wp-json\/wp\/v2\/posts\/79009","targetHints":{"allow":["GET"]}}],"collection":[{"href":"https:\/\/catolicanet.net\/wp-cnet\/wp-json\/wp\/v2\/posts"}],"about":[{"href":"https:\/\/catolicanet.net\/wp-cnet\/wp-json\/wp\/v2\/types\/post"}],"author":[{"embeddable":true,"href":"https:\/\/catolicanet.net\/wp-cnet\/wp-json\/wp\/v2\/users\/1"}],"replies":[{"embeddable":true,"href":"https:\/\/catolicanet.net\/wp-cnet\/wp-json\/wp\/v2\/comments?post=79009"}],"version-history":[{"count":1,"href":"https:\/\/catolicanet.net\/wp-cnet\/wp-json\/wp\/v2\/posts\/79009\/revisions"}],"predecessor-version":[{"id":79011,"href":"https:\/\/catolicanet.net\/wp-cnet\/wp-json\/wp\/v2\/posts\/79009\/revisions\/79011"}],"wp:featuredmedia":[{"embeddable":true,"href":"https:\/\/catolicanet.net\/wp-cnet\/wp-json\/wp\/v2\/media\/79010"}],"wp:attachment":[{"href":"https:\/\/catolicanet.net\/wp-cnet\/wp-json\/wp\/v2\/media?parent=79009"}],"wp:term":[{"taxonomy":"category","embeddable":true,"href":"https:\/\/catolicanet.net\/wp-cnet\/wp-json\/wp\/v2\/categories?post=79009"},{"taxonomy":"post_tag","embeddable":true,"href":"https:\/\/catolicanet.net\/wp-cnet\/wp-json\/wp\/v2\/tags?post=79009"}],"curies":[{"name":"wp","href":"https:\/\/api.w.org\/{rel}","templated":true}]}}