{"id":79006,"date":"2023-01-24T09:24:34","date_gmt":"2023-01-24T12:24:34","guid":{"rendered":"https:\/\/catolicanet.net\/wp-cnet\/?p=79006"},"modified":"2023-01-24T14:27:40","modified_gmt":"2023-01-24T17:27:40","slug":"irma-kanlaya-objetivo-ambiente-residuos-0-trafico-de-pessoas-0","status":"publish","type":"post","link":"https:\/\/catolicanet.net\/wp-cnet\/irma-kanlaya-objetivo-ambiente-residuos-0-trafico-de-pessoas-0\/","title":{"rendered":"Irm\u00e3 Kanlaya, objetivo: ambiente res\u00edduos 0, tr\u00e1fico de pessoas 0"},"content":{"rendered":"<div class=\"article__subTitle\" style=\"text-align: justify;\">No cora\u00e7\u00e3o de Bangcoc, uma religiosa inspirada por um monge budista est\u00e1 transformando uma escola numa estrutura de desperd\u00edcio zero. Ao mesmo tempo, oferece trabalho a refugiados que, de outra forma, estariam em risco do tr\u00e1fico de pessoas.<\/div>\n<div class=\"title__separator\" style=\"text-align: justify;\"><\/div>\n<div class=\"article__text \">\n<p style=\"text-align: justify;\"><b>Suor Bernadette Mary Reis, fsp<\/b><\/p>\n<p><iframe loading=\"lazy\" title=\"Irm\u00e3 Kanlaya, objetivo: ambiente res\u00edduos 0, tr\u00e1fico de pessoas 0\" width=\"696\" height=\"392\" src=\"https:\/\/www.youtube.com\/embed\/N_3auYnrFP4?feature=oembed\" frameborder=\"0\" allow=\"accelerometer; autoplay; clipboard-write; encrypted-media; gyroscope; picture-in-picture; web-share\" allowfullscreen><\/iframe><\/p>\n<p style=\"text-align: justify;\">Ap\u00f3s 50 anos de vida religiosa, irm\u00e3 Agnes Kanlaya Trisopa se lan\u00e7ou numa terra de miss\u00e3o completamente nova. H\u00e1 pouco mais de um ano, depois de concluir seu trabalho na forma\u00e7\u00e3o de jovens aspirantes \u00e0 vida religiosa, ela iniciou um projeto com duas finalidades a ela muito queridas: o cuidado da cria\u00e7\u00e3o e o tr\u00e1fico de pessoas.<\/p>\n<p style=\"text-align: justify;\">Irm\u00e3 Kanlaya pertence \u00e0s Irm\u00e3s do Sagrado Cora\u00e7\u00e3o de Jesus de Bangcoc, comunidade diocesana fundada em 1897. As irm\u00e3s exercem o minist\u00e9rio de catequistas, administradoras de escolas, professoras e outras atividades em n\u00edvel paroquial.<\/p>\n<h2 style=\"text-align: justify;\">Cidad\u00e3os ecol\u00f3gicos<\/h2>\n<p style=\"text-align: justify;\">Depois de ler a Enc\u00edclica Laudato si&#8217; do Papa Francisco, irm\u00e3 Kanlaya decidiu criar um sistema de gest\u00e3o para a coleta seletiva de lixo: culpa sobretudo do par\u00e1grafo 211, aquele que fala sobre \u00abcidadania ecol\u00f3gica\u00bb. \u201cEm seu documento, o Papa Francisco nos exorta a adotar comportamentos e virtudes persistentes em nossa vida cotidiana para cuidar do planeta, como cidad\u00e3os ecol\u00f3gicos. A coleta seletiva \u00e9 uma das op\u00e7\u00f5es sugeridas pelo Santo Padre\u201d, lembrou a irm\u00e3 Kanlaya.<\/p>\n<div style=\"text-align: justify;\">\n<div class=\"article__embed article__embed--unwrap article__embed--photo\">\n<figure><picture><img decoding=\"async\" class=\"loaded\" src=\"https:\/\/www.vaticannews.va\/content\/dam\/vaticannews\/multimedia\/2023\/01\/23\/WASTE2.jpg\/_jcr_content\/renditions\/cq5dam.thumbnail.cropped.750.422.jpeg\" alt=\"No cartaz, a liga\u00e7\u00e3o entre o cuidado da cria\u00e7\u00e3o e a gest\u00e3o da coleta seletiva\" data-original=\"\/content\/dam\/vaticannews\/multimedia\/2023\/01\/23\/WASTE2.jpg\/_jcr_content\/renditions\/cq5dam.thumbnail.cropped.750.422.jpeg\" data-was-processed=\"true\" \/><\/picture><\/figure>\n<div class=\"photo_embed--Title\">No cartaz, a liga\u00e7\u00e3o entre o cuidado da cria\u00e7\u00e3o e a gest\u00e3o da coleta seletiva<\/div>\n<\/div>\n<\/div>\n<h2 style=\"text-align: justify;\">Simbiose inter-religiosa<\/h2>\n<p style=\"text-align: justify;\">Mas, a forma concreta de proceder para a realiza\u00e7\u00e3o do seu sonho foi sugerida \u00e0 irm\u00e3 Kanlaya pelo monge budista Pra Ajan Suchut Patchoto: com a sua ajuda a irm\u00e3 Kanlaya aprendeu, junto com centenas de outras pessoas, como separar o lixo &#8220;at\u00e9 se desfazer dele, tornando-se 0&#8221;.<\/p>\n<div style=\"text-align: justify;\">\n<div class=\"article__embed article__embed--unwrap article__embed--photo\">\n<figure><picture><img decoding=\"async\" class=\"loaded\" src=\"https:\/\/www.vaticannews.va\/content\/dam\/vaticannews\/multimedia\/2023\/01\/23\/WASTE3.jpg\/_jcr_content\/renditions\/cq5dam.thumbnail.cropped.750.422.jpeg\" alt=\"Tr\u00eas Irm\u00e3s do Sagrado Cora\u00e7\u00e3o de Bancoc junto com o monge budista Pra Ajan Suchut Patchoto\" data-original=\"\/content\/dam\/vaticannews\/multimedia\/2023\/01\/23\/WASTE3.jpg\/_jcr_content\/renditions\/cq5dam.thumbnail.cropped.750.422.jpeg\" data-was-processed=\"true\" \/><\/picture><\/figure>\n<div class=\"photo_embed--Title\">Tr\u00eas Irm\u00e3s do Sagrado Cora\u00e7\u00e3o de Bancoc junto com o monge budista Pra Ajan Suchut Patchoto<\/div>\n<\/div>\n<\/div>\n<h2 style=\"text-align: justify;\">A conex\u00e3o com a preven\u00e7\u00e3o do tr\u00e1fico de pessoas<\/h2>\n<p style=\"text-align: justify;\">Mas, como o tr\u00e1fico de pessoas tem a ver com tudo isso? A irm\u00e3 Kanlaya trabalha nesta \u00e1rea desde 2005 e sabe muito bem que &#8220;a pobreza e o desemprego s\u00e3o uma raz\u00e3o determinante pela qual as pessoas&#8221; s\u00e3o v\u00edtimas dos traficantes. E assim, com a coleta seletiva de lixo, tamb\u00e9m criou novos empregos.<\/p>\n<p style=\"text-align: justify;\">\u201cEu sabia que estava no caminho certo e me lembrei da mensagem do Papa Francisco a Talitha Kum: &#8216;Uma economia sem tr\u00e1fico de pessoas \u00e9 uma economia do cuidado. Por cuidado podemos entender o cuidado das pessoas e da natureza, oferecendo produtos e servi\u00e7os para o crescimento do bem comum&#8217; (8 de fevereiro de 2021)&#8221;.<\/p>\n<h2 style=\"text-align: justify;\">Fase experimental<\/h2>\n<p style=\"text-align: justify;\">Com o conhecimento t\u00e9cnico e a convic\u00e7\u00e3o de que est\u00e1 no caminho certo, a irm\u00e3 Kanlaya decidiu expandir a experi\u00eancia do &#8220;lixo 0&#8221; utilizando o refeit\u00f3rio do convento. \u201cEu queria mostrar que esse projeto era poss\u00edvel, do jeito que eu pretendia.\u201d Al\u00e9m disso, contratou Wanrapa &#8220;View&#8221; Singwonsa: &#8220;Ela nos ensinou a limpar meticulosamente os diferentes tipos de pl\u00e1stico para revend\u00ea-los: \u00e9 uma pequena renda extra para a fam\u00edlia dela&#8221;, disse a religiosa.<\/p>\n<div style=\"text-align: justify;\">\n<div class=\"article__embed article__embed--unwrap article__embed--photo\">\n<figure><picture><img decoding=\"async\" class=\"loaded\" src=\"https:\/\/www.vaticannews.va\/content\/dam\/vaticannews\/multimedia\/2023\/01\/23\/WASTE5.jpg\/_jcr_content\/renditions\/cq5dam.thumbnail.cropped.750.422.jpeg\" alt=\"Irm\u00e3 Kanlaya com Wanrapa \u201cView\u201d Singwonsa\" data-original=\"\/content\/dam\/vaticannews\/multimedia\/2023\/01\/23\/WASTE5.jpg\/_jcr_content\/renditions\/cq5dam.thumbnail.cropped.750.422.jpeg\" data-was-processed=\"true\" \/><\/picture><\/figure>\n<div class=\"photo_embed--Title\">Irm\u00e3 Kanlaya com Wanrapa \u201cView\u201d Singwonsa<\/div>\n<\/div>\n<\/div>\n<h2 style=\"text-align: justify;\">Miss\u00e3o cumprida<\/h2>\n<p style=\"text-align: justify;\">\u201cDepois de cerca de um ano, comecei a ver resultados, e n\u00e3o apenas em nossa comunidade. Tive feedback positivo e a colabora\u00e7\u00e3o de muitas congrega\u00e7\u00f5es religiosas, escolas, comunidades crist\u00e3s e organiza\u00e7\u00f5es eclesiais\u201d. Quanto \u00e0 jovem que contratou, irm\u00e3 Kanlaya destacou que ela n\u00e3o s\u00f3 conseguiu se beneficiar &#8220;do rendimento extra para sustentar a fam\u00edlia, mas tamb\u00e9m continuou adquirindo conhecimentos na reciclagem de lixos&#8230; E mais ainda, orgulha-se pela paci\u00eancia e dilig\u00eancia em contribuir, por um lado, para tornar o nosso planeta um lugar melhor e, por outro, para ganhar mais dinheiro com a venda e reciclagem de lixo. Gosto de pensar que uma mulher simples encontrou dignidade e independ\u00eancia apenas separando e reciclando lixo. Gostaria de pedir a ela para vir comigo nas confer\u00eancias, para compartilhar sua experi\u00eancia com outras pessoas, a fim de estender este projeto a fam\u00edlias de baixa renda em outras comunidades carentes&#8221;.<\/p>\n<div style=\"text-align: justify;\">\n<div class=\"article__embed article__embed--unwrap article__embed--photo\">\n<figure><picture><img decoding=\"async\" class=\"loaded\" src=\"https:\/\/www.vaticannews.va\/content\/dam\/vaticannews\/multimedia\/2023\/01\/23\/WASTE6.jpg\/_jcr_content\/renditions\/cq5dam.thumbnail.cropped.750.422.jpeg\" alt=\"Refugiadas trabalhando no programa de reciclagem de lixo: eis o que pode ser feito com garrafas pl\u00e1sticas \" data-original=\"\/content\/dam\/vaticannews\/multimedia\/2023\/01\/23\/WASTE6.jpg\/_jcr_content\/renditions\/cq5dam.thumbnail.cropped.750.422.jpeg\" data-was-processed=\"true\" \/><\/picture><\/figure>\n<div class=\"photo_embed--Title\">Refugiadas trabalhando no programa de reciclagem de lixo: eis o que pode ser feito com garrafas pl\u00e1sticas<\/div>\n<\/div>\n<\/div>\n<h2 style=\"text-align: justify;\">Como se gera renda<\/h2>\n<p style=\"text-align: justify;\">E n\u00e3o termina a\u00ed. A irm\u00e3 Kanlaya explicou que, al\u00e9m de separar o lixo, limp\u00e1-lo e vend\u00ea-lo para institui\u00e7\u00f5es de reciclagem, outra forma de gerar renda \u00e9 usar o mesmo lixo para criar objetos que possam ser vendidos. \u201cTamb\u00e9m podemos reciclar lixos limpos que foram separados por tipo\u201d, explicou. Sacos de pl\u00e1stico podem virar \u00f3leo diesel, papel pode ser papel reciclado, garrafas de \u00e1gua podem ser transformadas em tecidos, latas de refrigerante podem ser usadas para fazer bolsas. Certos tipos de pl\u00e1stico podem ser usados \u200b\u200bpara fazer tijolos ecol\u00f3gicos, que muitas vezes s\u00e3o feitos por presidi\u00e1rios.<\/p>\n<div style=\"text-align: justify;\">\n<div class=\"article__embed article__embed--unwrap article__embed--photo\">\n<figure><picture><img decoding=\"async\" class=\"loaded\" src=\"https:\/\/www.vaticannews.va\/content\/dam\/vaticannews\/multimedia\/2023\/01\/23\/WASTE7.jpg\/_jcr_content\/renditions\/cq5dam.thumbnail.cropped.750.422.jpeg\" alt=\"Uma refugiada que trabalha no programa de reciclagem mostra um acess\u00f3rio de cabelo que ela fez\" data-original=\"\/content\/dam\/vaticannews\/multimedia\/2023\/01\/23\/WASTE7.jpg\/_jcr_content\/renditions\/cq5dam.thumbnail.cropped.750.422.jpeg\" data-was-processed=\"true\" \/><\/picture><\/figure>\n<div class=\"photo_embed--Title\">Uma refugiada que trabalha no programa de reciclagem mostra um acess\u00f3rio de cabelo que ela fez<\/div>\n<\/div>\n<\/div>\n<h2 style=\"text-align: justify;\">Lixo transformado em arte<\/h2>\n<p style=\"text-align: justify;\">Uma visita \u00e0 escola vizinha administrada pelas Irm\u00e3s do Sagrado Cora\u00e7\u00e3o, em cuja sala de jantar a irm\u00e3 Kanlaya montou seu laborat\u00f3rio de testes, confirmou sua hist\u00f3ria. Os refugiados que chegam de pa\u00edses vizinhos e n\u00e3o conseguem emprego legalmente transformam o \u201clixo\u201d em lindos\u00a0<b>relic\u00e1rios,<\/b>\u00a0almofadas, enfeites, vasos, len\u00e7os, acess\u00f3rios de cabelo,\u00a0<b>pulseiras e arranjos de flores.<\/b> Uma das refugiadas envolvidas neste projeto nos disse que o que pode ser in\u00fatil para uma pessoa, \u201c\u00e9 importante para fazer produtos que possam ser reutilizados\u201d. Ela nos mostrou como eles reciclam o papel e como usam caixas de leite para fazer lindos vasos com lindos desenhos. Com este compromisso, \u201ctive a oportunidade de ajudar as fam\u00edlias pobres a ganhar algum dinheiro e ao mesmo tempo continuar curando o mundo para que se torne uma casa melhor para a humanidade\u201d, explicou irm\u00e3 Kanlaya.<\/p>\n<div style=\"text-align: justify;\">\n<div class=\"article__embed article__embed--unwrap article__embed--photo\">\n<figure><picture><img decoding=\"async\" class=\"loaded\" src=\"https:\/\/www.vaticannews.va\/content\/dam\/vaticannews\/multimedia\/2023\/01\/23\/WASTE8.jpg\/_jcr_content\/renditions\/cq5dam.thumbnail.cropped.750.422.jpeg\" alt=\"Trabalho em andamento \" data-original=\"\/content\/dam\/vaticannews\/multimedia\/2023\/01\/23\/WASTE8.jpg\/_jcr_content\/renditions\/cq5dam.thumbnail.cropped.750.422.jpeg\" data-was-processed=\"true\" \/><\/picture><\/figure>\n<div class=\"photo_embed--Title\">Trabalho em andamento<\/div>\n<\/div>\n<\/div>\n<h2 style=\"text-align: justify;\">Projetos para o futuro<\/h2>\n<p style=\"text-align: justify;\">Mas isso n\u00e3o \u00e9 tudo, porque irm\u00e3 Kanlaya tem outros projetos em mente que devem completar o que ela concluiu com sucesso: ela quer transformar o refeit\u00f3rio do convento em um laborat\u00f3rio de forma\u00e7\u00e3o para a separa\u00e7\u00e3o de lixo a fim de ensinar como o lixo pode gerar renda. \u201cAl\u00e9m de separar o lixo para revender \u2013 disse a religiosa \u2013 quero chegar a produzir tecido a partir de garrafas pl\u00e1sticas. Isso abrir\u00e1 caminhos de trabalho sustent\u00e1vel para as mulheres na comunidade e garantir\u00e1 que elas n\u00e3o sejam tentadas a deixar seu povoado para aceitar trabalhos com risco de tr\u00e1fico de pessoas\u201d.<\/p>\n<p style=\"text-align: justify;\">No final, irm\u00e3 Kanlaya admite que \u201ccriar produtos a partir de res\u00edduos certamente n\u00e3o nos leva a obter uma sociedade completamente zero lixo, mas certamente prolonga a exist\u00eancia dos res\u00edduos e gera dinheiro para os pobres\u201d.<\/p>\n<\/div>\n","protected":false},"excerpt":{"rendered":"<p>No cora\u00e7\u00e3o de Bangcoc, uma religiosa inspirada por um monge budista est\u00e1 transformando uma escola numa estrutura de desperd\u00edcio zero. Ao mesmo tempo, oferece trabalho a refugiados que, de outra forma, estariam em risco do tr\u00e1fico de pessoas. Suor Bernadette Mary Reis, fsp Ap\u00f3s 50 anos de vida religiosa, irm\u00e3 Agnes Kanlaya Trisopa se lan\u00e7ou [&hellip;]<\/p>\n","protected":false},"author":1,"featured_media":0,"comment_status":"open","ping_status":"closed","sticky":false,"template":"","format":"standard","meta":{"footnotes":""},"categories":[3],"tags":[],"class_list":["post-79006","post","type-post","status-publish","format-standard","hentry","category-vaticano"],"_links":{"self":[{"href":"https:\/\/catolicanet.net\/wp-cnet\/wp-json\/wp\/v2\/posts\/79006","targetHints":{"allow":["GET"]}}],"collection":[{"href":"https:\/\/catolicanet.net\/wp-cnet\/wp-json\/wp\/v2\/posts"}],"about":[{"href":"https:\/\/catolicanet.net\/wp-cnet\/wp-json\/wp\/v2\/types\/post"}],"author":[{"embeddable":true,"href":"https:\/\/catolicanet.net\/wp-cnet\/wp-json\/wp\/v2\/users\/1"}],"replies":[{"embeddable":true,"href":"https:\/\/catolicanet.net\/wp-cnet\/wp-json\/wp\/v2\/comments?post=79006"}],"version-history":[{"count":1,"href":"https:\/\/catolicanet.net\/wp-cnet\/wp-json\/wp\/v2\/posts\/79006\/revisions"}],"predecessor-version":[{"id":79007,"href":"https:\/\/catolicanet.net\/wp-cnet\/wp-json\/wp\/v2\/posts\/79006\/revisions\/79007"}],"wp:attachment":[{"href":"https:\/\/catolicanet.net\/wp-cnet\/wp-json\/wp\/v2\/media?parent=79006"}],"wp:term":[{"taxonomy":"category","embeddable":true,"href":"https:\/\/catolicanet.net\/wp-cnet\/wp-json\/wp\/v2\/categories?post=79006"},{"taxonomy":"post_tag","embeddable":true,"href":"https:\/\/catolicanet.net\/wp-cnet\/wp-json\/wp\/v2\/tags?post=79006"}],"curies":[{"name":"wp","href":"https:\/\/api.w.org\/{rel}","templated":true}]}}