{"id":79001,"date":"2023-01-24T09:18:23","date_gmt":"2023-01-24T12:18:23","guid":{"rendered":"https:\/\/catolicanet.net\/wp-cnet\/?p=79001"},"modified":"2023-01-24T14:20:32","modified_gmt":"2023-01-24T17:20:32","slug":"papa-francisco-juntos-e-a-chave-para-recuperar-o-equilibrio","status":"publish","type":"post","link":"https:\/\/catolicanet.net\/wp-cnet\/papa-francisco-juntos-e-a-chave-para-recuperar-o-equilibrio\/","title":{"rendered":"Papa Francisco: \u201cjuntos\u201d \u00e9 a chave para recuperar o equil\u00edbrio"},"content":{"rendered":"<div class=\"article__subTitle\" style=\"text-align: justify;\">\u201cColocar a palavra &#8216;juntos&#8217; novamente no centro; \u00e9 juntos, em fraternidade e solidariedade, que podemos construir a paz, garantir a justi\u00e7a e superar os acontecimentos mais dolorosos&#8221;. S\u00e3o palavras do Papa Francisco na mensagem aos participantes na V Confer\u00eancia Internacional \u201cPelo Equil\u00edbrio do Mundo\u201d que se realiza em Havana, Cuba, de 24 a 28 de janeiro<\/div>\n<div class=\"title__separator\" style=\"text-align: justify;\"><\/div>\n<div class=\"article__text \">\n<p style=\"text-align: justify;\"><b>Jane Nogara &#8211; Vatican News<\/b><\/p>\n<p style=\"text-align: justify;\">O Papa Francisco enviou uma mensagem aos participantes na V Confer\u00eancia Internacional \u201cPelo Equil\u00edbrio do Mundo\u201d que se realiza em Havana, Cuba, de 24 a 28 de janeiro. A Confer\u00eancia anual comemora o nascimento de Jos\u00e9 Mart\u00ed, apresentando sua figura como um incentivo para despertar a consci\u00eancia de todos aqueles que no mundo s\u00e3o chamados a criar um clima de di\u00e1logo e fraternidade que possa promover mudan\u00e7as significativas nas atuais circunst\u00e2ncias sociais e pol\u00edticas.<\/p>\n<div style=\"text-align: justify;\">\n<div class=\"article__embed article__embed--unwrap article__embed--dark\">\n<div class=\"article__innerTitle\">Ou\u00e7a e compartilhe!<\/div>\n<div>\n<!--[if lt IE 9]><script>document.createElement('audio');<\/script><![endif]-->\n<audio class=\"wp-audio-shortcode\" id=\"audio-79001-1\" preload=\"none\" style=\"width: 100%;\" controls=\"controls\"><source type=\"audio\/mpeg\" src=\"https:\/\/media.vaticannews.va\/media\/audio\/s1\/2023\/01\/24\/13\/136891824_F136891824.mp3?_=1\" \/><a href=\"https:\/\/media.vaticannews.va\/media\/audio\/s1\/2023\/01\/24\/13\/136891824_F136891824.mp3\">https:\/\/media.vaticannews.va\/media\/audio\/s1\/2023\/01\/24\/13\/136891824_F136891824.mp3<\/a><\/audio>\n<\/div>\n<\/div>\n<\/div>\n<h2 style=\"text-align: justify;\"><b>Construir pontes sem exclus\u00f5es<\/b><\/h2>\n<p style=\"text-align: justify;\">Francisco iniciou sua mensagem aludindo \u00e0s tais circunst\u00e2ncias pois \u201c<i>d\u00e3o motivo para alarme e devem despertar em n\u00f3s um interesse por esta mudan\u00e7a de rumo. Para isso, por\u00e9m, acredito que seja importante n\u00e3o olharmos tanto para o que cada um de n\u00f3s, com a melhor das inten\u00e7\u00f5es, poderia propor, mas para a necessidade absoluta de nos sentarmos e escutar os outros. H\u00e1 uma necessidade urgente de construir pontes que possam nos ajudar a encontrar juntos solu\u00e7\u00f5es vi\u00e1veis que n\u00e3o excluam ningu\u00e9m<\/i>\u201d.<\/p>\n<h2 style=\"text-align: justify;\"><b>&#8220;Digo sem medo o que vejo&#8221;<\/b><\/h2>\n<p style=\"text-align: justify;\">Francisco disse ter ficado impressionado com algumas palavras de Jos\u00e9 Mart\u00ed no t\u00famulo do vener\u00e1vel padre F\u00e9lix Varela, \u201cque podem ser significativas neste contexto\u201d. \u201cMart\u00ed\u201d, disse o Papa, \u201ccertamente admira o amor de Varela por sua terra e sua coragem em denunciar o que ele considera incompat\u00edvel com o bem social &#8211;\u00a0<i>digo sem medo o que vejo<\/i>\u00a0&#8211; mas, ao mesmo tempo, ele destaca sua gentileza, uma virtude essencial do governante, que deve orientar o di\u00e1logo social e pol\u00edtico: \u2018sem perder a raz\u00e3o, nem apressar\u2019, tendo o \u2018justo respeito\u2019 por nosso interlocutor a fim de chegar a uma solu\u00e7\u00e3o concordada\u201d.<\/p>\n<h2 style=\"text-align: justify;\"><b>Capacidade de unir para um esfor\u00e7o comum<\/b><\/h2>\n<p style=\"text-align: justify;\">A import\u00e2ncia destas ra\u00edzes, \u00e9 destacada por Mart\u00ed ao recordar a figura do padre Varela: \u201c<i>Trata-se, de olhar para o passado, de n\u00e3o negar nossas ra\u00edzes, que nos levam a aprender com nossos idosos, sobre a f\u00e9 que os moveu, sobre a coer\u00eancia de vida que esta f\u00e9 lhes imp\u00f4s, sobre aquela dedica\u00e7\u00e3o ao povo que nada mais \u00e9 do que o mandamento do Senhor de amarmos como Ele nos amou<\/i>\u00a0(cf. Jo 13, 34-35)\u201d. A partir destas ra\u00edzes, Jos\u00e9 Mart\u00ed afirma como a figura do Padre Varela \u00e9 capaz de unir para um esfor\u00e7o comum.<\/p>\n<h2 style=\"text-align: justify;\">A palavra \u201cjuntos\u201d no centro<\/h2>\n<p style=\"text-align: justify;\">Por fim o Papa escreve que a partir de sua mensagem para o Dia Mundial da Paz, ele retomou a ideia fundamental, pensando nos her\u00f3is que surgiram na pandemia, \u201cde colocar a palavra &#8216;juntos&#8217; novamente no centro; de fato, \u00e9 juntos, em fraternidade e solidariedade, que podemos construir a paz, garantir a justi\u00e7a e superar os acontecimentos mais dolorosos&#8221;. Acrescentando, \u201cesta \u00e9 a chave para recuperar o equil\u00edbrio que d\u00e1 nome ao encontro de voc\u00eas, pois s\u00f3 juntos podemos enfrentar as diversas crises morais, sociais, pol\u00edticas e econ\u00f4micas das quais sofremos e que est\u00e3o todas interligadas.<\/p>\n<\/div>\n","protected":false},"excerpt":{"rendered":"<p>\u201cColocar a palavra &#8216;juntos&#8217; novamente no centro; \u00e9 juntos, em fraternidade e solidariedade, que podemos construir a paz, garantir a justi\u00e7a e superar os acontecimentos mais dolorosos&#8221;. S\u00e3o palavras do Papa Francisco na mensagem aos participantes na V Confer\u00eancia Internacional \u201cPelo Equil\u00edbrio do Mundo\u201d que se realiza em Havana, Cuba, de 24 a 28 de [&hellip;]<\/p>\n","protected":false},"author":1,"featured_media":79002,"comment_status":"open","ping_status":"closed","sticky":false,"template":"","format":"standard","meta":{"footnotes":""},"categories":[3],"tags":[],"class_list":["post-79001","post","type-post","status-publish","format-standard","has-post-thumbnail","hentry","category-vaticano"],"_links":{"self":[{"href":"https:\/\/catolicanet.net\/wp-cnet\/wp-json\/wp\/v2\/posts\/79001","targetHints":{"allow":["GET"]}}],"collection":[{"href":"https:\/\/catolicanet.net\/wp-cnet\/wp-json\/wp\/v2\/posts"}],"about":[{"href":"https:\/\/catolicanet.net\/wp-cnet\/wp-json\/wp\/v2\/types\/post"}],"author":[{"embeddable":true,"href":"https:\/\/catolicanet.net\/wp-cnet\/wp-json\/wp\/v2\/users\/1"}],"replies":[{"embeddable":true,"href":"https:\/\/catolicanet.net\/wp-cnet\/wp-json\/wp\/v2\/comments?post=79001"}],"version-history":[{"count":1,"href":"https:\/\/catolicanet.net\/wp-cnet\/wp-json\/wp\/v2\/posts\/79001\/revisions"}],"predecessor-version":[{"id":79003,"href":"https:\/\/catolicanet.net\/wp-cnet\/wp-json\/wp\/v2\/posts\/79001\/revisions\/79003"}],"wp:featuredmedia":[{"embeddable":true,"href":"https:\/\/catolicanet.net\/wp-cnet\/wp-json\/wp\/v2\/media\/79002"}],"wp:attachment":[{"href":"https:\/\/catolicanet.net\/wp-cnet\/wp-json\/wp\/v2\/media?parent=79001"}],"wp:term":[{"taxonomy":"category","embeddable":true,"href":"https:\/\/catolicanet.net\/wp-cnet\/wp-json\/wp\/v2\/categories?post=79001"},{"taxonomy":"post_tag","embeddable":true,"href":"https:\/\/catolicanet.net\/wp-cnet\/wp-json\/wp\/v2\/tags?post=79001"}],"curies":[{"name":"wp","href":"https:\/\/api.w.org\/{rel}","templated":true}]}}