{"id":78811,"date":"2023-01-09T09:15:29","date_gmt":"2023-01-09T12:15:29","guid":{"rendered":"https:\/\/catolicanet.net\/wp-cnet\/?p=78811"},"modified":"2023-01-09T14:19:58","modified_gmt":"2023-01-09T17:19:58","slug":"quando-um-papa-nos-deixa-uma-tarefa-para-cumprir","status":"publish","type":"post","link":"https:\/\/catolicanet.net\/wp-cnet\/quando-um-papa-nos-deixa-uma-tarefa-para-cumprir\/","title":{"rendered":"Quando um Papa nos deixa uma tarefa para cumprir"},"content":{"rendered":"<h2 class=\"subtitle\" style=\"text-align: justify;\">&#8220;Jornalistas temos muitos. Jornalistas cat\u00f3licos, n\u00e3o&#8221;<\/h2>\n<div class=\"css-1kgb1no eiz4mud3\" style=\"text-align: justify;\">\n<div class=\"css-q43vl1 eiz4mud2\">\n<p>Temos algo especial para voc\u00ea. Saiba o seu padroeiro de 2023!<br \/>\nEste santo ser\u00e1 seu intercessor e seu apoio. Clique no bot\u00e3o abaixo&#x1f447;<\/p>\n<\/div>\n<p><a class=\"promotional-box-cta css-qb0v19 eiz4mud0\" href=\"http:\/\/bit.ly\/3IzSVDm\" target=\"_blank\" rel=\"noopener\">Descubra o seu padroeiro de 2023<\/a><\/div>\n<div><\/div>\n<p style=\"text-align: justify;\"><em>Jaime Septi\u00e9n \u00e9 colaborador de\u00a0<a href=\"https:\/\/es.aleteia.org\/2023\/01\/08\/cuando-un-papa-te-deja-una-tarea-que-cumplir\/\" target=\"_blank\" rel=\"noreferrer noopener\">Aleteia em espanhol<\/a>\u00a0e diretor do jornal mexicano El Observador. Eis a sua recorda\u00e7\u00e3o sobre uma bela experi\u00eancia vivida com o Papa Bento XVI:<\/em><\/p>\n<p style=\"text-align: justify;\">Haver\u00e1 centenas de milhares de testemunhos de quem conheceu, visitou, leu ou estudou a vida e a obra do Papa Bento XVI. Para mim, h\u00e1 um que, pela gra\u00e7a de Deus, pude viver em primeira pessoa.<\/p>\n<p style=\"text-align: justify;\">Era 12 de setembro de 2005. Ele tinha sido eleito havia poucos meses e estava recebendo a visita dos bispos mexicanos. Fui a\u00a0<a href=\"https:\/\/pt.aleteia.org\/2021\/02\/17\/jardins-de-castel-gandolfo-os-mais-belos-da-italia-e-do-mundo\/\" target=\"_blank\" rel=\"noreferrer noopener\">Castel Gandolfo<\/a>\u00a0com o arcebispo em\u00e9rito de San Luis Potos\u00ed, dom Arturo Szymanski. Estavam conosco o ent\u00e3o reitor do Col\u00e9gio Mexicano, padre Francisco Ram\u00edrez, e o administrador do col\u00e9gio.<\/p>\n<p style=\"text-align: justify;\">Todos os detalhes do encontro ficaram gravados na minha mem\u00f3ria. A beleza da paisagem na regi\u00e3o da resid\u00eancia de ver\u00e3o dos Papas, as visitas, os quartos onde nos alojaram. De repente, a porta se abriu.<\/p>\n<p style=\"text-align: justify;\">Bento XVI nos recebeu com um sorriso luminoso. O arcebispo dom Arturo lhe recordou a experi\u00eancia conjunta no Conc\u00edlio Vaticano II. O padre Francisco, hoje reitor geral da Univa, falou do Col\u00e9gio Mexicano e eu falei do jornal El Observador. Ali\u00e1s, foi dom Arturo quem falou do jornal, que ele tanto amava, e de mim, que o dirigia.<\/p>\n<p style=\"text-align: justify;\">Com refinada gentileza e um olhar t\u00e3o claro quanto o c\u00e9u do lago Albano, que vislumbr\u00e1vamos por tr\u00e1s das cortinas da sala de recep\u00e7\u00e3o, Bento aben\u00e7oou o jornal e o jornalista. Ent\u00e3o me disse:<\/p>\n<blockquote class=\"wp-block-quote\"><p>\u201cJornalistas temos muitos. Jornalistas cat\u00f3licos, n\u00e3o. Eu te pe\u00e7o que continues fazendo esse jornalismo para o bem da Igreja\u201d.<\/p><\/blockquote>\n<p style=\"text-align: justify;\">Consegui balbuciar que aquilo n\u00e3o era um conselho, e sim um projeto de vida. E tenho procurado cumpri-lo at\u00e9 hoje, apesar das enormes dificuldades internas e externas que o jornalismo cat\u00f3lico enfrenta no mundo todo e no M\u00e9xico em particular.<\/p>\n<p style=\"text-align: justify;\">Sa\u00edmos exultantes de Castel Gandolfo. E fomos comer em Rocca di Papa, uma cidadezinha do outro lado do lago Albano.<\/p>\n<p style=\"text-align: justify;\">Na manh\u00e3 seguinte, j\u00e1 na Casa Santa Marta, onde uma parte da delega\u00e7\u00e3o mexicana estava hospedada, o segundo secret\u00e1rio do Papa Bento, o malt\u00eas Alfred Xureb, se aproximou de mim e me disse que o Papa nem sempre, ou melhor, nunca dizia o tinha me dito.<\/p>\n<p style=\"text-align: justify;\">Eu lhe agradeci. E disse a ele, com mais serenidade do que na v\u00e9spera, que iria envelhecer cumprindo a tarefa que o Papa tinha me dado. Nela prossigo, acolhendo a sua morte como acolho com infinita gratid\u00e3o aquele que me deu uma miss\u00e3o no cora\u00e7\u00e3o da Igreja.<\/p>\n","protected":false},"excerpt":{"rendered":"<p>&#8220;Jornalistas temos muitos. Jornalistas cat\u00f3licos, n\u00e3o&#8221; Temos algo especial para voc\u00ea. Saiba o seu padroeiro de 2023! Este santo ser\u00e1 seu intercessor e seu apoio. Clique no bot\u00e3o abaixo&#x1f447; Descubra o seu padroeiro de 2023 Jaime Septi\u00e9n \u00e9 colaborador de\u00a0Aleteia em espanhol\u00a0e diretor do jornal mexicano El Observador. Eis a sua recorda\u00e7\u00e3o sobre uma bela [&hellip;]<\/p>\n","protected":false},"author":1,"featured_media":78812,"comment_status":"open","ping_status":"closed","sticky":false,"template":"","format":"standard","meta":{"footnotes":""},"categories":[4],"tags":[],"class_list":["post-78811","post","type-post","status-publish","format-standard","has-post-thumbnail","hentry","category-cotidiano"],"_links":{"self":[{"href":"https:\/\/catolicanet.net\/wp-cnet\/wp-json\/wp\/v2\/posts\/78811","targetHints":{"allow":["GET"]}}],"collection":[{"href":"https:\/\/catolicanet.net\/wp-cnet\/wp-json\/wp\/v2\/posts"}],"about":[{"href":"https:\/\/catolicanet.net\/wp-cnet\/wp-json\/wp\/v2\/types\/post"}],"author":[{"embeddable":true,"href":"https:\/\/catolicanet.net\/wp-cnet\/wp-json\/wp\/v2\/users\/1"}],"replies":[{"embeddable":true,"href":"https:\/\/catolicanet.net\/wp-cnet\/wp-json\/wp\/v2\/comments?post=78811"}],"version-history":[{"count":1,"href":"https:\/\/catolicanet.net\/wp-cnet\/wp-json\/wp\/v2\/posts\/78811\/revisions"}],"predecessor-version":[{"id":78813,"href":"https:\/\/catolicanet.net\/wp-cnet\/wp-json\/wp\/v2\/posts\/78811\/revisions\/78813"}],"wp:featuredmedia":[{"embeddable":true,"href":"https:\/\/catolicanet.net\/wp-cnet\/wp-json\/wp\/v2\/media\/78812"}],"wp:attachment":[{"href":"https:\/\/catolicanet.net\/wp-cnet\/wp-json\/wp\/v2\/media?parent=78811"}],"wp:term":[{"taxonomy":"category","embeddable":true,"href":"https:\/\/catolicanet.net\/wp-cnet\/wp-json\/wp\/v2\/categories?post=78811"},{"taxonomy":"post_tag","embeddable":true,"href":"https:\/\/catolicanet.net\/wp-cnet\/wp-json\/wp\/v2\/tags?post=78811"}],"curies":[{"name":"wp","href":"https:\/\/api.w.org\/{rel}","templated":true}]}}