{"id":788,"date":"2023-02-22T00:00:24","date_gmt":"2023-02-22T03:00:24","guid":{"rendered":"http:\/\/catolicanet.net\/wp-cnet\/?p=788"},"modified":"2023-01-02T18:19:56","modified_gmt":"2023-01-02T21:19:56","slug":"festa-da-catedra-de-sao-pedro","status":"publish","type":"post","link":"https:\/\/catolicanet.net\/wp-cnet\/festa-da-catedra-de-sao-pedro\/","title":{"rendered":"Festa da C\u00e1tedra de S\u00e3o Pedro"},"content":{"rendered":"<p style=\"text-align: justify;\">\u00c9 com alegria que hoje n\u00f3s queremos conhecer um pouco mais a riqueza do significado da c\u00e1tedra, do assento, da cadeira de S\u00e3o Pedro que se encontra na It\u00e1lia, no Vaticano, na Bas\u00edlica de S\u00e3o Pedro. Embora a S\u00e9 Episcopal seja na Bas\u00edlica de S\u00e3o Jo\u00e3o de Latr\u00e3o, a catedral de todas as catedrais, a c\u00e1tedra com toda a sua riqueza, todo seu simbolismo se encontra na Bas\u00edlica de S\u00e3o Pedro.<\/p>\n<p style=\"text-align: justify;\">Fundamenta-se na Sagrada Escritura a autoridade do nosso Papa: encontramos no Evangelho de S\u00e3o Mateus no cap\u00edtulo 6, essa pergunta que Jesus fez aos ap\u00f3stolos e continua a fazer a cada um de n\u00f3s: <i>\u201cE v\u00f3s, quem dizei que eu sou?\u201d<\/i> S\u00e3o Pedro,0 em nome dos ap\u00f3stolos, pode assim afirmar: <i>\u201cTu \u00e9s o Cristo, o Filho do Deus vivo\u201d.<\/i>Jesus ent\u00e3o lhe disse: <i>\u201cFeliz \u00e9s tu, Sim\u00e3o, filho de Jonas, porque n\u00e3o foi nem a carne, nem o sangue que te revelou isso, mas meu Pai que est\u00e1 no c\u00e9us, e eu te declaro: Tu \u00e9s Pedro e sobre essa pedra edificarei a minha Igreja, e as portas do inferno n\u00e3o prevalecer\u00e3o contra ela; eu te darei a chave dos c\u00e9us tudo que ser\u00e1 ligado na terra ser\u00e1s ligado no c\u00e9u e tudo que desligares na terra, ser\u00e1s desligado nos c\u00e9us\u201d.<\/i><\/p>\n<p style=\"text-align: justify;\">Logo, o fundador e o fundamento, Nosso Senhor Jesus Cristo, o Crucificado que ressuscitou, a Verdade encarnada, foi Ele quem escolheu S\u00e3o Pedro para ser o primeiro Papa da Igreja e o capacitou pelo Esp\u00edrito Santo com o carisma chamado da infalibilidade. Esse carisma bebe da realidade da pr\u00f3pria Igreja porque a Igreja \u00e9 infal\u00edvel, uma vez que a alma da Igreja \u00e9 o Esp\u00edrito Santo, Esp\u00edrito da verdade.<\/p>\n<p style=\"text-align: justify;\">Enfim, em mat\u00e9ria de f\u00e9 e de moral a Igreja \u00e9 infal\u00edvel e o Papa portando esse carisma da infalibilidade ensina a verdade fundamentada na Sagrada Escritura, na Sagrada Tradi\u00e7\u00e3o e a servi\u00e7o como Pastor e Mestre.<\/p>\n<p style=\"text-align: justify;\">De fato, o Papa est\u00e1 a servi\u00e7o da Verdade, por isso, ao venerarmos e reconhecermos o valor da C\u00e1tedra de S\u00e3o Pedro, n\u00f3s temos que olhar para esses fundamentos todos. N\u00e3o \u00e9 autoritarismo, \u00e9 autoridade que vem do Alto, \u00e9 refer\u00eancia no mundo onde o relativismo est\u00e1 crescendo, onde muitos n\u00e3o sabem mais onde est\u00e1 a Verdade.<\/p>\n<p style=\"text-align: justify;\">N\u00f3s olhamos para Cristo, para a Sagrada Escritura, para S\u00e3o Pedro, para este Pastor e Mestre universal da Igreja, ent\u00e3o temos a seguran\u00e7a que Deus quer nos dar para alcan\u00e7armos a Salva\u00e7\u00e3o e espalharmos a Salva\u00e7\u00e3o.<\/p>\n<p style=\"text-align: justify;\">Essa voca\u00e7\u00e3o \u00e9 do Papa, dos Bispos, dos Presb\u00edteros, mas tamb\u00e9m de todo crist\u00e3o.<\/p>\n<p style=\"text-align: justify;\"><strong>S\u00e3o Pedro, rogai por n\u00f3s!<\/strong><\/p>\n","protected":false},"excerpt":{"rendered":"<p>\u00c9 com alegria que hoje n\u00f3s queremos conhecer um pouco mais a riqueza do significado da c\u00e1tedra, do assento, da cadeira de S\u00e3o Pedro que se encontra na It\u00e1lia, no Vaticano, na Bas\u00edlica de S\u00e3o Pedro. Embora a S\u00e9 Episcopal seja na Bas\u00edlica de S\u00e3o Jo\u00e3o de Latr\u00e3o, a catedral de todas as catedrais, a [&hellip;]<\/p>\n","protected":false},"author":1,"featured_media":22146,"comment_status":"open","ping_status":"open","sticky":false,"template":"","format":"standard","meta":{"footnotes":""},"categories":[32],"tags":[],"class_list":["post-788","post","type-post","status-publish","format-standard","has-post-thumbnail","hentry","category-santo-do-dia"],"_links":{"self":[{"href":"https:\/\/catolicanet.net\/wp-cnet\/wp-json\/wp\/v2\/posts\/788","targetHints":{"allow":["GET"]}}],"collection":[{"href":"https:\/\/catolicanet.net\/wp-cnet\/wp-json\/wp\/v2\/posts"}],"about":[{"href":"https:\/\/catolicanet.net\/wp-cnet\/wp-json\/wp\/v2\/types\/post"}],"author":[{"embeddable":true,"href":"https:\/\/catolicanet.net\/wp-cnet\/wp-json\/wp\/v2\/users\/1"}],"replies":[{"embeddable":true,"href":"https:\/\/catolicanet.net\/wp-cnet\/wp-json\/wp\/v2\/comments?post=788"}],"version-history":[{"count":1,"href":"https:\/\/catolicanet.net\/wp-cnet\/wp-json\/wp\/v2\/posts\/788\/revisions"}],"predecessor-version":[{"id":790,"href":"https:\/\/catolicanet.net\/wp-cnet\/wp-json\/wp\/v2\/posts\/788\/revisions\/790"}],"wp:featuredmedia":[{"embeddable":true,"href":"https:\/\/catolicanet.net\/wp-cnet\/wp-json\/wp\/v2\/media\/22146"}],"wp:attachment":[{"href":"https:\/\/catolicanet.net\/wp-cnet\/wp-json\/wp\/v2\/media?parent=788"}],"wp:term":[{"taxonomy":"category","embeddable":true,"href":"https:\/\/catolicanet.net\/wp-cnet\/wp-json\/wp\/v2\/categories?post=788"},{"taxonomy":"post_tag","embeddable":true,"href":"https:\/\/catolicanet.net\/wp-cnet\/wp-json\/wp\/v2\/tags?post=788"}],"curies":[{"name":"wp","href":"https:\/\/api.w.org\/{rel}","templated":true}]}}