{"id":78739,"date":"2023-01-04T09:28:21","date_gmt":"2023-01-04T12:28:21","guid":{"rendered":"https:\/\/catolicanet.net\/wp-cnet\/?p=78739"},"modified":"2023-01-04T11:30:49","modified_gmt":"2023-01-04T14:30:49","slug":"bento-xvi-uma-onda-de-afeto-e-de-oracao-cerca-de-135-mil-ja-prestaram-homenagem","status":"publish","type":"post","link":"https:\/\/catolicanet.net\/wp-cnet\/bento-xvi-uma-onda-de-afeto-e-de-oracao-cerca-de-135-mil-ja-prestaram-homenagem\/","title":{"rendered":"Bento XVI: uma onda de afeto e de ora\u00e7\u00e3o, cerca de 135 mil j\u00e1 prestaram homenagem"},"content":{"rendered":"<p style=\"text-align: justify;\">Homenagem dos fi\u00e9is ao Papa Em\u00e9rito Bento XVI (Vatican Media)<\/p>\n<div class=\"article__subTitle\" style=\"text-align: justify;\">No segundo dia do vel\u00f3rio do Papa Em\u00e9rito, outras 70 mil pessoas passaram das 7h \u00e0s 19h em frente ao caix\u00e3o exposto na Bas\u00edlica do Vaticano. Nesta quarta-feira (04) tamb\u00e9m ser\u00e1 poss\u00edvel homenagear o Em\u00e9rito na Bas\u00edlica at\u00e9 as 19h, antes do funeral que ser\u00e1 presidido por Francisco na quinta-feira de manh\u00e3.<\/div>\n<div class=\"title__separator\" style=\"text-align: justify;\"><\/div>\n<div class=\"article__text \">\n<p style=\"text-align: justify;\"><b>Giancarlo La Vella \u2013 Vatican News<\/b><\/p>\n<p style=\"text-align: justify;\">Fi\u00e9is de todas as nacionalidades continuam, em fila de modo ordenado, a entrar na Bas\u00edlica de S\u00e3o Pedro. Uma ora\u00e7\u00e3o, uma sauda\u00e7\u00e3o ou um simples olhar para Bento XVI. Nesta quarta-feira (04), das 7h \u00e0s 19h outros fi\u00e9is poder\u00e3o homenage\u00e1-lo, \u00e9 o \u00faltimo dia em que o corpo do Papa Em\u00e9rito ser\u00e1 exposto \u00e0 devo\u00e7\u00e3o dos fi\u00e9is. Parte da Pra\u00e7a de S\u00e3o Pedro foi colocada \u00e0 disposi\u00e7\u00e3o das emissoras que filmar\u00e3o o funeral na quinta-feira (5), celebrado pelo Papa Francisco. Espera-se a chegada de autoridades de todo o mundo e cerca de 70 mil participantes.<\/p>\n<h2 style=\"text-align: justify;\"><b>Os agradecimentos do mundo a Bento XVI<\/b><\/h2>\n<p style=\"text-align: justify;\">E da penumbra da Bas\u00edlica Petrina, da mesma forma ordenada, as pessoas saem lentamente, muitos com os olhos brilhantes, em suas mentes talvez as \u00faltimas palavras proferidas por Bento XVI, &#8220;Senhor, eu te amo&#8221;, sinal e luz do minist\u00e9rio sacerdotal, pastoral e papal que acompanhou toda a vida de Joseph Ratzinger.<\/p>\n<h2 style=\"text-align: justify;\"><b>&#8220;Obrigado Papa Bento&#8221;<\/b><\/h2>\n<p style=\"text-align: justify;\">A emo\u00e7\u00e3o n\u00e3o impede que as pessoas que foram fazer a \u00faltima homenagem ao Em\u00e9rito comuniquem seus sentimentos. Nas entrevistas feitas pela R\u00e1dio Vaticano \u2013 Vatican News, h\u00e1 quem agrade\u00e7a ao Senhor por nos ter dado Bento XVI, h\u00e1 quem chegou ao Vaticano em esp\u00edrito de peregrina\u00e7\u00e3o: todos em um dia, das cidades italianas e do mundo inteiro, s\u00f3 para dizer obrigado a Joseph Ratzinger. E h\u00e1 tamb\u00e9m os que querem pedir perd\u00e3o ao Papa Em\u00e9rito por n\u00e3o ter compreendido completamente sua mensagem quando ele era Pont\u00edfice, uma mensagem posteriormente redescoberta atrav\u00e9s de seus escritos. Certamente &#8211; este \u00e9 o pensamento comum &#8211; que o magist\u00e9rio continuar\u00e1 a ensinar muito, mesmo agora que Bento XVI voltou \u00e0 casa do Pai.<\/p>\n<\/div>\n","protected":false},"excerpt":{"rendered":"<p>Homenagem dos fi\u00e9is ao Papa Em\u00e9rito Bento XVI (Vatican Media) No segundo dia do vel\u00f3rio do Papa Em\u00e9rito, outras 70 mil pessoas passaram das 7h \u00e0s 19h em frente ao caix\u00e3o exposto na Bas\u00edlica do Vaticano. Nesta quarta-feira (04) tamb\u00e9m ser\u00e1 poss\u00edvel homenagear o Em\u00e9rito na Bas\u00edlica at\u00e9 as 19h, antes do funeral que ser\u00e1 [&hellip;]<\/p>\n","protected":false},"author":1,"featured_media":78740,"comment_status":"open","ping_status":"closed","sticky":false,"template":"","format":"standard","meta":{"footnotes":""},"categories":[3],"tags":[],"class_list":["post-78739","post","type-post","status-publish","format-standard","has-post-thumbnail","hentry","category-vaticano"],"_links":{"self":[{"href":"https:\/\/catolicanet.net\/wp-cnet\/wp-json\/wp\/v2\/posts\/78739","targetHints":{"allow":["GET"]}}],"collection":[{"href":"https:\/\/catolicanet.net\/wp-cnet\/wp-json\/wp\/v2\/posts"}],"about":[{"href":"https:\/\/catolicanet.net\/wp-cnet\/wp-json\/wp\/v2\/types\/post"}],"author":[{"embeddable":true,"href":"https:\/\/catolicanet.net\/wp-cnet\/wp-json\/wp\/v2\/users\/1"}],"replies":[{"embeddable":true,"href":"https:\/\/catolicanet.net\/wp-cnet\/wp-json\/wp\/v2\/comments?post=78739"}],"version-history":[{"count":1,"href":"https:\/\/catolicanet.net\/wp-cnet\/wp-json\/wp\/v2\/posts\/78739\/revisions"}],"predecessor-version":[{"id":78741,"href":"https:\/\/catolicanet.net\/wp-cnet\/wp-json\/wp\/v2\/posts\/78739\/revisions\/78741"}],"wp:featuredmedia":[{"embeddable":true,"href":"https:\/\/catolicanet.net\/wp-cnet\/wp-json\/wp\/v2\/media\/78740"}],"wp:attachment":[{"href":"https:\/\/catolicanet.net\/wp-cnet\/wp-json\/wp\/v2\/media?parent=78739"}],"wp:term":[{"taxonomy":"category","embeddable":true,"href":"https:\/\/catolicanet.net\/wp-cnet\/wp-json\/wp\/v2\/categories?post=78739"},{"taxonomy":"post_tag","embeddable":true,"href":"https:\/\/catolicanet.net\/wp-cnet\/wp-json\/wp\/v2\/tags?post=78739"}],"curies":[{"name":"wp","href":"https:\/\/api.w.org\/{rel}","templated":true}]}}