{"id":78624,"date":"2022-12-31T15:22:02","date_gmt":"2022-12-31T18:22:02","guid":{"rendered":"https:\/\/catolicanet.net\/wp-cnet\/?p=78624"},"modified":"2023-01-02T15:23:35","modified_gmt":"2023-01-02T18:23:35","slug":"um-ano-de-paz","status":"publish","type":"post","link":"https:\/\/catolicanet.net\/wp-cnet\/um-ano-de-paz\/","title":{"rendered":"Um ano de paz"},"content":{"rendered":"<p style=\"text-align: center;\"><em>\u201cMinha m\u00e3e e meus irm\u00e3os s\u00e3o aqueles que ouvem a palavra de Deus e a p\u00f5em em pr\u00e1tica\u201d, disse Jesus (Lc 8, 19-21)<\/em><\/p>\n<p style=\"text-align: justify;\">Abrimos 2023 com a Solenidade de Santa Maria, M\u00e3e de Deus, festa lit\u00fargica institu\u00edda pelo Papa Pio XI em 1931, confirmando o Conc\u00edlio de \u00c9feso, ocorrido em 431, quando se concluiu a verdade de f\u00e1 da \u201cmaternidade divina de Maria\u201d. \u00c9 tamb\u00e9m nesta data que se contempla outras mensagens importantes, como a Oitava de Natal, a Circuncis\u00e3o e Sant\u00edssimo Nome de Jesus Cristo e o Dia Mundial da Paz, comemora\u00e7\u00e3o institu\u00edda em 1967 pelo Papa Paulo VI, com sua mensagem para o mundo, diante do risco b\u00e9lico motivado pela Guerra Fria. Assim, n\u00e3o podemos confundir autoria com o Dia Internacional da Paz, este criado pela Organiza\u00e7\u00e3o das Na\u00e7\u00f5es Unidas (ONU) em 1981.<\/p>\n<p style=\"text-align: justify;\">\u00c9 com Maria que aprendemos a conservar a Palavra. <em>\u201cNaquele tempo, os pastores foram com grande pressa e acharam Maria e Jos\u00e9, e o Menino deitado na manjedoura. Vendo-o, contaram o que haviam ouvido sobre o Menino. Todos os que os ouviam ficavam admirados com o que os pastores lhes contavam. Maria, por sua vez, conservava todas essas coisas e as meditava em seu cora\u00e7\u00e3o. Os pastores voltaram glorificando e louvando a Deus por tudo o que tinham ouvido e visto, e concordavam com tudo o que lhes havia sido dito. Completados os oito dias da sua circuncis\u00e3o, o Menino recebeu o nome de Jesus, como o anjo havia dito, antes de ser concebido no seio materno\u201d (Lc 2,16-21).<\/em><\/p>\n<p style=\"text-align: justify;\">Maria, M\u00e3e de Deus, j\u00e1 sabia que Jesus Cristo n\u00e3o era apenas seu Filho. Esse \u00e9 uma das mais sublimes compreens\u00f5es. Saber que o Filho gerado, veio at\u00e9 n\u00f3s, por n\u00f3s e por toda a humanidade. Um momento inspirador de doa\u00e7\u00e3o, com o qual devemos sempre renovar.<\/p>\n<p style=\"text-align: justify;\">Embora tenhamos constru\u00eddo at\u00e9 aqui uma hist\u00f3ria marcada por diferentes motivos \u2014 os bons e os maus \u2014, ainda temos imperfei\u00e7\u00f5es que fogem \u00e0 nossa compreens\u00e3o. Vivemos um tempo de mudan\u00e7as, com uma pandemia ainda presente em nossas vidas. Vivemos um tempo de guerra entre povos, com mortes de milhares de inocentes, m\u00e3es, pais e filhos. Um tempo de crise financeira global. Um tempo de avan\u00e7o da mis\u00e9ria e de concentra\u00e7\u00e3o de poder e renda. E \u00e9 salutar entender que, na outra parte, resistimos por meio da f\u00e9. \u00c9 a f\u00e9 em Cristo que tem nos mantido unidos, uns pelos outros. \u00c9 a f\u00e9 em Deus que tem sustentado a bondade, a generosidade e a compaix\u00e3o. Assim como Maria, M\u00e3e de Deus, que tinha a compress\u00e3o da miss\u00e3o de Jesus ante seu povo, tamb\u00e9m devemos aprender que a f\u00e9 nos une \u2014 ou seja, \u00e9 Jesus em n\u00f3s.<\/p>\n<p style=\"text-align: justify;\">Temos neste 2023 grandes miss\u00f5es em favor da nossa humanidade. Mais do que o desejo sempre presente, devemos fazer a nossa parte, como crist\u00e3os, reagindo a quem promove o \u00f3dio, a quem decide pela exclus\u00e3o, a quem impede a alegria, a sa\u00fade e o bem-estar; a quem usa o trabalho para explorar. Devemos reagir \u00e0 concentra\u00e7\u00e3o de poder, porque o poder \u00fanico \u00e9 s\u00f3 d\u2019Ele. Porque Ele o faz por n\u00f3s! Como crist\u00e3os, o grande passo em prol do mundo come\u00e7a pequeno. Jesus Cristo mudou o mundo com passos pequenos. Podemos \u2014 e devemos \u2014 pacificar o nosso entorno, estender \u00e0s m\u00e3os a quem precisa. Devemos zelar por nossas riquezas naturais, por nossa fauna e flora \u2014\u00a0n\u00e3o sujar j\u00e1 \u00e9 um bom come\u00e7o. Devemos, sempre, ser solid\u00e1rios, nos gestos, nas a\u00e7\u00f5es e na nossa f\u00e9 em Cristo. Que tenhamos um 2023 de paz e harmonia. E que a f\u00e9 em Jesus Cristo, o filho de Maria, siga viva em n\u00f3s, para que possamos vencer as dificuldades.<\/p>\n<p style=\"text-align: justify;\">Sauda\u00e7\u00f5es em Cristo!<\/p>\n","protected":false},"excerpt":{"rendered":"<p>\u201cMinha m\u00e3e e meus irm\u00e3os s\u00e3o aqueles que ouvem a palavra de Deus e a p\u00f5em em pr\u00e1tica\u201d, disse Jesus (Lc 8, 19-21) Abrimos 2023 com a Solenidade de Santa Maria, M\u00e3e de Deus, festa lit\u00fargica institu\u00edda pelo Papa Pio XI em 1931, confirmando o Conc\u00edlio de \u00c9feso, ocorrido em 431, quando se concluiu a [&hellip;]<\/p>\n","protected":false},"author":10,"featured_media":55817,"comment_status":"open","ping_status":"closed","sticky":false,"template":"","format":"standard","meta":{"footnotes":""},"categories":[9],"tags":[],"class_list":["post-78624","post","type-post","status-publish","format-standard","has-post-thumbnail","hentry","category-artigos"],"_links":{"self":[{"href":"https:\/\/catolicanet.net\/wp-cnet\/wp-json\/wp\/v2\/posts\/78624","targetHints":{"allow":["GET"]}}],"collection":[{"href":"https:\/\/catolicanet.net\/wp-cnet\/wp-json\/wp\/v2\/posts"}],"about":[{"href":"https:\/\/catolicanet.net\/wp-cnet\/wp-json\/wp\/v2\/types\/post"}],"author":[{"embeddable":true,"href":"https:\/\/catolicanet.net\/wp-cnet\/wp-json\/wp\/v2\/users\/10"}],"replies":[{"embeddable":true,"href":"https:\/\/catolicanet.net\/wp-cnet\/wp-json\/wp\/v2\/comments?post=78624"}],"version-history":[{"count":1,"href":"https:\/\/catolicanet.net\/wp-cnet\/wp-json\/wp\/v2\/posts\/78624\/revisions"}],"predecessor-version":[{"id":78625,"href":"https:\/\/catolicanet.net\/wp-cnet\/wp-json\/wp\/v2\/posts\/78624\/revisions\/78625"}],"wp:featuredmedia":[{"embeddable":true,"href":"https:\/\/catolicanet.net\/wp-cnet\/wp-json\/wp\/v2\/media\/55817"}],"wp:attachment":[{"href":"https:\/\/catolicanet.net\/wp-cnet\/wp-json\/wp\/v2\/media?parent=78624"}],"wp:term":[{"taxonomy":"category","embeddable":true,"href":"https:\/\/catolicanet.net\/wp-cnet\/wp-json\/wp\/v2\/categories?post=78624"},{"taxonomy":"post_tag","embeddable":true,"href":"https:\/\/catolicanet.net\/wp-cnet\/wp-json\/wp\/v2\/tags?post=78624"}],"curies":[{"name":"wp","href":"https:\/\/api.w.org\/{rel}","templated":true}]}}