{"id":78610,"date":"2023-01-01T09:11:08","date_gmt":"2023-01-01T12:11:08","guid":{"rendered":"https:\/\/catolicanet.net\/wp-cnet\/?p=78610"},"modified":"2023-01-02T15:13:12","modified_gmt":"2023-01-02T18:13:12","slug":"dia-mundial-da-paz-3","status":"publish","type":"post","link":"https:\/\/catolicanet.net\/wp-cnet\/dia-mundial-da-paz-3\/","title":{"rendered":"Dia Mundial da Paz"},"content":{"rendered":"<p style=\"text-align: justify;\">\u00a0\u00a0\u00a0\u00a0\u00a0\u00a0\u00a0\u00a0 A mensagem do Papa Francisco para o 56\u00ba Dia Mundial da Paz, celebrado em 1\u00aa de janeiro de 2023 nos chama \u00e0 unidade: juntos! O texto tem como tema: \u201cNingu\u00e9m pode salvar-se sozinho. Juntos, recomecemos a partir da covid-19 para tra\u00e7as sendas de paz\u201d.<\/p>\n<p style=\"text-align: justify;\">\u00a0\u00a0\u00a0\u00a0\u00a0\u00a0\u00a0\u00a0 O Papa Francisco come\u00e7a a sua mensagem pautando no texto b\u00edblico de da primeira Carta aos Tessalonicenses. \u201cQuanto aos tempos e aos momentos, irm\u00e3os, n\u00e3o precisais que vos escreva. Com efeito, v\u00f3s pr\u00f3prios sabeis perfeitamente que o Dia do Senhor chega de noite como um ladr\u00e3o\u201d (I Carta de S\u00e3o Paulo aos Tessalonicenses\u00a05, 1-2). O Santo Padre recorda o significado das palavras do Ap\u00f3stolo: \u201cCom estas palavras, o ap\u00f3stolo Paulo convidava a comunidade de Tessal\u00f4nica a que, na expetativa do encontro com o Senhor, permanecesse firme, com os p\u00e9s e o cora\u00e7\u00e3o bem assentes na terra, capaz dum olhar atento sobre a realidade e os fatos da hist\u00f3ria. Assim, embora apare\u00e7am t\u00e3o tr\u00e1gicos os acontecimentos da nossa exist\u00eancia sentindo-nos impelidos para o t\u00fanel obscuro e dif\u00edcil da injusti\u00e7a e do sofrimento, somos chamados a manter o cora\u00e7\u00e3o aberto \u00e0 esperan\u00e7a, confiados em Deus que Se faz presente, nos acompanha com ternura, apoia os nossos esfor\u00e7os e sobretudo orienta o nosso caminho. Por isso, S\u00e3o Paulo n\u00e3o cessa de exortar a comunidade a vigiar, procurando o bem, a justi\u00e7a e a verdade: \u00abn\u00e3o durmamos (\u2026) como os outros, mas vigiemos e sejamos s\u00f3brios\u201d (5, 6). \u00c9 um convite a permanecer despertos, a n\u00e3o nos fechar no medo, na dor ou na resigna\u00e7\u00e3o, n\u00e3o ceder \u00e0 dissipa\u00e7\u00e3o, nem desanimar, mas, pelo contr\u00e1rio, a ser como sentinelas capazes de vigiar vislumbrando as primeiras luzes da aurora, sobretudo nas horas mais escuras\u201d (Retirado do site: <a href=\"https:\/\/www.vatican.va\/content\/francesco\/pt\/messages\/peace\/documents\/20221208-messaggio-56giornatamondiale-pace2023.html\">56\u00ba Dia Mundial da Paz 2023 &#8211; Ningu\u00e9m pode salvar-se sozinho. Juntos, recomecemos a partir de Covid-19 para tra\u00e7ar sendas de paz | Francisco (vatican.va)<\/a>. Acesso: 29\/12\/2022).<\/p>\n<p style=\"text-align: justify;\">\u00a0\u00a0\u00a0\u00a0\u00a0\u00a0\u00a0\u00a0 O Papa Francisco tamb\u00e9m vai recordar do triste momento que vivenciamos nos \u00faltimos anos com a Covid-19 e com as guerras. \u201cA Covid-19 precipitou-nos no cora\u00e7\u00e3o da noite, desestabilizando a nossa vida quotidiana, transtornando os nossos planos e h\u00e1bitos, subvertendo a aparente tranquilidade mesmo das sociedades mais privilegiadas, gerando desorienta\u00e7\u00e3o e sofrimento, causando a morte de tantos irm\u00e3os e irm\u00e3s nossos. A par das manifesta\u00e7\u00f5es f\u00edsicas, a Covid-19 provocou \u2013 inclusive com efeitos de longa dura\u00e7\u00e3o \u2013 um mal-estar geral, que se concentrou no cora\u00e7\u00e3o de tantas pessoas e fam\u00edlias, com implica\u00e7\u00f5es n\u00e3o transcur\u00e1veis, incrementadas por longos per\u00edodos de isolamento e diversas limita\u00e7\u00f5es da liberdade. Al\u00e9m disso, n\u00e3o podemos esquecer como a pandemia atingiu pontos sens\u00edveis da ordem social e econ\u00f4mica, pondo a descoberto contradi\u00e7\u00f5es e desigualdades. Amea\u00e7ou a seguran\u00e7a laboral de muitos e agravou a solid\u00e3o sempre mais generalizada nas nossas sociedades, especialmente a solid\u00e3o dos mais fr\u00e1geis e pobres. Pensemos, por exemplo, nos milh\u00f5es de trabalhadores n\u00e3o regularizados em muitas partes do mundo, que ficaram sem trabalho nem qualquer apoio durante todo o per\u00edodo de confinamento\u201d (Retirado do site: <a href=\"https:\/\/www.vatican.va\/content\/francesco\/pt\/messages\/peace\/documents\/20221208-messaggio-56giornatamondiale-pace2023.html\">56\u00ba Dia Mundial da Paz 2023 &#8211; Ningu\u00e9m pode salvar-se sozinho. Juntos, recomecemos a partir de Covid-19 para tra\u00e7ar sendas de paz &#8211; Francisco (vatican.va)<\/a>. Acesso: 29\/12\/2022).<\/p>\n<p style=\"text-align: justify;\">\u00a0\u00a0\u00a0\u00a0\u00a0\u00a0\u00a0\u00a0 Outro triste acontecimento que o Papa nos recorda \u00e9 a guerra: \u201centretanto, quando j\u00e1 ous\u00e1vamos esperar que estivesse superado o pior da noite da pandemia de Covid-19, eis que se abateu sobre a humanidade uma nova e terr\u00edvel desgra\u00e7a. Assistimos ao aparecimento doutro flagelo \u2013 uma nova guerra \u2013 compar\u00e1vel em parte \u00e0 Covid-19, mas pilotado por op\u00e7\u00f5es humanas culp\u00e1veis. A guerra na Ucr\u00e2nia ceifa v\u00edtimas inocentes e espalha a incerteza, n\u00e3o s\u00f3 para quantos s\u00e3o diretamente afetados por ela, mas de forma generalizada e indiscriminada para todos, mesmo para aqueles que, a milhares de quil\u00f3metros de dist\u00e2ncia, sofrem os seus efeitos colaterais: basta pensar nos problemas do trigo e nos pre\u00e7os dos combust\u00edveis\u201d (Retirado do site: <a href=\"https:\/\/www.vatican.va\/content\/francesco\/pt\/messages\/peace\/documents\/20221208-messaggio-56giornatamondiale-pace2023.html\">56\u00ba Dia Mundial da Paz 2023 &#8211; Ningu\u00e9m pode salvar-se sozinho. Juntos, recomecemos a partir de Covid-19 para tra\u00e7ar sendas de paz | Francisco (vatican.va)<\/a>. Acesso: 29\/12\/2022).<\/p>\n<p style=\"text-align: justify;\">\u00a0\u00a0\u00a0\u00a0\u00a0\u00a0\u00a0\u00a0 O Papa Francisco mesmo em meio a tantas situa\u00e7\u00f5es deplor\u00e1veis acontecendo ele pede-nos que tenhamos coragem e esperan\u00e7a para fazer e construir um mundo de paz e justi\u00e7a. \u201cDeus transforme os nossos crit\u00e9rios habituais de interpreta\u00e7\u00e3o do mundo e da realidade. N\u00e3o podemos continuar a pensar apenas em salvaguardar o espa\u00e7o dos nossos interesses pessoais ou nacionais, mas devemos repensar-nos \u00e0 luz do bem comum, com um sentido comunit\u00e1rio, como um \u201cn\u00f3s\u201d aberto \u00e0 fraternidade universal. N\u00e3o podemos ter em vista apenas a prote\u00e7\u00e3o de n\u00f3s pr\u00f3prios, mas \u00e9 hora de nos comprometermos todos em prol da cura da nossa sociedade e do nosso planeta, criando as bases para um mundo mais justo e pac\u00edfico, seriamente empenhado na busca do bem que seja verdadeiramente comum\u201d \u00a0(Retirado do site: <a href=\"https:\/\/www.vatican.va\/content\/francesco\/pt\/messages\/peace\/documents\/20221208-messaggio-56giornatamondiale-pace2023.html\">56\u00ba Dia Mundial da Paz 2023 &#8211; Ningu\u00e9m pode salvar-se sozinho. Juntos, recomecemos a partir de Covid-19 para tra\u00e7ar sendas de paz | Francisco (vatican.va)<\/a>. Acesso: 29\/12\/2022).<\/p>\n<p style=\"text-align: justify;\">Podemos acrescentar tantas situa\u00e7\u00f5es de viol\u00eancia e divis\u00e3o ao nosso redor com tantas inseguran\u00e7as e situa\u00e7\u00f5es dos que vivem sem teto, trabalho e longe da justi\u00e7a social. Que o nosso trabalho de ser canais de unidade fraterna nos ajude a construir a paz acolhendo o com o do Senhor. Olhemos com esperan\u00e7a e confian\u00e7a o amanh\u00e3. Assim, quero desejar a todos um aben\u00e7oado ano de 2023. Que o Senhor seja a nossa Paz, que Ele nos d\u00ea a Sua Paz!<\/p>\n","protected":false},"excerpt":{"rendered":"<p>\u00a0\u00a0\u00a0\u00a0\u00a0\u00a0\u00a0\u00a0 A mensagem do Papa Francisco para o 56\u00ba Dia Mundial da Paz, celebrado em 1\u00aa de janeiro de 2023 nos chama \u00e0 unidade: juntos! O texto tem como tema: \u201cNingu\u00e9m pode salvar-se sozinho. Juntos, recomecemos a partir da covid-19 para tra\u00e7as sendas de paz\u201d. \u00a0\u00a0\u00a0\u00a0\u00a0\u00a0\u00a0\u00a0 O Papa Francisco come\u00e7a a sua mensagem pautando no [&hellip;]<\/p>\n","protected":false},"author":5,"featured_media":55819,"comment_status":"open","ping_status":"closed","sticky":false,"template":"","format":"standard","meta":{"footnotes":""},"categories":[9],"tags":[],"class_list":["post-78610","post","type-post","status-publish","format-standard","has-post-thumbnail","hentry","category-artigos"],"_links":{"self":[{"href":"https:\/\/catolicanet.net\/wp-cnet\/wp-json\/wp\/v2\/posts\/78610","targetHints":{"allow":["GET"]}}],"collection":[{"href":"https:\/\/catolicanet.net\/wp-cnet\/wp-json\/wp\/v2\/posts"}],"about":[{"href":"https:\/\/catolicanet.net\/wp-cnet\/wp-json\/wp\/v2\/types\/post"}],"author":[{"embeddable":true,"href":"https:\/\/catolicanet.net\/wp-cnet\/wp-json\/wp\/v2\/users\/5"}],"replies":[{"embeddable":true,"href":"https:\/\/catolicanet.net\/wp-cnet\/wp-json\/wp\/v2\/comments?post=78610"}],"version-history":[{"count":1,"href":"https:\/\/catolicanet.net\/wp-cnet\/wp-json\/wp\/v2\/posts\/78610\/revisions"}],"predecessor-version":[{"id":78611,"href":"https:\/\/catolicanet.net\/wp-cnet\/wp-json\/wp\/v2\/posts\/78610\/revisions\/78611"}],"wp:featuredmedia":[{"embeddable":true,"href":"https:\/\/catolicanet.net\/wp-cnet\/wp-json\/wp\/v2\/media\/55819"}],"wp:attachment":[{"href":"https:\/\/catolicanet.net\/wp-cnet\/wp-json\/wp\/v2\/media?parent=78610"}],"wp:term":[{"taxonomy":"category","embeddable":true,"href":"https:\/\/catolicanet.net\/wp-cnet\/wp-json\/wp\/v2\/categories?post=78610"},{"taxonomy":"post_tag","embeddable":true,"href":"https:\/\/catolicanet.net\/wp-cnet\/wp-json\/wp\/v2\/tags?post=78610"}],"curies":[{"name":"wp","href":"https:\/\/api.w.org\/{rel}","templated":true}]}}