{"id":78595,"date":"2023-01-01T09:00:12","date_gmt":"2023-01-01T12:00:12","guid":{"rendered":"https:\/\/catolicanet.net\/wp-cnet\/?p=78595"},"modified":"2023-01-02T15:01:12","modified_gmt":"2023-01-02T18:01:12","slug":"01-de-janeiro-de-2023-lc-216-21-solenidade-da-santa-mae-de-deus-e-dia-da-confraternizacao-universal","status":"publish","type":"post","link":"https:\/\/catolicanet.net\/wp-cnet\/01-de-janeiro-de-2023-lc-216-21-solenidade-da-santa-mae-de-deus-e-dia-da-confraternizacao-universal\/","title":{"rendered":"01 de Janeiro de 2023 (Lc 2,16-21): Solenidade da Santa M\u00e3e de Deus e dia da Confraterniza\u00e7\u00e3o Universal."},"content":{"rendered":"<p style=\"text-align: justify;\">Depois os pastores voltaram glorificando e louvando a Deus, por tudo o que tinham ouvido e visto, conforme o que lhes fora dito. (Lc 2,20) Maria, por\u00e9m, conservava todas essas recorda\u00e7\u00f5es, meditando-as em seu cora\u00e7\u00e3o. (Lc 2,19)<\/p>\n<p style=\"text-align: justify;\">Os pastores deslocaram-se, outrora, \u00e0 Bel\u00e9m, apressados e curiosos. N\u00f3s, tamb\u00e9m, devemos, deslocando-nos, pelos caminhos da vida, buscar Jesus Cristo, com f\u00e9 e amor, servindo-O nos irm\u00e3os e irm\u00e3s.<\/p>\n<p style=\"text-align: justify;\"><strong>1\u00ba<\/strong> Ontem \u00e0 noite, \u00e0 hora vig\u00e9sima quarta, fechamos, com chave de ouro o ano de 2022. Hoje, com f\u00e9 e esperan\u00e7a, abrimos o novo ano de 2023, propondo-nos, de assumirmos com amor, pedindo que Deus nos d\u00ea vida e sa\u00fade, para podermos trabalhar para Sua maior gl\u00f3ria, pelo bem do Reino e para o progresso de nossa querida p\u00e1tria: o Brasil. Pelas nossas falhas, pedimos perd\u00e3o, pois temos consci\u00eancia, de que dever\u00edamos ser bem melhores, de quanto somos. Falhamos.<\/p>\n<p style=\"text-align: justify;\"><strong>2\u00ba<\/strong> Motivados pela Igreja, queremos assumir 2023, com Maria, nossa querida m\u00e3e bem como a Santa M\u00e3e de Jesus Cristo. Ela foi escolhida, desde sempre, pelo Pai para torna-se, a m\u00e3e do redentor, pela a\u00e7\u00e3o do Esp\u00edrito Santo. Portanto, com Cristo supremo pastor, queremos trabalhar, cuidando do seu rebanho. Para consegui-lo, repito: a Igreja nos sugere de come\u00e7ar o ano, com Maria. Ela, deveras, cuidou, muito bem, do neonato &#8211; o Salvador- e agora, certamente, vai interessar-se pelo bem-estar do rebanho. Se no passado, Ela, sempre, esteve ao lado do Filho, hoje quer estar ao lado do povo de Deus. Como encarar, hoje no Brasil, onde certamente, n\u00e3o est\u00e1 faltando vinho, como em Can\u00e1 (Jo 2,3) nosso testemunho crist\u00e3o, se est\u00e1 faltando, algo muito mais importante: o amor, a fraternidade e a paz? Ademais os problemas que a p\u00f3s-modernidade est\u00e1 gerando, n\u00e3o est\u00e3o crescendo sempre mais?<\/p>\n<p style=\"text-align: justify;\"><strong>3\u00ba<\/strong> No Evangelho, de hoje, (Lc 2,16-21), os pastores e Maria est\u00e3o exercendo suas fun\u00e7\u00f5es. Eles (os pastores) deixaram a todos encantados, pelo que ouviram e transmitiram. Foram os primeiros evangelizadores. Em nossos dias, o dom da viv\u00eancia do Evangelho, cabe a todos n\u00f3s. Os anos que Deus nos permite viver, n\u00e3o s\u00e3o apenas, para ganhar dinheiro, mas sobretudo, para ajudar a dilatar os limites do Reino de Deus. N\u00e3o tenhamos medo: Jesus Cristo e Maria est\u00e3o conosco. Penso, que esperem muito de n\u00f3s. Felicidades ent\u00e3o e m\u00e3o \u00e0 obra.<\/p>\n<p style=\"text-align: justify;\"><strong>4\u00ba<\/strong> A Ben\u00e7\u00e3o de Aar\u00e3o, que a primeira leitura nos apresenta, \u00e9 dada hoje a n\u00f3s todos. Ele aben\u00e7oava assim: \u201co Senhor te d\u00ea a ben\u00e7\u00e3o e te guarde! O Senhor fa\u00e7a resplandecer sobre ti seu olhar e te conceda sua gra\u00e7a! O Senhor volte para ti seu olhar e te d\u00ea a paz!\u201d (Nu 6,24-26). Queremos come\u00e7ar o novo ano, com a ben\u00e7\u00e3o do Senhor e vive-lo, sob seu olhar, para termin\u00e1-lo, para Sua maior gl\u00f3ria.<\/p>\n<p style=\"text-align: justify;\"><strong>5\u00ba<\/strong> Parab\u00e9ns grande fam\u00edlia da Pr\u00f3-Sa\u00fade: Padre Wagner Portugal (CEO) e demais diretores. A esta grande fam\u00edlia da Pr\u00f3-Sa\u00fade, pertencem, tamb\u00e9m, m\u00e9dicos (as), enfermeiros(as) e funcion\u00e1rios(as). Com vossa dedica\u00e7\u00e3o e competente desempenho, haver\u00e1 mais sa\u00fade e menos tristeza. Felicidades e um aben\u00e7oado ano de 2023.<\/p>\n","protected":false},"excerpt":{"rendered":"<p>Depois os pastores voltaram glorificando e louvando a Deus, por tudo o que tinham ouvido e visto, conforme o que lhes fora dito. (Lc 2,20) Maria, por\u00e9m, conservava todas essas recorda\u00e7\u00f5es, meditando-as em seu cora\u00e7\u00e3o. (Lc 2,19) Os pastores deslocaram-se, outrora, \u00e0 Bel\u00e9m, apressados e curiosos. N\u00f3s, tamb\u00e9m, devemos, deslocando-nos, pelos caminhos da vida, buscar [&hellip;]<\/p>\n","protected":false},"author":119,"featured_media":77698,"comment_status":"open","ping_status":"closed","sticky":false,"template":"","format":"standard","meta":{"footnotes":""},"categories":[9],"tags":[],"class_list":["post-78595","post","type-post","status-publish","format-standard","has-post-thumbnail","hentry","category-artigos"],"_links":{"self":[{"href":"https:\/\/catolicanet.net\/wp-cnet\/wp-json\/wp\/v2\/posts\/78595","targetHints":{"allow":["GET"]}}],"collection":[{"href":"https:\/\/catolicanet.net\/wp-cnet\/wp-json\/wp\/v2\/posts"}],"about":[{"href":"https:\/\/catolicanet.net\/wp-cnet\/wp-json\/wp\/v2\/types\/post"}],"author":[{"embeddable":true,"href":"https:\/\/catolicanet.net\/wp-cnet\/wp-json\/wp\/v2\/users\/119"}],"replies":[{"embeddable":true,"href":"https:\/\/catolicanet.net\/wp-cnet\/wp-json\/wp\/v2\/comments?post=78595"}],"version-history":[{"count":1,"href":"https:\/\/catolicanet.net\/wp-cnet\/wp-json\/wp\/v2\/posts\/78595\/revisions"}],"predecessor-version":[{"id":78596,"href":"https:\/\/catolicanet.net\/wp-cnet\/wp-json\/wp\/v2\/posts\/78595\/revisions\/78596"}],"wp:featuredmedia":[{"embeddable":true,"href":"https:\/\/catolicanet.net\/wp-cnet\/wp-json\/wp\/v2\/media\/77698"}],"wp:attachment":[{"href":"https:\/\/catolicanet.net\/wp-cnet\/wp-json\/wp\/v2\/media?parent=78595"}],"wp:term":[{"taxonomy":"category","embeddable":true,"href":"https:\/\/catolicanet.net\/wp-cnet\/wp-json\/wp\/v2\/categories?post=78595"},{"taxonomy":"post_tag","embeddable":true,"href":"https:\/\/catolicanet.net\/wp-cnet\/wp-json\/wp\/v2\/tags?post=78595"}],"curies":[{"name":"wp","href":"https:\/\/api.w.org\/{rel}","templated":true}]}}