{"id":78589,"date":"2023-01-01T08:57:07","date_gmt":"2023-01-01T11:57:07","guid":{"rendered":"https:\/\/catolicanet.net\/wp-cnet\/?p=78589"},"modified":"2023-01-02T14:58:06","modified_gmt":"2023-01-02T17:58:06","slug":"recordando-o-papa-bento-xvi","status":"publish","type":"post","link":"https:\/\/catolicanet.net\/wp-cnet\/recordando-o-papa-bento-xvi\/","title":{"rendered":"Recordando o Papa Bento XVI"},"content":{"rendered":"<p style=\"text-align: justify;\">\u00a0\u00a0\u00a0\u00a0\u00a0\u00a0\u00a0\u00a0 Na clausura de 2022, dia 31 de dezembro, o Senhor chamou para fazer parte da vinha celestial, o nosso querido Papa Em\u00e9rito Bento XVI. <em>Sabemos que a vida e o pontificado do Papa Em\u00e9rito Bento XVI foran marcados por uma entrega a Deus. Para isso, eis que queremos relembrar alguns momentos importantes de sua vida. O <\/em>Papa Em\u00e9rito Bento XVI, nasceu em Marktl am Inn, diocese de Passau (Alemanha), no dia 16 de abril de 1927 (S\u00e1bado Santo), e foi batizado no mesmo dia. O seu pai, comiss\u00e1rio da pol\u00edcia, provinha duma antiga fam\u00edlia de agricultores da Baixa Baviera, de modestas condi\u00e7\u00f5es econ\u00f3micas. A sua m\u00e3e era filha de artes\u00e3os de Rimsting, no lago de Chiem, e antes de casar trabalhara como cozinheira em v\u00e1rios hot\u00e9is. O per\u00edodo da sua juventude n\u00e3o foi f\u00e1cil. A f\u00e9 e a educa\u00e7\u00e3o da sua fam\u00edlia prepararam-no para enfrentar a dura experi\u00eancia daqueles tempos, em que o regime nazista mantinha um clima de grande hostilidade contra a Igreja Cat\u00f3lica. O jovem Joseph viu os nazistas a\u00e7oitarem o p\u00e1roco antes da celebra\u00e7\u00e3o da Santa Missa.<\/p>\n<p style=\"text-align: justify;\">\u00a0\u00a0\u00a0\u00a0\u00a0\u00a0\u00a0\u00a0 Recebeu a Ordena\u00e7\u00e3o Sacerdotal em 29 de junho de 1951. Um ano depois, come\u00e7ou a sua atividade de professor na Escola Superior de Freising. No ano de 1953, doutorou-se em teologia com a tese \u201cPovo e Casa de Deus na doutrina da Igreja de Santo Agostinho\u201d. Passados quatro anos, sob a dire\u00e7\u00e3o do conhecido professor de teologia fundamental Gottlieb S\u00f6hngen, conseguiu a habilita\u00e7\u00e3o para a doc\u00eancia com uma disserta\u00e7\u00e3o sobre \u201cA teologia da hist\u00f3ria em S\u00e3o Boaventura\u201d. Depois de desempenhar o cargo de professor de teologia dogm\u00e1tica e fundamental na Escola Superior de Filosofia e Teologia de Freising, continuou \u00e0 doc\u00eancia em Bonn, de 1959 a 1963; em M\u00fcnster, de 1963 a 1966; e em Tubinga, de 1966 a 1969. A partir deste ano de 1969, passou a ser catedr\u00e1tico de dogm\u00e1tica e hist\u00f3ria do dogma na Universidade de Ratisbona, onde ocupou tamb\u00e9m o cargo de Vice-Reitor da Universidade. De 1962 a 1965, prestou um not\u00e1vel contributo ao Conc\u00edlio Ecum\u00eanico Vaticano II como \u201cperito\u201d; viera como consultor teol\u00f3gico do Cardeal Joseph Frings, Arcebispo de Col\u00f4nia.<\/p>\n<p style=\"text-align: justify;\">Em 25 de Mar\u00e7o de 1977, o Papa Paulo VI nomeou-o Arcebispo de M\u00fcnchen e Freising. A 28 de Maio seguinte, recebeu a sagra\u00e7\u00e3o episcopal. Foi o primeiro sacerdote diocesano, depois de oitenta anos, que assumiu o governo pastoral da grande arquidiocese b\u00e1vara. Escolheu como lema episcopal: \u201cColaborador da verdade\u201d. O Beato Paulo VI criou-o Cardeal, do t\u00edtulo presbiteral de \u201cSanta Maria da Consola\u00e7\u00e3o no Tiburtino\u201d, no Consist\u00f3rio de 27 de junho desse mesmo ano.<\/p>\n<p style=\"text-align: justify;\">S\u00e3o Jo\u00e3o Paulo II, nomeou-o Prefeito da Congrega\u00e7\u00e3o para a Doutrina da F\u00e9 e Presidente da Pontif\u00edcia Comiss\u00e3o B\u00edblica e da Comiss\u00e3o Teol\u00f3gica Internacional, em 25 de novembro de 1981. No dia 15 de fevereiro de 1982, renunciou ao governo pastoral da arquidiocese de M\u00fcnchen e Freising. O Papa elevou-o \u00e0 Ordem dos Bispos, atribuindo-lhe a sede suburbic\u00e1ria de Velletri-Segni, em 5 de abril de 1993. Foi Presidente da Comiss\u00e3o encarregada da prepara\u00e7\u00e3o do Catecismo da Igreja Cat\u00f3lica, a qual, ap\u00f3s seis anos de trabalho (1986-1992), apresentou ao Santo Padre o novo Catecismo. A 6 de Novembro de 1998, o Santo Padre aprovou a elei\u00e7\u00e3o do Cardeal Ratzinger para Vice-Decano do Col\u00e9gio Cardinal\u00edcio, realizada pelos Cardeais da Ordem dos Bispos. E, no dia 30 de novembro de 2002, aprovou a sua elei\u00e7\u00e3o para Decano; com este cargo, foi-lhe atribu\u00edda tamb\u00e9m a sede suburbic\u00e1ria de \u00d3stia.<\/p>\n<p style=\"text-align: justify;\">\u00a0\u00a0\u00a0\u00a0\u00a0\u00a0\u00a0\u00a0 \u201cNa C\u00faria Romana, foi Membro do Conselho da Secretaria de Estado para as Rela\u00e7\u00f5es com os Estados; das Congrega\u00e7\u00f5es para as Igrejas Orientais, para o Culto Divino e a Disciplina dos Sacramentos, para os Bispos, para a Evangeliza\u00e7\u00e3o dos Povos, para a Educa\u00e7\u00e3o Cat\u00f3lica, para o Clero, e para as Causas dos Santos; dos Conselhos Pontif\u00edcios para a Promo\u00e7\u00e3o da Unidade dos Crist\u00e3os, e para a Cultura; do Tribunal Supremo da Signatura Apost\u00f3lica; e das Comiss\u00f5es Pontif\u00edcias para a Am\u00e9rica Latina, \u201cEcclesia Dei\u201d, para a Interpreta\u00e7\u00e3o Aut\u00eantica do C\u00f3digo de Direito Can\u00f3nico, e para a revis\u00e3o do C\u00f3digo de Direito Can\u00f3nico Oriental\u201d (Retirado do site: <a href=\"http:\/\/w2.vatican.va\/content\/benedict-xvi\/pt\/biography\/documents\/hf_ben-xvi_bio_20050419_short-biography.html\">http:\/\/w2.vatican.va\/content\/benedict-xvi\/pt\/biography\/documents\/hf_ben-xvi_bio_20050419_short-biography.html<\/a>. Acesso em 31\/12\/2022).<\/p>\n<p style=\"text-align: justify;\">\u00a0\u00a0\u00a0\u00a0\u00a0\u00a0\u00a0\u00a0 Entre as suas numerosas publica\u00e7\u00f5es, ocupam lugar de destaque o livro \u201cIntrodu\u00e7\u00e3o ao Cristianismo\u201d, uma compila\u00e7\u00e3o de li\u00e7\u00f5es universit\u00e1rias publicadas em 1968 sobre a profiss\u00e3o de f\u00e9 apost\u00f3lica, e o livro \u201cDogma e Revela\u00e7\u00e3o\u201d (1973), uma antologia de ensaios, homilias e medita\u00e7\u00f5es, dedicadas \u00e0 pastoral. Recebeu numerosos t\u00edtulos de doutor \u00abhonoris causa\u00bb: pelo College of St. Thomas em St. Paul (Minnesota, Estados Unidos), em 1984; pela Universidade Cat\u00f3lica de Eichst\u00e4tt, em 1987; pela Universidade Cat\u00f3lica de Lima, em 1986; pela Universidade Cat\u00f3lica de Lublin, em 1988; pela Universidade de Navarra (Pamplona, Espanha), em 1998; pela Livre Universidade Maria Sant\u00edssima Assunta (LUMSA, Roma), em 1999; pela Faculdade de Teologia da Universidade de Wroclaw (Pol\u00f4nia) no ano 2000.<\/p>\n<h1 style=\"text-align: justify;\">\u00a0\u00a0\u00a0\u00a0\u00a0\u00a0\u00a0\u00a0 Desde que assumiu o Pontificado em 2005, escreveu tr\u00eas cartas enc\u00edclicas: <em>Deus Caritas Est<\/em> (25 de dezembro de 2005), <em>Spe Salvi<\/em> (30 de novembro de 2007) e <em>Caritas in Veritate<\/em> (29 de junho de 2009). Fez quatro exorta\u00e7\u00f5es Apost\u00f3licas: <a href=\"http:\/\/w2.vatican.va\/content\/benedict-xvi\/pt\/apost_exhortations\/documents\/hf_ben-xvi_exh_20070222_sacramentum-caritatis.html\"><em>Sacramentum Caritatis<\/em>: Exorta\u00e7\u00e3o Apost\u00f3lica P\u00f3s-Sinodal sobre a Eucaristia fonte e \u00e1pice da vida e da miss\u00e3o da Igreja (22 de fevereiro de 2007)<\/a>, <em>Verbum Domini<\/em> (22 de Fevereiro de 2007), <em>Afracae munus<\/em> (19 de novembro de 2011) e <em>Ecclesia in m\u00e9dio oriente<\/em> (14 de setembro de 2012). Escreveu v\u00e1rios Motu pr\u00f3prio, Cartas Apost\u00f3licas e Cartas.<\/h1>\n<h1 style=\"text-align: justify;\">\u00a0\u00a0\u00a0\u00a0\u00a0\u00a0\u00a0\u00a0 Fez v\u00e1rias viagens Apost\u00f3licas, sendo que no Brasil veio em ocasi\u00e3o da V Confer\u00eancia Geral do Episcopado da Am\u00e9rica Latina e do Caribe (celebrado entre os dias 9-14 de maio de 2007). Posso assim destacar que O Saudoso Papa Em\u00e9rito XVI, p\u00f4de ser conhecido como o Papa \u201cTe\u00f3logo\u201d, pois, em seus discursos, enc\u00edclicas, cartas e homilias, s\u00e3o conhecidos pela grande profundidade e eloqu\u00eancia teol\u00f3gica. De seus escritos e homilias podemos assim tirar muito proveito para a nossa vida espiritual. Quantos poder\u00e3o inspirar temas para retiros espirituais. Desde a sua renuncia em 28 de fevereiro de 2013, viveu de maneira orante e silenciosa, simples e discreta.<\/h1>\n<p style=\"text-align: justify;\">\u00a0\u00a0\u00a0\u00a0\u00a0\u00a0\u00a0\u00a0 Encontrou-se algumas vezes com o Papa Francisco:<strong> \u201c<\/strong>O primeira \u2013 hist\u00f3rico \u2013 foi o encontro em Castel Gandolfo, no dia 23 de mar\u00e7o de 2013, quando Bento XVI e Francisco rezaram juntos por alguns momentos.\u00a0\u00a0 Depois disso, em 5 de julho de 2013, Bento XVI apareceu novamente ao lado de Francisco durante a inaugura\u00e7\u00e3o de um monumento a S\u00e3o Miguel, nos Jardins Vaticanos. Em 22 de fevereiro de 2014, durante o consist\u00f3rio para a cria\u00e7\u00e3o de novos cardeais, a Bas\u00edlica Vaticana teve pela primeira vez na hist\u00f3ria a presen\u00e7a de dois papas. Ratzinger voltaria a encontrar o p\u00fablico \u2013 e Bergoglio \u2013 em 27 de abril de 2014, quando da canoniza\u00e7\u00e3o de S\u00e3o Jo\u00e3o Paulo II e S\u00e3o Jo\u00e3o XXIII, na Pra\u00e7a S\u00e3o Pedro. Dois meses mais tarde, em 28 de setembro, a convite de Francisco, Bento XVI voltou \u00e0 Pra\u00e7a S\u00e3o Pedro, onde participou do encontro com a terceira idade. O Papa em\u00e9rito aparecera bem disposto, apesar de caminhar muito devagar e com a ajuda de uma bengala. Sempre a convite do Papa Francisco, Bento XVI esteve novamente na Pra\u00e7a S\u00e3o Pedro em 19 de outubro de 2014, quando concelebrou o rito de beatifica\u00e7\u00e3o do Papa Paulo VI. Em 2015, Bento XVI voltou \u00e0 Bas\u00edlica de S\u00e3o Pedro, onde participou do consist\u00f3rio no qual Francisco criou 20 novos cardeais em 14 de fevereiro. No final de 2015, Bento XVI passou a Porta Santa da Miseric\u00f3rdia da Bas\u00edlica de S\u00e3o Pedro, aberta pelo Papa Francisco para o Jubileu, em 8 de dezembro\u201d. (Retirado do site: <a href=\"http:\/\/br.radiovaticana.va\/news\/2016\/06\/28\/dois_papas_\u201cbento_xvi_\u00e9_um_homem_reto_e_de_palavra\u201d\/1240550\">http:\/\/br.radiovaticana.va\/news\/2016\/06\/28\/dois_papas_\u201cbento_xvi_\u00e9_um_homem_reto_e_de_palavra\u201d\/1240550<\/a>. Acesso em: 31\/12\/2022).<\/p>\n<p style=\"text-align: justify;\">Agora nos espedimos deste grande homem de Deus que nos ensinou a nada colocar a frente de Cristo: \u201cChristo Nihil Praeponere\u201d. Rezemos pelo seu descanso eterno.<\/p>\n<p style=\"text-align: justify;\"><strong>Ora\u00e7\u00e3o.<\/strong>\u00a0\u2014 \u00d3 Deus, que por inef\u00e1vel provid\u00eancia quisestes contar entre os sumos sacerdotes o vosso servo Bento XVI, concedei, vo-lo pedimos, ao que foi na terra vig\u00e1rio de vosso Filho Unig\u00eanito a eterna companhia de vossos santos pont\u00edfices. Pelo mesmo Cristo, Senhor nosso. Am\u00e9m. \u2123.Dai-lhe, Senhor, o descanso eterno.<\/p>\n<p style=\"text-align: justify;\">\u211f. E que a luz perp\u00e9tua o ilumine. \u2123. Descanse em paz.<\/p>\n<p style=\"text-align: justify;\">\u211f. Am\u00e9m.<\/p>\n","protected":false},"excerpt":{"rendered":"<p>\u00a0\u00a0\u00a0\u00a0\u00a0\u00a0\u00a0\u00a0 Na clausura de 2022, dia 31 de dezembro, o Senhor chamou para fazer parte da vinha celestial, o nosso querido Papa Em\u00e9rito Bento XVI. Sabemos que a vida e o pontificado do Papa Em\u00e9rito Bento XVI foran marcados por uma entrega a Deus. Para isso, eis que queremos relembrar alguns momentos importantes de sua [&hellip;]<\/p>\n","protected":false},"author":5,"featured_media":55819,"comment_status":"open","ping_status":"closed","sticky":false,"template":"","format":"standard","meta":{"footnotes":""},"categories":[9],"tags":[],"class_list":["post-78589","post","type-post","status-publish","format-standard","has-post-thumbnail","hentry","category-artigos"],"_links":{"self":[{"href":"https:\/\/catolicanet.net\/wp-cnet\/wp-json\/wp\/v2\/posts\/78589","targetHints":{"allow":["GET"]}}],"collection":[{"href":"https:\/\/catolicanet.net\/wp-cnet\/wp-json\/wp\/v2\/posts"}],"about":[{"href":"https:\/\/catolicanet.net\/wp-cnet\/wp-json\/wp\/v2\/types\/post"}],"author":[{"embeddable":true,"href":"https:\/\/catolicanet.net\/wp-cnet\/wp-json\/wp\/v2\/users\/5"}],"replies":[{"embeddable":true,"href":"https:\/\/catolicanet.net\/wp-cnet\/wp-json\/wp\/v2\/comments?post=78589"}],"version-history":[{"count":1,"href":"https:\/\/catolicanet.net\/wp-cnet\/wp-json\/wp\/v2\/posts\/78589\/revisions"}],"predecessor-version":[{"id":78590,"href":"https:\/\/catolicanet.net\/wp-cnet\/wp-json\/wp\/v2\/posts\/78589\/revisions\/78590"}],"wp:featuredmedia":[{"embeddable":true,"href":"https:\/\/catolicanet.net\/wp-cnet\/wp-json\/wp\/v2\/media\/55819"}],"wp:attachment":[{"href":"https:\/\/catolicanet.net\/wp-cnet\/wp-json\/wp\/v2\/media?parent=78589"}],"wp:term":[{"taxonomy":"category","embeddable":true,"href":"https:\/\/catolicanet.net\/wp-cnet\/wp-json\/wp\/v2\/categories?post=78589"},{"taxonomy":"post_tag","embeddable":true,"href":"https:\/\/catolicanet.net\/wp-cnet\/wp-json\/wp\/v2\/tags?post=78589"}],"curies":[{"name":"wp","href":"https:\/\/api.w.org\/{rel}","templated":true}]}}