{"id":785,"date":"2023-02-21T00:00:21","date_gmt":"2023-02-21T03:00:21","guid":{"rendered":"http:\/\/catolicanet.net\/wp-cnet\/?p=785"},"modified":"2023-01-02T18:19:42","modified_gmt":"2023-01-02T21:19:42","slug":"sao-pedro-damiao","status":"publish","type":"post","link":"https:\/\/catolicanet.net\/wp-cnet\/sao-pedro-damiao\/","title":{"rendered":"S\u00e3o Pedro Dami\u00e3o"},"content":{"rendered":"<p style=\"text-align: justify;\">O poeta\u00a0Dante Alighieri coloca S\u00e3o Pedro Dami\u00e3o no c\u00e9u de Saturno, no XXI canto do\u00a0Para\u00edso. Um contemplativo. P\u00f5e na boca do santo um tra\u00e7o autobiogr\u00e1fico: a\u00a0predile\u00e7\u00e3o pelas comidas simples e pela vida contemplativa.<\/p>\n<p style=\"text-align: justify;\">Segundo\u00a0Dante, s\u00e3o Pedro Dami\u00e3o ataca o luxo dos cardeais. Os ap\u00f3stolos Pedro e Paulo\u00a0andavam percorrendo o mundo para evangelizar. Eram magros e andavam descal\u00e7os.\u00a0S\u00e3o Pedro Dami\u00e3o \u00e9 chamado pelo papa para castigar as chagas eclesi\u00e1sticas da\u00a0\u00e9poca: a simonia e a imoralidade do clero.<\/p>\n<p style=\"text-align: justify;\">Nosso santo\u00a0nasceu em Ravena em 1007. Logo \u00f3rf\u00e3o de pai, \u00faltimo da fila de numerosos irm\u00e3os, foi criado pelos irm\u00e3os. O irm\u00e3o mais velho se chamava Dami\u00e3o. Depois\u00a0que estudou em Ravena, Faenza e P\u00e1dua e depois de ter ensinado em Parma,\u00a0ingressou no mosteiro camaldulense de Fonte Avelana, na \u00dambria, que se tornou o\u00a0centro de suas atividades reformadoras. Mas a Igreja, dilacerada pela doen\u00e7a da\u00a0simonia, que gerava as disc\u00f3rdias e cismas, venda dos cargos eclesi\u00e1sticos e\u00a0quest\u00f5es do celibato, tinha necessidade de homens cultos e austeros como Pedro\u00a0Dami\u00e3o.<\/p>\n<p style=\"text-align: justify;\">Qual novo\u00a0Jer\u00f4nimo esteve ao lado de seis papas, como viajante da paz, e em particular\u00a0colaborou com Hildebrando, o grande reformador que teve o nome de Greg\u00f3rio VII.\u00a0Pedro Dami\u00e3o ap\u00f3s v\u00e1rias peregrina\u00e7\u00f5es \u00e0 cidade de Mil\u00e3o, \u00e0 Fran\u00e7a e \u00e0\u00a0Alemanha, recebeu a dignidade cardinal\u00edcia e a diocese de Ostia. J\u00e1 velho, foi\u00a0chamado a Raverna para recompor a quest\u00e3o do antipapa. Morreu em 1072, em\u00a0Faenza, quando voltava de uma miss\u00e3o de paz. Foi logo venerado como santo.<\/p>\n<p style=\"text-align: justify;\">Oficialmente s\u00f3 em 1828 o papa Le\u00e3o XII o reconheceu como santo e o proclamou\u00a0tamb\u00e9m doutor da Igreja por seus numerosos escritos\u00a0teol\u00f3gicos.<\/p>\n<p style=\"text-align: justify;\">S\u00e3o Pedro Dami\u00e3o, rogai por n\u00f3s!<\/p>\n<p style=\"text-align: justify;\"><strong>Outros\u00a0Santos do mesmo dia:\u00a0<\/strong>S\u00e3o Severiano,\u00a0S\u00e3o Germano de Granfel , S\u00e3o Jorge De Am\u00e1strides, S\u00e3o Roberto Southwell, Beato\u00a0Noel Pinot, Beato Tom\u00e1s Pormot, Beata Maria,\u00a0Henriqueta Dominici e Beato Pepino de Landen.<\/p>\n","protected":false},"excerpt":{"rendered":"<p>O poeta\u00a0Dante Alighieri coloca S\u00e3o Pedro Dami\u00e3o no c\u00e9u de Saturno, no XXI canto do\u00a0Para\u00edso. Um contemplativo. P\u00f5e na boca do santo um tra\u00e7o autobiogr\u00e1fico: a\u00a0predile\u00e7\u00e3o pelas comidas simples e pela vida contemplativa. Segundo\u00a0Dante, s\u00e3o Pedro Dami\u00e3o ataca o luxo dos cardeais. Os ap\u00f3stolos Pedro e Paulo\u00a0andavam percorrendo o mundo para evangelizar. Eram magros e [&hellip;]<\/p>\n","protected":false},"author":1,"featured_media":22144,"comment_status":"open","ping_status":"open","sticky":false,"template":"","format":"standard","meta":{"footnotes":""},"categories":[32],"tags":[],"class_list":["post-785","post","type-post","status-publish","format-standard","has-post-thumbnail","hentry","category-santo-do-dia"],"_links":{"self":[{"href":"https:\/\/catolicanet.net\/wp-cnet\/wp-json\/wp\/v2\/posts\/785","targetHints":{"allow":["GET"]}}],"collection":[{"href":"https:\/\/catolicanet.net\/wp-cnet\/wp-json\/wp\/v2\/posts"}],"about":[{"href":"https:\/\/catolicanet.net\/wp-cnet\/wp-json\/wp\/v2\/types\/post"}],"author":[{"embeddable":true,"href":"https:\/\/catolicanet.net\/wp-cnet\/wp-json\/wp\/v2\/users\/1"}],"replies":[{"embeddable":true,"href":"https:\/\/catolicanet.net\/wp-cnet\/wp-json\/wp\/v2\/comments?post=785"}],"version-history":[{"count":2,"href":"https:\/\/catolicanet.net\/wp-cnet\/wp-json\/wp\/v2\/posts\/785\/revisions"}],"predecessor-version":[{"id":22145,"href":"https:\/\/catolicanet.net\/wp-cnet\/wp-json\/wp\/v2\/posts\/785\/revisions\/22145"}],"wp:featuredmedia":[{"embeddable":true,"href":"https:\/\/catolicanet.net\/wp-cnet\/wp-json\/wp\/v2\/media\/22144"}],"wp:attachment":[{"href":"https:\/\/catolicanet.net\/wp-cnet\/wp-json\/wp\/v2\/media?parent=785"}],"wp:term":[{"taxonomy":"category","embeddable":true,"href":"https:\/\/catolicanet.net\/wp-cnet\/wp-json\/wp\/v2\/categories?post=785"},{"taxonomy":"post_tag","embeddable":true,"href":"https:\/\/catolicanet.net\/wp-cnet\/wp-json\/wp\/v2\/tags?post=785"}],"curies":[{"name":"wp","href":"https:\/\/api.w.org\/{rel}","templated":true}]}}