{"id":78472,"date":"2022-12-30T09:45:31","date_gmt":"2022-12-30T12:45:31","guid":{"rendered":"https:\/\/catolicanet.net\/wp-cnet\/?p=78472"},"modified":"2022-12-30T10:47:25","modified_gmt":"2022-12-30T13:47:25","slug":"juntos-e-o-nome-da-paz-em-2023-destaca-o-papa-na-mensagem-para-o-56o-dia-mundial-da-paz","status":"publish","type":"post","link":"https:\/\/catolicanet.net\/wp-cnet\/juntos-e-o-nome-da-paz-em-2023-destaca-o-papa-na-mensagem-para-o-56o-dia-mundial-da-paz\/","title":{"rendered":"\u201cJUNTOS\u201d \u00c9 O NOME DA PAZ EM 2023, DESTACA O PAPA NA MENSAGEM PARA O 56\u00ba DIA MUNDIAL DA PAZ"},"content":{"rendered":"<p style=\"text-align: justify;\">\u201c\u00c9 hora de pararmos um pouco para nos interrogar, aprender, crescer e deixar transformar\u201d: este \u00e9 o convite do Papa Francisco contido na mensagem para o\u00a0<a href=\"https:\/\/www.vatican.va\/content\/francesco\/pt\/messages\/peace\/documents\/20221208-messaggio-56giornatamondiale-pace2023.html\" target=\"_blank\" rel=\"external noopener\">Dia Mundial da Paz de 2023<\/a>, celebrado em 1\u00ba de janeiro.<\/p>\n<p style=\"text-align: justify;\">O tema escolhido pelo Pont\u00edfice \u00e9 \u201cNingu\u00e9m pode salvar-se sozinho. Juntos, recomecemos a partir da Covid-19 para tra\u00e7ar sendas de paz\u201d.\u00a0Passados tr\u00eas anos, \u00e9 justamente a experi\u00eancia da pandemia o fio condutor da mensagem.<\/p>\n<p style=\"text-align: justify;\">\u201cA Covid-19 precipitou-nos no cora\u00e7\u00e3o da noite, desestabilizando a nossa vida quotidiana, transtornando os nossos planos e h\u00e1bitos, subvertendo a aparente tranquilidade mesmo das sociedades mais privilegiadas, gerando desorienta\u00e7\u00e3o e sofrimento, causando a morte de tantos irm\u00e3os e irm\u00e3s.\u201d<\/p>\n<p style=\"text-align: justify;\">Os efeitos foram de longa dura\u00e7\u00e3o: al\u00e9m do luto, o v\u00edrus causou um mal-estar generalizado, amea\u00e7ou a seguran\u00e7a laboral de muitas pessoas, agravou a solid\u00e3o em nossas sociedades, fez aflorar contradi\u00e7\u00f5es e desigualdades e fragilidades.<\/p>\n<p style=\"text-align: justify;\">Ent\u00e3o vem a pergunta: \u201cO que \u00e9 que aprendemos com esta situa\u00e7\u00e3o de pandemia?\u201d.<\/p>\n<p style=\"text-align: justify;\">Francisco n\u00e3o tem d\u00favidas: \u201cA maior li\u00e7\u00e3o que Covid-19 nos deixa em heran\u00e7a \u00e9 a consci\u00eancia de que todos precisamos uns dos outros, que o nosso maior tesouro, ainda que o mais fr\u00e1gil, \u00e9 a fraternidade humana, fundada na filia\u00e7\u00e3o divina comum, e que ningu\u00e9m pode salvar-se sozinho\u201d.<\/p>\n<p style=\"text-align: justify;\">Por conseguinte, \u00e9 urgente buscar e promover, juntos, os valores universais que tra\u00e7am o caminho desta fraternidade humana.<\/p>\n<p style=\"text-align: justify;\">A pr\u00f3pria pandemia favoreceu atitudes positivas, como um regresso \u00e0 humildade; uma redu\u00e7\u00e3o de certas pretens\u00f5es consumistas; um renovado sentido de solidariedade, bem como um empenho, \u201cem alguns casos verdadeiramente heroico\u201d, de muitas pessoas que se doaram para que todos conseguissem superar do melhor modo poss\u00edvel o drama da emerg\u00eancia.<\/p>\n<p style=\"text-align: justify;\">O segredo, aponta o Papa, est\u00e1 na palavra \u201cjuntos\u201d.<\/p>\n<p style=\"text-align: justify;\">\u201cCom efeito, \u00e9 juntos, na fraternidade e solidariedade, que constru\u00edmos a paz, garantimos a justi\u00e7a, superamos os acontecimentos mais dolorosos. De fato, as respostas mais eficazes \u00e0 pandemia foram aquelas que viram grupos sociais, institui\u00e7\u00f5es p\u00fablicas e privadas, organiza\u00e7\u00f5es internacionais unidos para responder ao desafio, deixando de lado interesses particulares.\u201d<\/p>\n<p style=\"text-align: justify;\">Mas quando o mundo ainda se recuperava do trauma, eis que outro fato colocou a humanidade \u00e0 dura prova: a guerra na Ucr\u00e2nia. Francisco fala de \u201cdesgra\u00e7a\u201d, \u201cflagelo\u201d que, diferentemente da Covid, foi pilotado por \u201cop\u00e7\u00f5es humanas culp\u00e1veis\u201d. A guerra ceifa v\u00edtimas inocentes e suas consequ\u00eancias v\u00e3o al\u00e9m fronteiras, como demonstram o aumento do pre\u00e7o do trigo e energia.<\/p>\n<p style=\"text-align: justify;\">\u201cN\u00e3o era esta, sem d\u00favida, a esta\u00e7\u00e3o p\u00f3s-Covid que esper\u00e1vamos ou por que ansi\u00e1vamos\u201d, lamenta o Pont\u00edfice, definindo a guerra uma \u201cderrota da humanidade\u201d para a qual ainda n\u00e3o h\u00e1 vacina.<\/p>\n<p style=\"text-align: justify;\">\u201cCom certeza, o v\u00edrus da guerra \u00e9 mais dif\u00edcil de derrotar do que aqueles que atingem o organismo humano, porque o primeiro n\u00e3o provem de fora, mas do \u00edntimo do cora\u00e7\u00e3o humano, corrompido pelo pecado.\u201d<\/p>\n<p style=\"text-align: justify;\">E vem a \u00faltima pergunta: \u201cQue fazer?\u201d<\/p>\n<p style=\"text-align: justify;\">Antes de mais nada, deixar que Deus transforme nossos cora\u00e7\u00f5es. E depois, pensar em termos comunit\u00e1rios. N\u00e3o existe mais o espa\u00e7o dos nossos interesses pessoais ou nacionais, mas \u201c\u00e9 hora de nos comprometermos todos em prol da cura de nossa sociedade e do nosso planeta\u201d.<\/p>\n<p style=\"text-align: justify;\">Outra li\u00e7\u00e3o deixada pela pandemia \u00e9 que as crises morais, sociais, pol\u00edticas e econ\u00f4micas est\u00e3o interligadas. \u201cE assim somos chamados a enfrentar, com responsabilidade e compaix\u00e3o, os desafios do nosso mundo.\u201d<\/p>\n<p style=\"text-align: justify;\">E os desafios, infelizmente, n\u00e3o s\u00e3o poucos: guerras, altera\u00e7\u00f5es clim\u00e1ticas, desigualdades, desemprego, migra\u00e7\u00e3o e o \u201cesc\u00e2ndalo dos povos famintos\u201d.<\/p>\n<p style=\"text-align: justify;\">\u201cCompartilho estas reflex\u00f5es com a esperan\u00e7a de que, no novo ano, possamos caminhar juntos valorizando tudo o que a hist\u00f3ria nos pode ensinar\u201d, conclui o Santo Padre, fazendo os melhores votos aos Chefes de Estado e de Governo, aos Respons\u00e1veis das Organiza\u00e7\u00f5es Internacionais, aos l\u00edderes das v\u00e1rias religi\u00f5es.<\/p>\n<p style=\"text-align: justify;\">\u201cDesejo a todos os homens e mulheres de boa vontade que possam, como artes\u00e3os de paz, construir dia ap\u00f3s dia um ano feliz! Maria Imaculada, M\u00e3e de Jesus e Rainha da Paz, interceda por n\u00f3s e pelo mundo inteiro.\u201d<\/p>\n<p style=\"text-align: justify;\"><strong>Conhe\u00e7a a \u00edntegra da mensagem:<\/strong><br \/>\n<a href=\"https:\/\/www.vatican.va\/content\/francesco\/pt\/messages\/peace\/documents\/20221208-messaggio-56giornatamondiale-pace2023.html\" target=\"_blank\" rel=\"noopener\"><b>56\u00ba Dia Mundial da Paz<\/b><\/a><\/p>\n<pre><em>Com informa\u00e7\u00f5es Bianca Fraccalvieri \u2013 Vatican News<\/em><\/pre>\n","protected":false},"excerpt":{"rendered":"<p>\u201c\u00c9 hora de pararmos um pouco para nos interrogar, aprender, crescer e deixar transformar\u201d: este \u00e9 o convite do Papa Francisco contido na mensagem para o\u00a0Dia Mundial da Paz de 2023, celebrado em 1\u00ba de janeiro. O tema escolhido pelo Pont\u00edfice \u00e9 \u201cNingu\u00e9m pode salvar-se sozinho. Juntos, recomecemos a partir da Covid-19 para tra\u00e7ar sendas [&hellip;]<\/p>\n","protected":false},"author":1,"featured_media":78473,"comment_status":"open","ping_status":"closed","sticky":false,"template":"","format":"standard","meta":{"footnotes":""},"categories":[7],"tags":[],"class_list":["post-78472","post","type-post","status-publish","format-standard","has-post-thumbnail","hentry","category-cnbb"],"_links":{"self":[{"href":"https:\/\/catolicanet.net\/wp-cnet\/wp-json\/wp\/v2\/posts\/78472","targetHints":{"allow":["GET"]}}],"collection":[{"href":"https:\/\/catolicanet.net\/wp-cnet\/wp-json\/wp\/v2\/posts"}],"about":[{"href":"https:\/\/catolicanet.net\/wp-cnet\/wp-json\/wp\/v2\/types\/post"}],"author":[{"embeddable":true,"href":"https:\/\/catolicanet.net\/wp-cnet\/wp-json\/wp\/v2\/users\/1"}],"replies":[{"embeddable":true,"href":"https:\/\/catolicanet.net\/wp-cnet\/wp-json\/wp\/v2\/comments?post=78472"}],"version-history":[{"count":1,"href":"https:\/\/catolicanet.net\/wp-cnet\/wp-json\/wp\/v2\/posts\/78472\/revisions"}],"predecessor-version":[{"id":78474,"href":"https:\/\/catolicanet.net\/wp-cnet\/wp-json\/wp\/v2\/posts\/78472\/revisions\/78474"}],"wp:featuredmedia":[{"embeddable":true,"href":"https:\/\/catolicanet.net\/wp-cnet\/wp-json\/wp\/v2\/media\/78473"}],"wp:attachment":[{"href":"https:\/\/catolicanet.net\/wp-cnet\/wp-json\/wp\/v2\/media?parent=78472"}],"wp:term":[{"taxonomy":"category","embeddable":true,"href":"https:\/\/catolicanet.net\/wp-cnet\/wp-json\/wp\/v2\/categories?post=78472"},{"taxonomy":"post_tag","embeddable":true,"href":"https:\/\/catolicanet.net\/wp-cnet\/wp-json\/wp\/v2\/tags?post=78472"}],"curies":[{"name":"wp","href":"https:\/\/api.w.org\/{rel}","templated":true}]}}