{"id":78468,"date":"2022-12-30T09:42:38","date_gmt":"2022-12-30T12:42:38","guid":{"rendered":"https:\/\/catolicanet.net\/wp-cnet\/?p=78468"},"modified":"2022-12-30T10:45:15","modified_gmt":"2022-12-30T13:45:15","slug":"festa-da-sagrada-familia-celebrada-na-sexta-feira-30-incentiva-o-cultivo-do-amor-e-dedicacao-no-seio-familiar","status":"publish","type":"post","link":"https:\/\/catolicanet.net\/wp-cnet\/festa-da-sagrada-familia-celebrada-na-sexta-feira-30-incentiva-o-cultivo-do-amor-e-dedicacao-no-seio-familiar\/","title":{"rendered":"FESTA DA SAGRADA FAM\u00cdLIA, CELEBRADA NA SEXTA-FEIRA, 30, INCENTIVA O CULTIVO DO AMOR E DEDICA\u00c7\u00c3O NO SEIO FAMILIAR"},"content":{"rendered":"<p style=\"text-align: justify;\">A Festa da Sagrada Fam\u00edlia \u00e9 celebrada no domingo seguinte ao Natal, na Oitava do Natal. Nesse ano como o Natal caiu em um domingo, a Festa ser\u00e1 celebrada nessa sexta-feira, 30.<\/p>\n<p style=\"text-align: justify;\">Segundo o bispo de Erexim (RS), dom Adimir Antonio Mazali, a tradi\u00e7\u00e3o de se celebrar a data \u00e9 muito antiga: \u201cEssa festa vai al\u00e9m do s\u00e9culo XVII e surgiu para exaltar a Sagrada Fam\u00edlia como um modelo de vida familiar para todas as fam\u00edlias crist\u00e3s, destacando-se dela as suas virtudes de simplicidade, amor, humildade, dedica\u00e7\u00e3o um ao outro, trabalho e tantas outras, particularmente sua vida de f\u00e9 e fidelidade \u00e0 vontade de Deus\u201d.<\/p>\n<blockquote><p>\u201c\u00c9 na fam\u00edlia que aprendemos a viver em sociedade, partilhando as mesmas esperan\u00e7as e as mesmas ang\u00fastias. \u00c9 na fam\u00edlia que encontramos a nossa identidade, a nossa verdade e esta verdade nos liberta. N\u00e3o escolhemos nossas fam\u00edlias, por isso devemos am\u00e1-las como dom de Deus concedido a cada um de n\u00f3s.<\/p>\n<p>Por esta raz\u00e3o, com a Igreja, celebrando esta Festa da Sagrada Fam\u00edlia de Nazar\u00e9, queremos pedir sua intercess\u00e3o por nossas fam\u00edlias, com suas alegrias, esperan\u00e7as e tamb\u00e9m seus limites e inseguran\u00e7as, de modo particular\u00a0 neste tempo de pandemia, para que em nosso meio reinem as virtudes e atitudes vividas no Lar de Nazar\u00e9\u201d, disse o bispo.<\/p><\/blockquote>\n<h3 style=\"text-align: justify;\"><strong>Liturgia<\/strong><\/h3>\n<p style=\"text-align: justify;\">Na liturgia do dia s\u00e3o encontrados elementos importantes e pr\u00e1ticos para a vida familiar. A 1\u00aa Leitura do Livro do Eclesi\u00e1stico, no cap\u00edtulo 3, apresenta algumas atitudes que os filhos devem ter para com os pais. Refere-se de forma direta ao cumprimento do 4\u00ba mandamento da Lei de Deus; \u201cHonrar pai e m\u00e3e\u201d, que significa uma atitude de respeito e gratid\u00e3o aos pais.<\/p>\n<p style=\"text-align: justify;\">A 2\u00aa leitura da Carta de S\u00e3o Paulo aos Colossenses, cap\u00edtulo 3, tamb\u00e9m acentua a dimens\u00e3o do amor para a vida crist\u00e3, convidando a revestir-nos \u201cde sincera miseric\u00f3rdia, bondade, humildade, mansid\u00e3o e paci\u00eancia\u201d e, sobretudo diz: \u201camai-vos uns aos outros, pois o amor \u00e9 o v\u00ednculo da perfei\u00e7\u00e3o\u201d.<\/p>\n<p style=\"text-align: justify;\">E o Evangelho de Lucas no cap\u00edtulo 2,22 ss., mostra a cena de uma fam\u00edlia, a fam\u00edlia de Nazar\u00e9 que acolhe e vive segundo a Palavra de Deus, consagrando suas vidas na confian\u00e7a que depositam no Senhor. Encontra-se nesta passagem a figura dos anci\u00e3os Sime\u00e3o e Ana que t\u00eam olhar particular voltado profeticamente ao futuro, capazes de perceber e compreender os sinais de Deus como uma presen\u00e7a libertadora no meio dos homens. Em Jesus encontra-se a liberta\u00e7\u00e3o.<\/p>\n<p style=\"text-align: justify;\">\n<h3 style=\"text-align: justify;\"><strong>Ora\u00e7\u00e3o do Papa Francisco \u00e0 Sagrada Fam\u00edlia<\/strong><\/h3>\n<blockquote>\n<p style=\"text-align: justify;\">Jesus, Maria e Jos\u00e9,<br \/>\nem V\u00f3s contemplamos<br \/>\no esplendor do verdadeiro amor,<br \/>\nconfiantes, a V\u00f3s nos consagramos.<br \/>\nSagrada Fam\u00edlia de Nazar\u00e9,<br \/>\ntornai tamb\u00e9m as nossas fam\u00edlias<br \/>\nlugares de comunh\u00e3o e cen\u00e1culos de ora\u00e7\u00e3o,<br \/>\naut\u00eanticas escolas do Evangelho<br \/>\ne pequenas igrejas dom\u00e9sticas.<br \/>\nSagrada Fam\u00edlia de Nazar\u00e9,<br \/>\nque nunca mais haja nas fam\u00edlias<br \/>\nepis\u00f3dios de viol\u00eancia, de fechamento e divis\u00e3o;<br \/>\ne quem tiver sido ferido ou escandalizado<br \/>\nseja rapidamente consolado e curado.<br \/>\nSagrada Fam\u00edlia de Nazar\u00e9,<br \/>\nfazei que todos nos tornemos conscientes<br \/>\ndo car\u00e1cter sagrado e inviol\u00e1vel da fam\u00edlia,<br \/>\nda sua beleza no projecto de Deus.<br \/>\nJesus, Maria e Jos\u00e9,<br \/>\nouvi-nos e acolhei a nossa s\u00faplica.<br \/>\n\u00c1men.<\/p>\n<p style=\"text-align: justify;\">(Papa Francisco, Amoris Laetitia, 325)<\/p>\n<\/blockquote>\n","protected":false},"excerpt":{"rendered":"<p>A Festa da Sagrada Fam\u00edlia \u00e9 celebrada no domingo seguinte ao Natal, na Oitava do Natal. Nesse ano como o Natal caiu em um domingo, a Festa ser\u00e1 celebrada nessa sexta-feira, 30. Segundo o bispo de Erexim (RS), dom Adimir Antonio Mazali, a tradi\u00e7\u00e3o de se celebrar a data \u00e9 muito antiga: \u201cEssa festa vai [&hellip;]<\/p>\n","protected":false},"author":1,"featured_media":78469,"comment_status":"open","ping_status":"closed","sticky":false,"template":"","format":"standard","meta":{"footnotes":""},"categories":[7],"tags":[],"class_list":["post-78468","post","type-post","status-publish","format-standard","has-post-thumbnail","hentry","category-cnbb"],"_links":{"self":[{"href":"https:\/\/catolicanet.net\/wp-cnet\/wp-json\/wp\/v2\/posts\/78468","targetHints":{"allow":["GET"]}}],"collection":[{"href":"https:\/\/catolicanet.net\/wp-cnet\/wp-json\/wp\/v2\/posts"}],"about":[{"href":"https:\/\/catolicanet.net\/wp-cnet\/wp-json\/wp\/v2\/types\/post"}],"author":[{"embeddable":true,"href":"https:\/\/catolicanet.net\/wp-cnet\/wp-json\/wp\/v2\/users\/1"}],"replies":[{"embeddable":true,"href":"https:\/\/catolicanet.net\/wp-cnet\/wp-json\/wp\/v2\/comments?post=78468"}],"version-history":[{"count":1,"href":"https:\/\/catolicanet.net\/wp-cnet\/wp-json\/wp\/v2\/posts\/78468\/revisions"}],"predecessor-version":[{"id":78470,"href":"https:\/\/catolicanet.net\/wp-cnet\/wp-json\/wp\/v2\/posts\/78468\/revisions\/78470"}],"wp:featuredmedia":[{"embeddable":true,"href":"https:\/\/catolicanet.net\/wp-cnet\/wp-json\/wp\/v2\/media\/78469"}],"wp:attachment":[{"href":"https:\/\/catolicanet.net\/wp-cnet\/wp-json\/wp\/v2\/media?parent=78468"}],"wp:term":[{"taxonomy":"category","embeddable":true,"href":"https:\/\/catolicanet.net\/wp-cnet\/wp-json\/wp\/v2\/categories?post=78468"},{"taxonomy":"post_tag","embeddable":true,"href":"https:\/\/catolicanet.net\/wp-cnet\/wp-json\/wp\/v2\/tags?post=78468"}],"curies":[{"name":"wp","href":"https:\/\/api.w.org\/{rel}","templated":true}]}}