{"id":78444,"date":"2022-12-28T15:24:54","date_gmt":"2022-12-28T18:24:54","guid":{"rendered":"https:\/\/catolicanet.net\/wp-cnet\/?p=78444"},"modified":"2022-12-28T15:24:54","modified_gmt":"2022-12-28T18:24:54","slug":"coragem","status":"publish","type":"post","link":"https:\/\/catolicanet.net\/wp-cnet\/coragem\/","title":{"rendered":"Coragem!"},"content":{"rendered":"<p style=\"text-align: justify;\">Coragem, pois o convite que Deus nos faz neste tempo que precede o Natal \u00e9 o de \u201cparticipar da divindade daquele que uniu a Deus nossa humanidade, manifestando-se como luz a iluminar todos os povos no caminho da salva\u00e7\u00e3o\u201d, na inef\u00e1vel troca de dons entre o C\u00e9u e a Terra. Veja-se, pois, envolvido com a vida, num exuberante e alegre contentamento, na clareza de consci\u00eancia de si mesmo, n\u00e3o sobrando espa\u00e7o algum para duvidar do \u00fanico clamor, o da vida, o de se convencer de mais vida e vida intensamente bem vivida! Como \u00e9 maravilhoso, quando as pessoas querem mais encanto com a vida, mais amor, mais dignidade e mais sabedoria, numa determina\u00e7\u00e3o de rejeitar a vida in\u00fatil, ins\u00edpida e sem sentido!<\/p>\n<p style=\"text-align: justify;\">Tenha mais gosto e entusiasmo, vendo a vida com sentido, a partir de um Deus indulgente e clemente, que seja o mais agu\u00e7ado poss\u00edvel, mas a partir da realidade do Brasil e do mundo, mesmo diante das prova\u00e7\u00f5es, dores, sofrimentos e ang\u00fastias desafiadoras, antevendo, no mundo compreendido por contrastes e diversidades, uma nova civiliza\u00e7\u00e3o, no mais alargado e expandido sonho, na busca de uma vida fecunda e cheia de gra\u00e7a. A vida, al\u00e9m de carecer de \u00e2nimo e coragem, quer que respondamos aos apelos de Deus, n\u00e3o se apegando aos bens ilus\u00f3rios e passageiros do mundo, nem parado de bra\u00e7os cruzados e acomodados.<\/p>\n<p style=\"text-align: justify;\">De maneira segura e inequ\u00edvoca, somos convidados a olhar, pela \u00f3tica de Deus, uma consistente esperan\u00e7a e um esp\u00edrito de perseveran\u00e7a, inspirados pelo sonho de um mundo novo, no compromisso de promover uma realidade melhor e mais dur\u00e1vel, sem fome, mais digna e menos ego\u00edsta, livrando-nos do pecado da indiferen\u00e7a para com a vida, dom e gra\u00e7a. Cabe a n\u00f3s contemplarmos, associados ao mist\u00e9rio dos anjos, que povoaram os c\u00e9us naquela noite feliz e memor\u00e1vel, na linguagem por demais conhecida: \u201cGl\u00f3ria a Deus nas alturas e paz na Terra aos homens de boa vontade\u201d. Ele aponta para n\u00f3s o caminho da salva\u00e7\u00e3o; que seja de todos o esfor\u00e7o pela proposta solid\u00e1ria e fraterna, fundamentada na pr\u00e1tica da justi\u00e7a, firmada na paz duradoura.<\/p>\n<p style=\"text-align: justify;\">A chegada de Jesus de Nazar\u00e9 ao mundo nos afasta do des\u00e2nimo e estabelece e robustece passos do nosso caminhar, por ch\u00e3o s\u00f3lido e seguro. Manifesta-se, assim, a clara consci\u00eancia de que o Messias esperado leva a hist\u00f3ria \u00e0 sua consuma\u00e7\u00e3o. Em Jesus o tempo hist\u00f3rico chegou ao \u00e1pice, raz\u00e3o da nossa mais elevada contempla\u00e7\u00e3o, acolhendo-o, mas na certeza de que nele se encontra o destino definitivo da humanidade; nele est\u00e1 a consolida\u00e7\u00e3o da eternidade dos povos, na participa\u00e7\u00e3o da promessa salv\u00edfica: \u201cDo novo c\u00e9u e da nova terra, nos quais habitar\u00e1 a justi\u00e7a\u201d.<\/p>\n","protected":false},"excerpt":{"rendered":"<p>Coragem, pois o convite que Deus nos faz neste tempo que precede o Natal \u00e9 o de \u201cparticipar da divindade daquele que uniu a Deus nossa humanidade, manifestando-se como luz a iluminar todos os povos no caminho da salva\u00e7\u00e3o\u201d, na inef\u00e1vel troca de dons entre o C\u00e9u e a Terra. Veja-se, pois, envolvido com a [&hellip;]<\/p>\n","protected":false},"author":6,"featured_media":55824,"comment_status":"open","ping_status":"closed","sticky":false,"template":"","format":"standard","meta":{"footnotes":""},"categories":[9],"tags":[],"class_list":["post-78444","post","type-post","status-publish","format-standard","has-post-thumbnail","hentry","category-artigos"],"_links":{"self":[{"href":"https:\/\/catolicanet.net\/wp-cnet\/wp-json\/wp\/v2\/posts\/78444","targetHints":{"allow":["GET"]}}],"collection":[{"href":"https:\/\/catolicanet.net\/wp-cnet\/wp-json\/wp\/v2\/posts"}],"about":[{"href":"https:\/\/catolicanet.net\/wp-cnet\/wp-json\/wp\/v2\/types\/post"}],"author":[{"embeddable":true,"href":"https:\/\/catolicanet.net\/wp-cnet\/wp-json\/wp\/v2\/users\/6"}],"replies":[{"embeddable":true,"href":"https:\/\/catolicanet.net\/wp-cnet\/wp-json\/wp\/v2\/comments?post=78444"}],"version-history":[{"count":1,"href":"https:\/\/catolicanet.net\/wp-cnet\/wp-json\/wp\/v2\/posts\/78444\/revisions"}],"predecessor-version":[{"id":78445,"href":"https:\/\/catolicanet.net\/wp-cnet\/wp-json\/wp\/v2\/posts\/78444\/revisions\/78445"}],"wp:featuredmedia":[{"embeddable":true,"href":"https:\/\/catolicanet.net\/wp-cnet\/wp-json\/wp\/v2\/media\/55824"}],"wp:attachment":[{"href":"https:\/\/catolicanet.net\/wp-cnet\/wp-json\/wp\/v2\/media?parent=78444"}],"wp:term":[{"taxonomy":"category","embeddable":true,"href":"https:\/\/catolicanet.net\/wp-cnet\/wp-json\/wp\/v2\/categories?post=78444"},{"taxonomy":"post_tag","embeddable":true,"href":"https:\/\/catolicanet.net\/wp-cnet\/wp-json\/wp\/v2\/tags?post=78444"}],"curies":[{"name":"wp","href":"https:\/\/api.w.org\/{rel}","templated":true}]}}