{"id":78440,"date":"2022-12-28T09:21:08","date_gmt":"2022-12-28T12:21:08","guid":{"rendered":"https:\/\/catolicanet.net\/wp-cnet\/?p=78440"},"modified":"2022-12-28T15:22:18","modified_gmt":"2022-12-28T18:22:18","slug":"como-e-ser-o-favorito-de-deus","status":"publish","type":"post","link":"https:\/\/catolicanet.net\/wp-cnet\/como-e-ser-o-favorito-de-deus\/","title":{"rendered":"Como \u00e9 ser o favorito de Deus?"},"content":{"rendered":"<h2 class=\"subtitle\" style=\"text-align: justify;\">N\u00e3o suportamos o fato de algu\u00e9m ser mais amado do que n\u00f3s. Mas \u00e9 precisamente isso que o Evangelho nos anuncia: cada um de n\u00f3s \u00e9 como Jo\u00e3o&#8230;<\/h2>\n<p style=\"text-align: justify;\">\u201cOdisc\u00edpulo a quem Jesus amava\u201d.\u00a0N\u00e3o creio que haja defini\u00e7\u00e3o mais bonita que possa descrever o ap\u00f3stolo Jo\u00e3o.\u00a0Ele era o disc\u00edpulo a quem Jesus amava.\u00a0Isso n\u00e3o quer dizer que Ele tamb\u00e9m n\u00e3o amasse os outros, mas certamente esse disc\u00edpulo tinha um lugar especial no cora\u00e7\u00e3o de Jesus.<\/p>\n<p style=\"text-align: justify;\">Esse \u00e9 o grande tema do favoritismo.\u00a0N\u00e3o devemos esquecer que, por causa do favoritismo, Caim mata Abel.\u00a0N\u00e3o suportamos que algu\u00e9m seja mais amado do que n\u00f3s.\u00a0Mas \u00e9 precisamente isso que o Evangelho nos anuncia: cada um de n\u00f3s \u00e9 como Jo\u00e3o, \u00e9 como Abel, \u00e9 como Jos\u00e9, \u00e9 como Davi;\u00a0\u00e9, em outras palavras, um favorito aos olhos de Deus.<\/p>\n<p style=\"text-align: justify;\">De fato, para sermos mais precisos, dever\u00edamos dizer que o grande predileto de Deus, o \u00fanico Filho aos Seus olhos, \u00e9 Jesus.\u00a0Cada um de n\u00f3s, ao entrar em comunh\u00e3o com Ele, participa desse favoritismo.<\/p>\n<p style=\"text-align: justify;\">Realmente, experimentamos a vida espiritual quando deixamos que esse favoritismo nos marque de forma indel\u00e9vel.\u00a0Mas, em vez disso, gastamos nosso tempo pensando em quanto os outros t\u00eam e n\u00f3s n\u00e3o.<\/p>\n<p style=\"text-align: justify;\">O Evangelho de S\u00e3o Jo\u00e3o descreve para n\u00f3s a corrida matinal da P\u00e1scoa.\u00a0Pedro e Jo\u00e3o correm juntos, mas quando chegam ao t\u00famulo, Jo\u00e3o deixa Pedro entrar primeiro.\u00a0O amor sempre vem em primeiro lugar, mas o amor n\u00e3o \u00e9 suficiente;\u00a0\u00e9 preciso discernimento, \u00e9 preciso Igreja, \u00e9 preciso relacionamento significativo, \u00e9 preciso Pedro para reconhecer verdadeiramente a P\u00e1scoa.<\/p>\n<p style=\"text-align: justify;\">Enfim, precisamos nos sentir pessoalmente favorecidos aos olhos de Deus (a vida espiritual) e, ao mesmo tempo, necessitados de algu\u00e9m que nos ajude a discernir a Verdade (a Igreja).<\/p>\n","protected":false},"excerpt":{"rendered":"<p>N\u00e3o suportamos o fato de algu\u00e9m ser mais amado do que n\u00f3s. Mas \u00e9 precisamente isso que o Evangelho nos anuncia: cada um de n\u00f3s \u00e9 como Jo\u00e3o&#8230; \u201cOdisc\u00edpulo a quem Jesus amava\u201d.\u00a0N\u00e3o creio que haja defini\u00e7\u00e3o mais bonita que possa descrever o ap\u00f3stolo Jo\u00e3o.\u00a0Ele era o disc\u00edpulo a quem Jesus amava.\u00a0Isso n\u00e3o quer dizer [&hellip;]<\/p>\n","protected":false},"author":1,"featured_media":78441,"comment_status":"open","ping_status":"closed","sticky":false,"template":"","format":"standard","meta":{"footnotes":""},"categories":[4],"tags":[],"class_list":["post-78440","post","type-post","status-publish","format-standard","has-post-thumbnail","hentry","category-cotidiano"],"_links":{"self":[{"href":"https:\/\/catolicanet.net\/wp-cnet\/wp-json\/wp\/v2\/posts\/78440","targetHints":{"allow":["GET"]}}],"collection":[{"href":"https:\/\/catolicanet.net\/wp-cnet\/wp-json\/wp\/v2\/posts"}],"about":[{"href":"https:\/\/catolicanet.net\/wp-cnet\/wp-json\/wp\/v2\/types\/post"}],"author":[{"embeddable":true,"href":"https:\/\/catolicanet.net\/wp-cnet\/wp-json\/wp\/v2\/users\/1"}],"replies":[{"embeddable":true,"href":"https:\/\/catolicanet.net\/wp-cnet\/wp-json\/wp\/v2\/comments?post=78440"}],"version-history":[{"count":1,"href":"https:\/\/catolicanet.net\/wp-cnet\/wp-json\/wp\/v2\/posts\/78440\/revisions"}],"predecessor-version":[{"id":78442,"href":"https:\/\/catolicanet.net\/wp-cnet\/wp-json\/wp\/v2\/posts\/78440\/revisions\/78442"}],"wp:featuredmedia":[{"embeddable":true,"href":"https:\/\/catolicanet.net\/wp-cnet\/wp-json\/wp\/v2\/media\/78441"}],"wp:attachment":[{"href":"https:\/\/catolicanet.net\/wp-cnet\/wp-json\/wp\/v2\/media?parent=78440"}],"wp:term":[{"taxonomy":"category","embeddable":true,"href":"https:\/\/catolicanet.net\/wp-cnet\/wp-json\/wp\/v2\/categories?post=78440"},{"taxonomy":"post_tag","embeddable":true,"href":"https:\/\/catolicanet.net\/wp-cnet\/wp-json\/wp\/v2\/tags?post=78440"}],"curies":[{"name":"wp","href":"https:\/\/api.w.org\/{rel}","templated":true}]}}