{"id":78428,"date":"2022-12-28T09:13:55","date_gmt":"2022-12-28T12:13:55","guid":{"rendered":"https:\/\/catolicanet.net\/wp-cnet\/?p=78428"},"modified":"2022-12-28T15:16:01","modified_gmt":"2022-12-28T18:16:01","slug":"direto-do-vaticano-quem-serao-as-personalidades-de-2023-na-igreja","status":"publish","type":"post","link":"https:\/\/catolicanet.net\/wp-cnet\/direto-do-vaticano-quem-serao-as-personalidades-de-2023-na-igreja\/","title":{"rendered":"Direto do Vaticano: Quem ser\u00e3o as personalidades de 2023 na Igreja?"},"content":{"rendered":"<h2 class=\"subtitle\" style=\"text-align: justify;\">Seu Boletim Direto do Vaticano de 28 de dezembro de 2023<\/h2>\n<p style=\"text-align: justify;\">Por Cyprien Viet e Hugues Lef\u00e8vre: As viagens do Papa, s\u00ednodos, prova\u00e7\u00f5es\u2026 O ano 2023 j\u00e1 est\u00e1 cheio de eventos que colocar\u00e3o em evid\u00eancia as personalidades da Igreja Cat\u00f3lica. Aqui est\u00e1 uma lista de n\u00fameros que devem estar nas not\u00edcias no pr\u00f3ximo ano.<\/p>\n<p style=\"text-align: justify;\"><strong>Cardeal Fridolin Ambongo, uma voz para a \u00c1frica<\/strong><\/p>\n<p style=\"text-align: justify;\">Defensor ferrenho do Estado de Direito na Rep\u00fablica Democr\u00e1tica do Congo (RDC), o Cardeal Fridolin Ambongo dar\u00e1 as boas-vindas ao Papa Francisco em seu pa\u00eds em 31 de janeiro. Esta viagem, inicialmente prevista para julho de 2022, colocar\u00e1 em evid\u00eancia este pa\u00eds africano, onde quase um ter\u00e7o da popula\u00e7\u00e3o \u00e9 cat\u00f3lica (de mais de 100 milh\u00f5es de habitantes), e onde a Igreja desempenha um papel fundamental na vida pol\u00edtica, social, educacional e de sa\u00fade.<\/p>\n<p style=\"text-align: justify;\">Membro desde 2020 do Conselho de Cardeais, que assessora o Papa Francisco em sua reforma da C\u00faria Romana, o Arcebispo de Kinshasa segue os passos de seu antecessor, o carism\u00e1tico e poderoso Cardeal Laurent Monsengwo, que morreu em 2021. Um homem de f\u00edsico impressionante, o Cardeal Fridolin Ambongo tornou-se uma das grandes vozes da Igreja na \u00c1frica sob o pontificado de Francisco. Ele n\u00e3o hesita em apelar para a comunidade internacional para que enfrente a grave viol\u00eancia no leste da RDC.<\/p>\n<p style=\"text-align: justify;\"><strong>O Cardeal Manuel Clemente e o retorno da JMJ \u00e0 Europa<\/strong><\/p>\n<p style=\"text-align: justify;\">O Patriarca de Lisboa dar\u00e1 as boas-vindas ao Papa Francisco em sua diocese para a JMJ em agosto. Adiada por um ano devido \u00e0 pandemia, este encontro marcar\u00e1 o retorno da JMJ \u00e0 Europa, sete anos ap\u00f3s Crac\u00f3via, em 2016. A JMJ polonesa \u00e9 uma refer\u00eancia com 700.000 inscritos e mais de dois milh\u00f5es de participantes na missa final. Mas a assist\u00eancia pode ser menor desta vez, dado o impacto da pandemia e da guerra na Ucr\u00e2nia, e a poderosa seculariza\u00e7\u00e3o da juventude europeia, que agora est\u00e1 afetando antigas fortalezas cat\u00f3licas como a Pol\u00f4nia e a It\u00e1lia.<\/p>\n<p style=\"text-align: justify;\">O Cardeal Clemente, at\u00e9 ent\u00e3o bispo do Porto, foi nomeado para a sede patriarcal de Lisboa pelo Papa Francisco em 18 de maio de 2013, e foi criado cardeal em 2015. O ex-presidente da Confer\u00eancia Episcopal Portuguesa far\u00e1 75 anos em 18 de julho, podendo, portanto, aposentar-se ap\u00f3s a JMJ, no final de uma d\u00e9cada de episcopado em Lisboa, marcada por uma certa fragilidade do catolicismo. Uma vez como for\u00e7a de consenso social, a Igreja portuguesa foi apanhada em esc\u00e2ndalos de abuso com a publica\u00e7\u00e3o de um relat\u00f3rio de uma comiss\u00e3o independente que documentou mais de 400 casos de abuso sexual na igreja local.<\/p>\n<p style=\"text-align: justify;\"><strong>O Cardeal Peter Erd\u00f6, um \u201cconservador iluminado\u201d visitado pelo Papa?<\/strong><\/p>\n<p style=\"text-align: justify;\">Primaz da Hungria h\u00e1 mais de 20 anos, o Cardeal Erd\u00f6, 70 anos, tornou-se uma figura-chave no episcopado europeu e encarna um \u201cconservadorismo iluminado\u201d no qual o Papa confiou em particular ao nome\u00e1-lo como relator dos dois S\u00ednodos sobre a fam\u00edlia organizados no Vaticano em 2014 e 2015. Ap\u00f3s ter recebido brevemente o Papa Francisco em sua diocese de Budapeste, em setembro de 2021, por ocasi\u00e3o do Congresso Eucar\u00edstico Internacional, ele poderia receb\u00ea-lo novamente para uma visita mais extensa \u00e0 Hungria, potencialmente na primavera de 2023. As datas ainda n\u00e3o foram anunciadas, mas o governo est\u00e1 se preparando ativamente para isso.<\/p>\n<p style=\"text-align: justify;\">Esta viagem poderia marcar a aproxima\u00e7\u00e3o entre a Santa S\u00e9 e a Hungria. Tanto o Primeiro Ministro populista Viktor Orban quanto o novo Presidente Katalin Novak foram recebidos pelo Papa Francisco no Vaticano em 2022, mostrando converg\u00eancias notadamente sobre a quest\u00e3o do acolhimento dos refugiados ucranianos. O Cardeal Erd\u00f6, que est\u00e1 pr\u00f3ximo \u00e0s autoridades h\u00fangaras, contribuiu para a manuten\u00e7\u00e3o dos la\u00e7os entre Budapeste e o Papa, para quem sempre demonstrou grande lealdade apesar de suas diferen\u00e7as de sensibilidade. Ele conhece bem o funcionamento de uma visita papal: como simples sacerdote, Peter Erd\u00f6 foi um dos organizadores da viagem de Jo\u00e3o Paulo II \u00e0 Hungria em 1996.<\/p>\n<p style=\"text-align: justify;\"><strong>Gabriella Gambino ou Linda Ghisoni, uma futura prefeita?<\/strong><\/p>\n<p style=\"text-align: justify;\">As duas subsecret\u00e1rias do dicast\u00e9rio dos Leigos, Fam\u00edlia e Vida poderiam encontrar-se no centro das aten\u00e7\u00f5es em 2023, com o objetivo de suceder ao atual prefeito do dicast\u00e9rio, o cardeal americano-irland\u00eas Kevin Farrell, que j\u00e1 atingiu o limite te\u00f3rico de 75 anos de idade, e que poderia se aposentar ap\u00f3s a JMJ em Lisboa. O Papa indicou que gostaria de nomear uma mulher para dirigir um dicast\u00e9rio, e este parece plaus\u00edvel.<\/p>\n<p style=\"text-align: justify;\">Gabriella Gambino, te\u00f3loga e especialista em bio\u00e9tica, foi a for\u00e7a motriz por tr\u00e1s do Encontro Mundial das Fam\u00edlias organizado em Roma em junho passado, em um contexto dif\u00edcil dada a persist\u00eancia da pandemia da Covid-19. Menos conhecida na m\u00eddia, a jurista Linda Ghisoni tamb\u00e9m poderia estar qualificada para liderar este complexo dicast\u00e9rio, que est\u00e1 encarregado de supervisionar as associa\u00e7\u00f5es de fi\u00e9is.<\/p>\n<p style=\"text-align: justify;\">Em 2022, o rejuvenescimento e diversifica\u00e7\u00e3o do pessoal deste dicast\u00e9rio incluiu a nomea\u00e7\u00e3o de um secret\u00e1rio totalmente inesperado, na pessoa do brasileiro Gleyson de Paula Souza, 38 anos, ex-semin\u00e1rio e professor de religi\u00e3o simples de uma escola secund\u00e1ria de Puglia. O tumulto causado por esta nomea\u00e7\u00e3o sugere que o cargo de prefeito ser\u00e1 ocupado por uma pessoa mais experiente, atrav\u00e9s de promo\u00e7\u00e3o interna.<\/p>\n<p style=\"text-align: justify;\"><strong>Hollerich-Grech-Becquart, 3 figuras para um s\u00ednodo<\/strong><\/p>\n<p style=\"text-align: justify;\">Inaugurado em outubro de 2021, o S\u00ednodo sobre o futuro da Igreja ganhar\u00e1 impulso ao longo de 2023 com a realiza\u00e7\u00e3o de assembl\u00e9ias continentais em fevereiro-mar\u00e7o pr\u00f3ximo e, em seguida, a abertura da primeira assembl\u00e9ia universal em outubro, em Roma. Neste processo global, que deve tornar a Igreja mais participativa e acolhedora e menos clerical e centralizada, v\u00e1rias personalidades est\u00e3o surgindo.<\/p>\n<p style=\"text-align: justify;\">Este ano, a BBC incluiu em sua lista das 100 mulheres mais influentes e inspiradoras Irm\u00e3 Nathalie Becquart, \u201cn\u00famero 2\u201d do S\u00ednodo dos Bispos \u2013 a estrutura que coordena o processo. No pr\u00f3ximo ano, ela poder\u00e1 se tornar a primeira mulher a votar em um s\u00ednodo. Seu \u2018N+1\u2019, o Cardeal Mario Grech, tamb\u00e9m deve estar muito presente nestes passos decisivos para o futuro da Igreja Cat\u00f3lica, j\u00e1 que as tens\u00f5es no S\u00ednodo sobre quest\u00f5es sens\u00edveis como a ordena\u00e7\u00e3o de mulheres, de homens casados, a moralidade sexual da Igreja e a homossexualidade s\u00e3o muito fortes.<\/p>\n<p style=\"text-align: justify;\">Como relator do S\u00ednodo, o Cardeal luxemburgu\u00eas Jean-Claude Hollerich ter\u00e1 a delicada tarefa de orquestrar a s\u00edntese deste s\u00ednodo, que \u00e9 in\u00e9dita na hist\u00f3ria da Igreja. Um papel eminentemente estrat\u00e9gico.<\/p>\n<p style=\"text-align: justify;\"><strong>Bispo Claudio Gugerotti, em breve ser\u00e1 cardeal?<\/strong><\/p>\n<p style=\"text-align: justify;\">\u00c9 um dos grandes compromissos do ano. Em novembro, o Papa Francisco escolheu Monsenhor Claudio Gugerotti para suceder o Cardeal Leonardo Sandri como chefe do dicast\u00e9rio para as Igrejas Orientais. O diplomata, nascido em 1955, herda esta estrutura que administra e coordena a vida das Igrejas Cat\u00f3licas Orientais. No contexto da guerra na Ucr\u00e2nia, esta escolha do Papa n\u00e3o \u00e9 uma quest\u00e3o de sorte, pois este italiano foi n\u00fancio em Belarus a partir de 2011, depois, em 2015, na Ucr\u00e2nia, antes de se tornar n\u00fancio na Gr\u00e3-Bretanha em 2020.<\/p>\n<p style=\"text-align: justify;\">Seu novo cargo de prefeito significa que um consist\u00f3rio ser\u00e1 realizado nos pr\u00f3ximos meses para cri\u00e1-lo um cardeal. Naturalmente, o Papa Francisco n\u00e3o \u00e9 obrigado a colocar um cardeal \u00e0 frente deste dicast\u00e9rio. Mas, com efeito, ajudaria a estabelecer sua legitimidade e autoridade em suas futuras rela\u00e7\u00f5es com sacerdotes, bispos e patriarcas orientais. Seus dois predecessores neste posto foram criados cardeais ap\u00f3s sua nomea\u00e7\u00e3o \u2013 Leonardo Sandri em 2007 e Ignatius Moussa I Daoud em 2000.<\/p>\n<p style=\"text-align: justify;\"><strong>Giuseppe Pignatone, um juiz para um julgamento extraordin\u00e1rio<\/strong><\/p>\n<p style=\"text-align: justify;\">Especialista em crime organizado, Giuseppe Pignatone foi trazido da aposentadoria em 2019 pelo Papa Francisco para chefiar o Tribunal de Estado da Cidade do Vaticano. Desde 2021, este magistrado, que deixou sua marca em grandes julgamentos contra a m\u00e1fia na It\u00e1lia, est\u00e1 ao leme do famoso caso do Edif\u00edcio Londres, um julgamento em grande escala que supostamente esclarece o desvio de fundos que afeta a Secretaria de Estado e no qual h\u00e1 dez r\u00e9us. O siciliano j\u00e1 entrou na hist\u00f3ria judicial do pequeno Estado chamando um cardeal para depor, na pessoa do Cardeal Angelo Becciu.<\/p>\n<p style=\"text-align: justify;\">Se o julgamento est\u00e1 progredindo laboriosamente \u2013 j\u00e1 mais de 40 audi\u00eancias \u2013 o ano de 2023 poder\u00e1 ver avan\u00e7os decisivos, e isto j\u00e1 em janeiro, com a audi\u00eancia como testemunha do Cardeal Secret\u00e1rio de Estado Pietro Parolin, uma esp\u00e9cie de \u201cPrimeiro Ministro\u201d do Papa Francisco.<\/p>\n<p style=\"text-align: justify;\"><strong>O que segue para o Cardeal Tagle?<\/strong><\/p>\n<p style=\"text-align: justify;\">Ele havia se tornado uma figura de destaque quando assumiu a poderosa Congrega\u00e7\u00e3o para a Evangeliza\u00e7\u00e3o dos Povos em 2019. Em Roma, o nome do cardeal filipino estava at\u00e9 sistematicamente na lista de papabile. Mas desde a entrada em vigor da Constitui\u00e7\u00e3o Praedicar Evangelium em 5 de junho passado, o cardeal filipino n\u00e3o tem mais um papel oficial na C\u00faria, mesmo que ele continue a trabalhar no que se tornou o dicast\u00e9rio para a Evangeliza\u00e7\u00e3o. Agora encabe\u00e7ado pelo pr\u00f3prio Papa, o Papa n\u00e3o fez nenhuma nova nomea\u00e7\u00e3o do cardeal asi\u00e1tico, nem o nomeou oficialmente como pr\u00f3-prefeito deste dicast\u00e9rio.<\/p>\n<p style=\"text-align: justify;\">Al\u00e9m desta situa\u00e7\u00e3o, sua posi\u00e7\u00e3o dentro da Caritas Internationalis, a confedera\u00e7\u00e3o que coordena a a\u00e7\u00e3o das 162 organiza\u00e7\u00f5es humanit\u00e1rias centrais da Igreja Cat\u00f3lica, tamb\u00e9m \u00e9 incomum. Enquanto era presidente, ele mesmo teve que anunciar a decis\u00e3o do Papa de demitir a lideran\u00e7a da C\u00e1ritas e nomear um comiss\u00e1rio extraordin\u00e1rio. Nesta configura\u00e7\u00e3o transit\u00f3ria, o Cardeal Tagle \u00e9 agora apenas um assistente do comiss\u00e1rio.<\/p>\n<p style=\"text-align: justify;\">Nos corredores da C\u00faria, o caso do Cardeal Tagle est\u00e1 causando agita\u00e7\u00e3o. Alguns n\u00e3o hesitam em dizer que ele est\u00e1 em queda, enquanto outros acreditam que o Papa se prepara para nome\u00e1-lo prefeito de outro dicast\u00e9rio, o dos bispos, por exemplo.<\/p>\n<p style=\"text-align: justify;\"><strong>Maximino Caballero Ledo, um leigo<\/strong><\/p>\n<p style=\"text-align: justify;\">O novo prefeito da Secretaria da Economia (SPE) \u2013 um leigo, pela primeira vez, depois de um cardeal e um padre \u2013 assumiu seu cargo com pressa no dia 1\u00ba de dezembro, ap\u00f3s a inesperada demiss\u00e3o, oficialmente por motivos de sa\u00fade, do padre Juan Antonio Guerrero, que ocupava o cargo desde 1\u00ba de janeiro de 2020. Maximino Caballero Ledo, 63 anos, casado e pai de dois filhos, foi nomeado secret\u00e1rio deste \u00f3rg\u00e3o no final do ver\u00e3o de 2020. Ele representa a continuidade com o Padre Guerrero, de quem \u00e9 amigo de inf\u00e2ncia. Este espanhol passou a maior parte de sua carreira no setor privado, notadamente nos Estados Unidos.<\/p>\n<p style=\"text-align: justify;\">Entre as novas prerrogativas deste \u00f3rg\u00e3o est\u00e1 o estabelecimento de um departamento de recursos humanos para supervisionar todas as contrata\u00e7\u00f5es no Vaticano. Isto representa um grande desafio para a organiza\u00e7\u00e3o do trabalho nos diversos \u00f3rg\u00e3os da C\u00faria, que est\u00e3o sujeitos a restri\u00e7\u00f5es e ritmos muito diferentes. Nos \u00faltimos meses, os atrasos no processamento dos contratos de trabalho t\u00eam causado grande tens\u00e3o entre a Secretaria de Economia e os outros dicast\u00e9rios, que esperam uma maior fluidez e efici\u00eancia uma vez que a organiza\u00e7\u00e3o esteja melhor estabelecida em 2023.<\/p>\n<p style=\"text-align: justify;\"><strong>Arcebispo Timothy Broglio, o desafio da unidade da Igreja americana<\/strong><\/p>\n<p style=\"text-align: justify;\">O novo presidente da Confer\u00eancia Episcopal Americana foi apresentado na \u00e9poca de sua elei\u00e7\u00e3o como uma figura polarizadora: este prelado de 71 anos, que \u00e9 bispo das For\u00e7as Armadas desde 2007, havia sido anteriormente secret\u00e1rio do Cardeal Angelo Sodano, ent\u00e3o Secret\u00e1rio de Estado sob Jo\u00e3o Paulo II. Ele foi apresentado pela m\u00eddia como detentor de uma linha muito conservadora.<\/p>\n<p style=\"text-align: justify;\">Em sua primeira visita a Roma no final de novembro, o Arcebispo Timothy Broglio fez quest\u00e3o de corrigir esta impress\u00e3o, mostrando seu apoio ao processo sinodal e sua lealdade ao Papa Francisco. Entrevistado pela R\u00e1dio Vaticano, ele garantiu \u00e0 audi\u00eancia sua participa\u00e7\u00e3o ativa nas reuni\u00f5es sinodais organizadas conjuntamente pelos bispos do Canad\u00e1 e dos Estados Unidos, inclusive as em franc\u00eas, l\u00edngua que ele domina gra\u00e7as \u00e0 sua forma\u00e7\u00e3o como diplomata pontif\u00edcio.<\/p>\n<p style=\"text-align: justify;\">No ano 2023, que ser\u00e1 marcado pelo in\u00edcio da campanha presidencial, o Arcebispo Broglio, que disse que gostaria de se encontrar pessoalmente com o Presidente Joe Biden, ter\u00e1 a delicada tarefa de unir um episcopado que reflita a polariza\u00e7\u00e3o dos cat\u00f3licos e do pa\u00eds.<\/p>\n","protected":false},"excerpt":{"rendered":"<p>Seu Boletim Direto do Vaticano de 28 de dezembro de 2023 Por Cyprien Viet e Hugues Lef\u00e8vre: As viagens do Papa, s\u00ednodos, prova\u00e7\u00f5es\u2026 O ano 2023 j\u00e1 est\u00e1 cheio de eventos que colocar\u00e3o em evid\u00eancia as personalidades da Igreja Cat\u00f3lica. Aqui est\u00e1 uma lista de n\u00fameros que devem estar nas not\u00edcias no pr\u00f3ximo ano. Cardeal [&hellip;]<\/p>\n","protected":false},"author":1,"featured_media":78429,"comment_status":"open","ping_status":"closed","sticky":false,"template":"","format":"standard","meta":{"footnotes":""},"categories":[4,13],"tags":[],"class_list":["post-78428","post","type-post","status-publish","format-standard","has-post-thumbnail","hentry","category-cotidiano","category-featured"],"_links":{"self":[{"href":"https:\/\/catolicanet.net\/wp-cnet\/wp-json\/wp\/v2\/posts\/78428","targetHints":{"allow":["GET"]}}],"collection":[{"href":"https:\/\/catolicanet.net\/wp-cnet\/wp-json\/wp\/v2\/posts"}],"about":[{"href":"https:\/\/catolicanet.net\/wp-cnet\/wp-json\/wp\/v2\/types\/post"}],"author":[{"embeddable":true,"href":"https:\/\/catolicanet.net\/wp-cnet\/wp-json\/wp\/v2\/users\/1"}],"replies":[{"embeddable":true,"href":"https:\/\/catolicanet.net\/wp-cnet\/wp-json\/wp\/v2\/comments?post=78428"}],"version-history":[{"count":1,"href":"https:\/\/catolicanet.net\/wp-cnet\/wp-json\/wp\/v2\/posts\/78428\/revisions"}],"predecessor-version":[{"id":78430,"href":"https:\/\/catolicanet.net\/wp-cnet\/wp-json\/wp\/v2\/posts\/78428\/revisions\/78430"}],"wp:featuredmedia":[{"embeddable":true,"href":"https:\/\/catolicanet.net\/wp-cnet\/wp-json\/wp\/v2\/media\/78429"}],"wp:attachment":[{"href":"https:\/\/catolicanet.net\/wp-cnet\/wp-json\/wp\/v2\/media?parent=78428"}],"wp:term":[{"taxonomy":"category","embeddable":true,"href":"https:\/\/catolicanet.net\/wp-cnet\/wp-json\/wp\/v2\/categories?post=78428"},{"taxonomy":"post_tag","embeddable":true,"href":"https:\/\/catolicanet.net\/wp-cnet\/wp-json\/wp\/v2\/tags?post=78428"}],"curies":[{"name":"wp","href":"https:\/\/api.w.org\/{rel}","templated":true}]}}