{"id":78412,"date":"2022-12-28T09:03:46","date_gmt":"2022-12-28T12:03:46","guid":{"rendered":"https:\/\/catolicanet.net\/wp-cnet\/?p=78412"},"modified":"2022-12-28T15:04:55","modified_gmt":"2022-12-28T18:04:55","slug":"o-agir-missionario-pela-oracao-e-as-mulheres-na-missao-sao-destaques-da-comissao-para-acao-missionaria-da-cnbb-em-2022","status":"publish","type":"post","link":"https:\/\/catolicanet.net\/wp-cnet\/o-agir-missionario-pela-oracao-e-as-mulheres-na-missao-sao-destaques-da-comissao-para-acao-missionaria-da-cnbb-em-2022\/","title":{"rendered":"O AGIR MISSION\u00c1RIO PELA ORA\u00c7\u00c3O E AS MULHERES NA MISS\u00c3O S\u00c3O DESTAQUES DA COMISS\u00c3O PARA A\u00c7\u00c3O MISSION\u00c1RIA DA CNBB EM 2022"},"content":{"rendered":"<p style=\"text-align: justify;\">O Ano de 2022 foi bem agitado para a Comiss\u00e3o para a A\u00e7\u00e3o Mission\u00e1ria e Coopera\u00e7\u00e3o Intereclesial da Confer\u00eancia Nacional dos Bispos do Brasil (CNBB). O ano foi marcado pela segunda edi\u00e7\u00e3o das\u00a0<a href=\"https:\/\/www.cnbb.org.br\/comissao-acao-missionaria-conclui-serie-jornada-oracao-e-missao-pela-paz\/\">Jornadas de Ora\u00e7\u00e3o e Miss\u00e3o<\/a>\u00a0promovidas comiss\u00e3o desde todo dia\u00a0 1\u00ba de cada m\u00eas, em parceria com a\u00a0Funda\u00e7\u00e3o Pontif\u00edcia Ajuda \u00e0 Igreja que sofre (ACN).<\/p>\n<p style=\"text-align: justify;\">A iniciativa prop\u00f4s que cada crist\u00e3o cat\u00f3lico tirasse um momento do dia para rezar pelos pa\u00edses que vivem em guerra civil. Segundo a comiss\u00e3o, a\u00a0Jornada de Ora\u00e7\u00e3o e Miss\u00e3o faz parte de uma s\u00e9rie que coloca o valor da ora\u00e7\u00e3o como \u201cagir mission\u00e1rio\u201d e \u00e9 um convite convite para contribuir, especialmente, com a ora\u00e7\u00e3o que \u00e9 uma das formas mais significativas de colaborar com o trabalho mission\u00e1rio.<\/p>\n<p style=\"text-align: justify;\">Outro marco da comiss\u00e3o foi a s\u00e9rie de\u00a0<a href=\"https:\/\/www.cnbb.org.br\/live-mulheres-na-missao-encerra-temporada-nesta-quinta-feira-8-solenidade-da-imaculada-conceicao\/\">lives \u201cMulheres na Miss\u00e3o\u201d<\/a>\u00a0que\u00a0concretiza a proposta de viv\u00eancia da miss\u00e3o prevista no Programa Mission\u00e1rio Nacional (PMN) em conson\u00e2ncia com as Diretrizes Gerais da A\u00e7\u00e3o Evangelizadora da Igreja no Brasil (2019-2023). Editado pelas Edi\u00e7\u00f5es CNBB, o PMN \u00e9 um documento importante para o aprofundamento da viv\u00eancia e da a\u00e7\u00e3o mission\u00e1ria na Igreja do Brasil.<\/p>\n<p style=\"text-align: justify;\"><img loading=\"lazy\" decoding=\"async\" class=\"size-medium wp-image-929262 alignleft\" src=\"https:\/\/eadn-wc02-718006.nxedge.io\/cdn\/wp-content\/uploads\/2022\/09\/Irma-Sandra-300x200.jpg\" sizes=\"auto, (max-width: 300px) 100vw, 300px\" srcset=\"https:\/\/eadn-wc02-718006.nxedge.io\/cdn\/wp-content\/uploads\/2022\/09\/Irma-Sandra-300x200.jpg 300w, https:\/\/eadn-wc02-718006.nxedge.io\/cdn\/wp-content\/uploads\/2022\/09\/Irma-Sandra-1024x682.jpg 1024w, https:\/\/eadn-wc02-718006.nxedge.io\/cdn\/wp-content\/uploads\/2022\/09\/Irma-Sandra-768x512.jpg 768w, https:\/\/eadn-wc02-718006.nxedge.io\/cdn\/wp-content\/uploads\/2022\/09\/Irma-Sandra-500x333.jpg 500w, https:\/\/eadn-wc02-718006.nxedge.io\/cdn\/wp-content\/uploads\/2022\/09\/Irma-Sandra.jpg 1280w\" alt=\"\" width=\"300\" height=\"200\" \/>A assessora da comiss\u00e3o, irm\u00e3 Sandra Regina Amado e a assessora de comunica\u00e7\u00e3o do Regional Sul 3 da CNBB e integrante da coordena\u00e7\u00e3o do Conselho Mission\u00e1rio Regional, Vict\u00f3ria Holzbach bateram diversos papos sobre a abertura de\u00a0espa\u00e7os para reconhecer, valorizar a presen\u00e7a, a reflex\u00e3o e a a\u00e7\u00e3o das mulheres na miss\u00e3o da Igreja do Brasil e do mundo.<\/p>\n<p style=\"text-align: justify;\"><em>\u201cO espa\u00e7o Mulheres na Miss\u00e3o receber\u00e1 convidadas para fazer uma abordagem sob a perspectiva da mulher sobre temas variados e que tocam temas significativos para a a\u00e7\u00e3o mission\u00e1ria da mulher na Igreja para possam ser resinificados mediante o olhar feminino e em colabora\u00e7\u00e3o com todas as for\u00e7as eclesiais que possam contribuir na constru\u00e7\u00e3o de uma sociedade mais humana, justa e fraterna\u201d<\/em>, destacou Ir. Sandra em uma das lives.<\/p>\n<h3 style=\"text-align: justify;\">Outras iniciativas mission\u00e1rias<\/h3>\n<figure id=\"attachment_915622\" class=\"wp-caption alignleft\" style=\"text-align: justify;\" aria-describedby=\"caption-attachment-915622\"><img loading=\"lazy\" decoding=\"async\" class=\" wp-image-915622\" src=\"https:\/\/eadn-wc02-718006.nxedge.io\/cdn\/wp-content\/uploads\/2022\/06\/Encontro-com-dom-Paul-McAleenan_-bispo-Auxiliar-de-Westminster-e-responsavel-dos-migrantes-em-Londres_1-300x135.jpeg\" sizes=\"auto, (max-width: 327px) 100vw, 327px\" srcset=\"https:\/\/eadn-wc02-718006.nxedge.io\/cdn\/wp-content\/uploads\/2022\/06\/Encontro-com-dom-Paul-McAleenan_-bispo-Auxiliar-de-Westminster-e-responsavel-dos-migrantes-em-Londres_1-300x135.jpeg 300w, https:\/\/eadn-wc02-718006.nxedge.io\/cdn\/wp-content\/uploads\/2022\/06\/Encontro-com-dom-Paul-McAleenan_-bispo-Auxiliar-de-Westminster-e-responsavel-dos-migrantes-em-Londres_1-1024x460.jpeg 1024w, https:\/\/eadn-wc02-718006.nxedge.io\/cdn\/wp-content\/uploads\/2022\/06\/Encontro-com-dom-Paul-McAleenan_-bispo-Auxiliar-de-Westminster-e-responsavel-dos-migrantes-em-Londres_1-768x345.jpeg 768w, https:\/\/eadn-wc02-718006.nxedge.io\/cdn\/wp-content\/uploads\/2022\/06\/Encontro-com-dom-Paul-McAleenan_-bispo-Auxiliar-de-Westminster-e-responsavel-dos-migrantes-em-Londres_1-1536x690.jpeg 1536w, https:\/\/eadn-wc02-718006.nxedge.io\/cdn\/wp-content\/uploads\/2022\/06\/Encontro-com-dom-Paul-McAleenan_-bispo-Auxiliar-de-Westminster-e-responsavel-dos-migrantes-em-Londres_1-500x225.jpeg 500w, https:\/\/eadn-wc02-718006.nxedge.io\/cdn\/wp-content\/uploads\/2022\/06\/Encontro-com-dom-Paul-McAleenan_-bispo-Auxiliar-de-Westminster-e-responsavel-dos-migrantes-em-Londres_1.jpeg 1600w\" alt=\"\" width=\"327\" height=\"147\" \/><figcaption id=\"caption-attachment-915622\" class=\"wp-caption-text\"><em>Encontro de dom Adilson Busin, referencial da PBE e dom Paul McAleenan bispo auxiliar de Westminster. | Foto: arquivo pessoa.\u00a0<\/em><\/figcaption><\/figure>\n<p style=\"text-align: justify;\">A comiss\u00e3o tamb\u00e9m acompanha a Pastoral dos Brasileiros no Exterior, o Conselho Mission\u00e1rio Nacional (COMINA), atrav\u00e9s da executiva os Conselhos Mission\u00e1rios Regionais (COMIRE\u00b4s) e realiza a promo\u00e7\u00e3o, articula\u00e7\u00e3o e concretiza\u00e7\u00e3o do Programa Mission\u00e1rio Nacional (PMN). Realizou ainda neste ano o\u00a0<a href=\"https:\/\/www.cnbb.org.br\/seminaristas-de-todo-o-brasil-participam-de-congresso-missionario-nacional-de-seminaristas-em-joao-pessoa-pb\/\">4\u00ba Congresso Mission\u00e1rio Nacional de Seminaristas (COMINSE).<\/a><\/p>\n<p style=\"text-align: justify;\">O\u00a0bispo referencial da Pastoral dom Adilson Pedro Busin, bispo auxiliar de Porto Alegre (RS), visitou Londres e Irlanda para encontrar com cat\u00f3licos brasileiros.<\/p>\n<p style=\"text-align: justify;\">Promoveu\u00a0<a href=\"https:\/\/www.cnbb.org.br\/37a-assembleia-do-comina-impulsiona-a-animacao-missionaria-e-encaminha-o-5o-congresso-missionario-nacional\/\">a 37\u00aa Assembleia do Conselho Mission\u00e1rio Nacional (COMINA)<\/a>, que ocorreu de 11 a de de agosto, em Bras\u00edlia (DF) e reuniu 50 participantes, entre bispos, padres, religiosas, leigos e leigas que comp\u00f5em os Conselhos Mission\u00e1rios Regionais (COMIREs), membros das comiss\u00f5es para a A\u00e7\u00e3o Mission\u00e1ria e Coopera\u00e7\u00e3o Intereclesial e Especial para a Amaz\u00f4nia; diretor e secret\u00e1rios das Pontif\u00edcias Obras Mission\u00e1rias (POM); representantes das institui\u00e7\u00f5es e organismos mission\u00e1rios membros do COMINA.<\/p>\n<h3 style=\"text-align: justify;\">M\u00eas mission\u00e1rio<\/h3>\n<p style=\"text-align: justify;\"><img loading=\"lazy\" decoding=\"async\" class=\"wp-image-930866 alignright\" src=\"https:\/\/eadn-wc02-718006.nxedge.io\/cdn\/wp-content\/uploads\/2022\/09\/Missa-abertura-mes-missionario-2022-300x300.jpeg\" sizes=\"auto, (max-width: 282px) 100vw, 282px\" srcset=\"https:\/\/eadn-wc02-718006.nxedge.io\/cdn\/wp-content\/uploads\/2022\/09\/Missa-abertura-mes-missionario-2022-300x300.jpeg 300w, https:\/\/eadn-wc02-718006.nxedge.io\/cdn\/wp-content\/uploads\/2022\/09\/Missa-abertura-mes-missionario-2022-1024x1024.jpeg 1024w, https:\/\/eadn-wc02-718006.nxedge.io\/cdn\/wp-content\/uploads\/2022\/09\/Missa-abertura-mes-missionario-2022-150x150.jpeg 150w, https:\/\/eadn-wc02-718006.nxedge.io\/cdn\/wp-content\/uploads\/2022\/09\/Missa-abertura-mes-missionario-2022-768x768.jpeg 768w, https:\/\/eadn-wc02-718006.nxedge.io\/cdn\/wp-content\/uploads\/2022\/09\/Missa-abertura-mes-missionario-2022-800x800.jpeg 800w, https:\/\/eadn-wc02-718006.nxedge.io\/cdn\/wp-content\/uploads\/2022\/09\/Missa-abertura-mes-missionario-2022-500x500.jpeg 500w, https:\/\/eadn-wc02-718006.nxedge.io\/cdn\/wp-content\/uploads\/2022\/09\/Missa-abertura-mes-missionario-2022.jpeg 1080w\" alt=\"\" width=\"282\" height=\"282\" \/>Antes de encerrar o ano, a comiss\u00e3o celebrou ainda o\u00a0<a href=\"https:\/\/www.cnbb.org.br\/missa-abre-mes-missionario-2022\/\">M\u00eas Mission\u00e1rio na Igreja no Brasil<\/a>, em outubro. A abertura foi com uma missa no Santu\u00e1rio Nacional de Nossa Senhora Aparecida, presidida pelo bispo de Chapec\u00f3 (SC) e presidente da comiss\u00e3o, dom Odelir Jos\u00e9 Magri.<\/p>\n<p style=\"text-align: justify;\">Neste ano, o tema proposto para a\u00a0<a href=\"https:\/\/www.cnbb.org.br\/atividades-recursos-campanha-missionaria-2022\/\">Campanha Mission\u00e1ria<\/a>\u00a0foi\u00a0<em><strong>\u201cA Igreja \u00e9 miss\u00e3o\u201d<\/strong><\/em>\u00a0e a inspira\u00e7\u00e3o b\u00edblica \u201c<em>Sereis minhas testemunhas<\/em>\u201d (At 1,8). para este momento tiveram a novena, os v\u00eddeos, o podcast produzidos pelas com as Pontif\u00edcias Obras Mission\u00e1rias.<\/p>\n<p style=\"text-align: justify;\">Outro marco da comiss\u00e3o foi ter reunido mais de 200 pessoas on-line, entre os dias 22 e 24 de novembro, para o\u00a0<a href=\"https:\/\/www.cnbb.org.br\/encontro-virtual-buscou-unir-forcas-das-diferentes-expressoes-das-missoes-populares-do-brasil\/\">Encontro virtual das Miss\u00f5es Populares<\/a>. A atividade foi promovida com o objetivo de animar e promover intera\u00e7\u00e3o das diferentes express\u00f5es de Miss\u00f5es Populares presentes na Igreja no Brasil.<\/p>\n<p style=\"text-align: justify;\">O encontro teve ainda a inten\u00e7\u00e3o de\u00a0<em>\u201cunir for\u00e7as das diferentes express\u00f5es de miss\u00f5es populares\u201d<\/em>, de acordo com o assessor da comiss\u00e3o, padre Daniel Rochetti, que participou do evento. Esse encontro foi a prepara\u00e7\u00e3o para o III Semin\u00e1rio Nacional das Miss\u00f5es Populares, que ser\u00e1 realizado em 2023.<\/p>\n","protected":false},"excerpt":{"rendered":"<p>O Ano de 2022 foi bem agitado para a Comiss\u00e3o para a A\u00e7\u00e3o Mission\u00e1ria e Coopera\u00e7\u00e3o Intereclesial da Confer\u00eancia Nacional dos Bispos do Brasil (CNBB). O ano foi marcado pela segunda edi\u00e7\u00e3o das\u00a0Jornadas de Ora\u00e7\u00e3o e Miss\u00e3o\u00a0promovidas comiss\u00e3o desde todo dia\u00a0 1\u00ba de cada m\u00eas, em parceria com a\u00a0Funda\u00e7\u00e3o Pontif\u00edcia Ajuda \u00e0 Igreja que sofre [&hellip;]<\/p>\n","protected":false},"author":1,"featured_media":78413,"comment_status":"open","ping_status":"closed","sticky":false,"template":"","format":"standard","meta":{"footnotes":""},"categories":[7,13],"tags":[],"class_list":["post-78412","post","type-post","status-publish","format-standard","has-post-thumbnail","hentry","category-cnbb","category-featured"],"_links":{"self":[{"href":"https:\/\/catolicanet.net\/wp-cnet\/wp-json\/wp\/v2\/posts\/78412","targetHints":{"allow":["GET"]}}],"collection":[{"href":"https:\/\/catolicanet.net\/wp-cnet\/wp-json\/wp\/v2\/posts"}],"about":[{"href":"https:\/\/catolicanet.net\/wp-cnet\/wp-json\/wp\/v2\/types\/post"}],"author":[{"embeddable":true,"href":"https:\/\/catolicanet.net\/wp-cnet\/wp-json\/wp\/v2\/users\/1"}],"replies":[{"embeddable":true,"href":"https:\/\/catolicanet.net\/wp-cnet\/wp-json\/wp\/v2\/comments?post=78412"}],"version-history":[{"count":1,"href":"https:\/\/catolicanet.net\/wp-cnet\/wp-json\/wp\/v2\/posts\/78412\/revisions"}],"predecessor-version":[{"id":78414,"href":"https:\/\/catolicanet.net\/wp-cnet\/wp-json\/wp\/v2\/posts\/78412\/revisions\/78414"}],"wp:featuredmedia":[{"embeddable":true,"href":"https:\/\/catolicanet.net\/wp-cnet\/wp-json\/wp\/v2\/media\/78413"}],"wp:attachment":[{"href":"https:\/\/catolicanet.net\/wp-cnet\/wp-json\/wp\/v2\/media?parent=78412"}],"wp:term":[{"taxonomy":"category","embeddable":true,"href":"https:\/\/catolicanet.net\/wp-cnet\/wp-json\/wp\/v2\/categories?post=78412"},{"taxonomy":"post_tag","embeddable":true,"href":"https:\/\/catolicanet.net\/wp-cnet\/wp-json\/wp\/v2\/tags?post=78412"}],"curies":[{"name":"wp","href":"https:\/\/api.w.org\/{rel}","templated":true}]}}