{"id":78318,"date":"2022-12-25T11:11:40","date_gmt":"2022-12-25T14:11:40","guid":{"rendered":"https:\/\/catolicanet.net\/wp-cnet\/?p=78318"},"modified":"2022-12-26T11:13:25","modified_gmt":"2022-12-26T14:13:25","slug":"em-mensagem-de-natal-presidente-da-cnbb-motiva-trilhar-o-caminho-da-reconciliacao-2","status":"publish","type":"post","link":"https:\/\/catolicanet.net\/wp-cnet\/em-mensagem-de-natal-presidente-da-cnbb-motiva-trilhar-o-caminho-da-reconciliacao-2\/","title":{"rendered":"EM MENSAGEM DE NATAL, PRESIDENTE DA CNBB MOTIVA TRILHAR O CAMINHO DA RECONCILIA\u00c7\u00c3O"},"content":{"rendered":"<div class=\"elementor-element elementor-element-3a087bd2 elementor-widget elementor-widget-theme-post-content\" data-id=\"3a087bd2\" data-element_type=\"widget\" data-widget_type=\"theme-post-content.default\">\n<div class=\"elementor-widget-container\">\n<p style=\"text-align: justify;\">\u201cTodos busquem trilhar o caminho da reconcilia\u00e7\u00e3o considerando os ressentimentos que ficaram em raz\u00e3o, principalmente, de diverg\u00eancias pol\u00edticas\u201d. Essa \u00e9 a proposta de exerc\u00edcio espiritual para o Natal deste ano feita pelo arcebispo de Belo Horizonte (MG) e presidente da Confer\u00eancia Nacional dos Bispos do Brasil (CNBB), dom Walmor Oliveira de Azevedo, em mensagem divulgada na \u00faltima quarta-feira, 21 de dezembro.<\/p>\n<p style=\"text-align: justify;\">Dom Walmor afirma que o\u00a0tempo do Natal \u201coferece-nos neste ano um especial convite que \u00e9 verdadeiro exerc\u00edcio espiritual\u201d, nessa perspectiva da reconcilia\u00e7\u00e3o.<\/p>\n<blockquote><p>\u201cCada um possa reconhecer neste tempo do Natal que Jesus nasce para todos, independentemente, das convic\u00e7\u00f5es pol\u00edticas, pois cada pessoa \u00e9 filho e filha de Deus. Somos, pois, igualmente irm\u00e3os e irm\u00e3s um dos outros, devemos ser correspons\u00e1veis pela vida de cada um e de cada uma\u201d, afirmou.<\/p><\/blockquote>\n<p style=\"text-align: justify;\">Por esse motivo, dom Walmor indica que cada um evite investir energia em pontos de divis\u00e3o: \u201cao contr\u00e1rio, exercite o amor ao pr\u00f3ximo, procure aqueles que com os quais rompeu la\u00e7os fraternos e juntos fa\u00e7am a caridade dedicando gestos solid\u00e1rios aos que sofrem mais. N\u00e3o ofenda, n\u00e3o revide, n\u00e3o instigue brigas, viva cada dia como oportunidade para o exerc\u00edcio da fraternidade\u201d.<\/p>\n<p style=\"text-align: justify;\">Confira o v\u00eddeo na \u00edntegra:<\/p>\n<div class=\"ast-oembed-container\"><iframe loading=\"lazy\" title=\"Mensagem de Natal | Dom Walmor Oliveira de Azevedo\" src=\"https:\/\/www.youtube.com\/embed\/bZ33dWarMYU?feature=oembed\" width=\"1200\" height=\"675\" frameborder=\"0\" allowfullscreen=\"allowfullscreen\" data-mce-fragment=\"1\"><\/iframe><\/div>\n<p>&nbsp;<\/p>\n<\/div>\n<\/div>\n","protected":false},"excerpt":{"rendered":"<p>\u201cTodos busquem trilhar o caminho da reconcilia\u00e7\u00e3o considerando os ressentimentos que ficaram em raz\u00e3o, principalmente, de diverg\u00eancias pol\u00edticas\u201d. Essa \u00e9 a proposta de exerc\u00edcio espiritual para o Natal deste ano feita pelo arcebispo de Belo Horizonte (MG) e presidente da Confer\u00eancia Nacional dos Bispos do Brasil (CNBB), dom Walmor Oliveira de Azevedo, em mensagem divulgada [&hellip;]<\/p>\n","protected":false},"author":1,"featured_media":78319,"comment_status":"open","ping_status":"closed","sticky":false,"template":"","format":"standard","meta":{"footnotes":""},"categories":[7,13],"tags":[],"class_list":["post-78318","post","type-post","status-publish","format-standard","has-post-thumbnail","hentry","category-cnbb","category-featured"],"_links":{"self":[{"href":"https:\/\/catolicanet.net\/wp-cnet\/wp-json\/wp\/v2\/posts\/78318","targetHints":{"allow":["GET"]}}],"collection":[{"href":"https:\/\/catolicanet.net\/wp-cnet\/wp-json\/wp\/v2\/posts"}],"about":[{"href":"https:\/\/catolicanet.net\/wp-cnet\/wp-json\/wp\/v2\/types\/post"}],"author":[{"embeddable":true,"href":"https:\/\/catolicanet.net\/wp-cnet\/wp-json\/wp\/v2\/users\/1"}],"replies":[{"embeddable":true,"href":"https:\/\/catolicanet.net\/wp-cnet\/wp-json\/wp\/v2\/comments?post=78318"}],"version-history":[{"count":1,"href":"https:\/\/catolicanet.net\/wp-cnet\/wp-json\/wp\/v2\/posts\/78318\/revisions"}],"predecessor-version":[{"id":78320,"href":"https:\/\/catolicanet.net\/wp-cnet\/wp-json\/wp\/v2\/posts\/78318\/revisions\/78320"}],"wp:featuredmedia":[{"embeddable":true,"href":"https:\/\/catolicanet.net\/wp-cnet\/wp-json\/wp\/v2\/media\/78319"}],"wp:attachment":[{"href":"https:\/\/catolicanet.net\/wp-cnet\/wp-json\/wp\/v2\/media?parent=78318"}],"wp:term":[{"taxonomy":"category","embeddable":true,"href":"https:\/\/catolicanet.net\/wp-cnet\/wp-json\/wp\/v2\/categories?post=78318"},{"taxonomy":"post_tag","embeddable":true,"href":"https:\/\/catolicanet.net\/wp-cnet\/wp-json\/wp\/v2\/tags?post=78318"}],"curies":[{"name":"wp","href":"https:\/\/api.w.org\/{rel}","templated":true}]}}