{"id":78307,"date":"2022-12-26T11:00:25","date_gmt":"2022-12-26T14:00:25","guid":{"rendered":"https:\/\/catolicanet.net\/wp-cnet\/?p=78307"},"modified":"2022-12-26T11:00:25","modified_gmt":"2022-12-26T14:00:25","slug":"festa-da-sagrada-familia","status":"publish","type":"post","link":"https:\/\/catolicanet.net\/wp-cnet\/festa-da-sagrada-familia\/","title":{"rendered":"Festa da Sagrada Fam\u00edlia"},"content":{"rendered":"<p style=\"text-align: justify;\">A Sagrada Fam\u00edlia \u00e9 formada pelo Menino Jesus, pela Virgem Maria e por S\u00e3o Jos\u00e9. \u00c9 o modelo que inspirou e continua inspirando todos n\u00f3s crist\u00e3os. No s\u00e9culo XVII, passou a ser festejada e hoje acontece dentro da Oitava de Natal. Assim, a festa da Sagrada Fam\u00edlia geralmente \u00e9 realizada no domingo seguinte ao Natal, mas quando o Natal do Senhor ocorre em um domingo, a Festa da Sagrada Fam\u00edlia \u00e9 celebrada no dia 30 de dezembro.<\/p>\n<p style=\"text-align: justify;\">A festa surgiu para exaltar a Sagrada Fam\u00edlia em toda a sua presen\u00e7a, desde as virtudes humildes, a simplicidade, o amor e a dedica\u00e7\u00e3o um pelo outro. \u00c9 tamb\u00e9m um ambiente de uni\u00e3o regido pela f\u00e9 crist\u00e3.<\/p>\n<p style=\"text-align: justify;\">A festa da Sagrada Fam\u00edlia \u00e9 um reconhecer a humildade plena e pura de Jesus Cristo, a virtude de Maria e a firmeza de Jos\u00e9 \u2014 todos eles, obedientes a Deus.<\/p>\n<p style=\"text-align: justify;\">Ao festejar a Sagrada Fam\u00edlia, devemos rezar por nossas fam\u00edlias \u2014 os familiares que est\u00e3o por perto e os que j\u00e1 faleceram. Devemos lembrar que Deus \u00e9 o centro da nossa vida e a fam\u00edlia, o nosso alicerce. Que possamos refletir com o cora\u00e7\u00e3o e a f\u00e9 sobre se estamos realmente preservando a fam\u00edlia crist\u00e3 diante de tantas circunst\u00e2ncias adversas. Que Jesus Cristo continue clareando nosso caminho em dire\u00e7\u00e3o aos seus ensinamentos. Para que possamos seguir seu exemplo.<\/p>\n<p style=\"text-align: justify;\">Ir \u00e0 missa \u00e9 fundamental para a unidade familiar. \u00c9 na missa que refletimos sobre nosso dia a dia, sobre as quest\u00f5es corriqueiras e outras mais complexas. \u00c9 na missa que podemos enxergar caminhos de al\u00edvio e seguran\u00e7a. Na missa, a vida em fam\u00edlia tamb\u00e9m acontece.<\/p>\n<p style=\"text-align: justify;\">Papa S\u00e3o Jo\u00e3o Paulo II, ao citar o Papa S\u00e3o Paulo VI, escreveu que a \u201c<em>Sagrada Fam\u00edlia \u00e9 o prot\u00f3tipo e exemplo para todas as fam\u00edlias crist\u00e3s e o modelo e fonte espiritual para cada fam\u00edlia crist\u00e3<\/em>\u201d. Ele tamb\u00e9m escreveu sobre a casa de Nazar\u00e9. \u201c<em>A casa de Nazar\u00e9 \u00e9 a escola onde come\u00e7amos a compreender a vida de Jesus, a escola do Evangelho. Nesta escola se aprende porque \u00e9 necess\u00e1rio ter uma regra espiritual de vida, se se deseja seguir o ensino do Evangelho e tornar-se disc\u00edpulo de Cristo. Na casa de Nazar\u00e9 cada um vive a sua miss\u00e3o em perfeita sintonia com os outros membros da Sagrada Fam\u00edlia<\/em>\u201d (<em>Ecclesia in Africa, 81<\/em>).<\/p>\n<p style=\"text-align: justify;\">Por isso, devemos rezar para todos tenham uma fam\u00edlia ou que se sintam acolhidos por uma fam\u00edlia. E que aqueles que t\u00eam essa fam\u00edlia, que se esforce para preserv\u00e1-la, para compartilhar a palavra de Deus em seu seio.<\/p>\n<p style=\"text-align: justify;\">Que possamos celebrar a Sagrada Fam\u00edlia no pr\u00f3ximo dia 30 de novembro, renovando a alegria com a chegada do Senhor, que veio para nos salvar \u2014 Ele que recebido por Maria e Jos\u00e9 e que doou sua vida por n\u00f3s.<\/p>\n<p style=\"text-align: justify;\">Que celebremos junto com a Igreja a festa da Sagrada Fam\u00edlia, pedindo a intercess\u00e3o por nossas fam\u00edlias, com sa\u00fade, paz e harmonia, para que neste seio reinem as virtudes do Lar de Nazar\u00e9.<\/p>\n<p style=\"text-align: justify;\">Sauda\u00e7\u00f5es em Cristo!<\/p>\n","protected":false},"excerpt":{"rendered":"<p>A Sagrada Fam\u00edlia \u00e9 formada pelo Menino Jesus, pela Virgem Maria e por S\u00e3o Jos\u00e9. \u00c9 o modelo que inspirou e continua inspirando todos n\u00f3s crist\u00e3os. No s\u00e9culo XVII, passou a ser festejada e hoje acontece dentro da Oitava de Natal. Assim, a festa da Sagrada Fam\u00edlia geralmente \u00e9 realizada no domingo seguinte ao Natal, [&hellip;]<\/p>\n","protected":false},"author":10,"featured_media":55817,"comment_status":"open","ping_status":"closed","sticky":false,"template":"","format":"standard","meta":{"footnotes":""},"categories":[9],"tags":[],"class_list":["post-78307","post","type-post","status-publish","format-standard","has-post-thumbnail","hentry","category-artigos"],"_links":{"self":[{"href":"https:\/\/catolicanet.net\/wp-cnet\/wp-json\/wp\/v2\/posts\/78307","targetHints":{"allow":["GET"]}}],"collection":[{"href":"https:\/\/catolicanet.net\/wp-cnet\/wp-json\/wp\/v2\/posts"}],"about":[{"href":"https:\/\/catolicanet.net\/wp-cnet\/wp-json\/wp\/v2\/types\/post"}],"author":[{"embeddable":true,"href":"https:\/\/catolicanet.net\/wp-cnet\/wp-json\/wp\/v2\/users\/10"}],"replies":[{"embeddable":true,"href":"https:\/\/catolicanet.net\/wp-cnet\/wp-json\/wp\/v2\/comments?post=78307"}],"version-history":[{"count":1,"href":"https:\/\/catolicanet.net\/wp-cnet\/wp-json\/wp\/v2\/posts\/78307\/revisions"}],"predecessor-version":[{"id":78308,"href":"https:\/\/catolicanet.net\/wp-cnet\/wp-json\/wp\/v2\/posts\/78307\/revisions\/78308"}],"wp:featuredmedia":[{"embeddable":true,"href":"https:\/\/catolicanet.net\/wp-cnet\/wp-json\/wp\/v2\/media\/55817"}],"wp:attachment":[{"href":"https:\/\/catolicanet.net\/wp-cnet\/wp-json\/wp\/v2\/media?parent=78307"}],"wp:term":[{"taxonomy":"category","embeddable":true,"href":"https:\/\/catolicanet.net\/wp-cnet\/wp-json\/wp\/v2\/categories?post=78307"},{"taxonomy":"post_tag","embeddable":true,"href":"https:\/\/catolicanet.net\/wp-cnet\/wp-json\/wp\/v2\/tags?post=78307"}],"curies":[{"name":"wp","href":"https:\/\/api.w.org\/{rel}","templated":true}]}}