{"id":78292,"date":"2022-12-23T09:49:09","date_gmt":"2022-12-23T12:49:09","guid":{"rendered":"https:\/\/catolicanet.net\/wp-cnet\/?p=78292"},"modified":"2022-12-26T10:50:55","modified_gmt":"2022-12-26T13:50:55","slug":"vamos-acolher-o-menino-deus","status":"publish","type":"post","link":"https:\/\/catolicanet.net\/wp-cnet\/vamos-acolher-o-menino-deus\/","title":{"rendered":"Vamos acolher o Menino Deus!"},"content":{"rendered":"<p style=\"text-align: justify;\">A liturgia do dia de Natal convida-nos a contemplar o amor de Deus, manifestado na Encarna\u00e7\u00e3o de Jesus. Ele \u00e9 a \u201cPalavra\u201d que Se fez pessoa e veio habitar no meio de n\u00f3s, a fim de nos oferecer a vida em plenitude e nos elevar \u00e0 dignidade de \u201cfilhos de Deus\u201d. Jesus \u00e9 o Filho Amado, que o Pai gerou para n\u00f3s. Na simplicidade do Pres\u00e9pio, contemplemos o amor de Deus, que se fez crian\u00e7a e que se manifesta em nossa humanidade. O Filho de Deus, nascido de Maria, \u00e9 o Verbo Encarnado em nosso meio. Unimo-nos \u00e0s alegrias das crian\u00e7as, dos simples e dos pobres que celebram a chegada de Jesus entre n\u00f3s!<\/p>\n<p style=\"text-align: justify;\">A primeira leitura (Is 52,7-10) anuncia a chegada do Deus libertador. Ele \u00e9 o rei que traz a paz e a salva\u00e7\u00e3o, proporcionando ao seu Povo uma era de felicidade sem fim. O profeta convida, pois, a substituir a tristeza pela alegria, o desalento pela esperan\u00e7a. O profeta nos convida a vibrar de alegria quando vemos \u201cp\u00e9s que anunciam a paz\u201d. Onde h\u00e1 paz, a\u00ed est\u00e1 o Reinado de Deus. Nada de armas, nem de guerras: a humanidade tem sede de paz e justi\u00e7a. Estamos saturados de guerras, viol\u00eancia, mortes e sofrimento. O menino que nasceu em Bel\u00e9m trouxe paz e esperan\u00e7a ao povo sofrido e desiludido. Se Israel se alegra pelo retorno do ex\u00edlio, n\u00f3s nos alegramos porque Deus veio morar junto da humanidade.<\/p>\n<p style=\"text-align: justify;\">A segunda leitura (Hb 1,1-6) apresenta, em tra\u00e7os largos, o plano salvador de Deus. Insiste, sobretudo, que esse projeto alcan\u00e7a o seu ponto mais alto com o envio de Jesus, a \u201cPalavra\u201d de Deus que os homens devem escutar e acolher. Esta leitura nos introduz no Mist\u00e9rio da Palavra Eterna encarnada no Filho Jesus. Deus, que nos falou muitas vezes e de diversos modos pelos profetas, agora e para sempre nos fala por meio do Filho, a sua Palavra Eterna dirigida aos homens com palavras humanas. Jesus \u00e9 a revela\u00e7\u00e3o plena do amor de Deus pelos homens, a Palavra-Jesus \u00e9 o \u201ceu te amo\u201d divino e definitivo proclamado \u00e0 humanidade! A grande comunica\u00e7\u00e3o de Deus com a humanidade se deu com a vinda de Jesus, o esplendor da gl\u00f3ria divina. Deus se fez um de n\u00f3s para podermos ter acesso a ele. Jesus \u00e9 maior que os anjos, pois \u00e9 a plenifica\u00e7\u00e3o de todas as manifesta\u00e7\u00f5es de Deus.<\/p>\n<p style=\"text-align: justify;\">O Evangelho (Jo 1,1-18) desenvolve o tema esbo\u00e7ado na segunda leitura e apresenta a \u201cPalavra\u201d viva de Deus, tornada pessoa em Jesus. Sugere que a miss\u00e3o do Filho\/\u201cPalavra\u201d \u00e9 completar a cria\u00e7\u00e3o primeira, eliminando tudo aquilo que se op\u00f5e \u00e0 vida e criando condi\u00e7\u00f5es para que nas\u00e7a o Homem Novo, o homem da vida em plenitude, o homem que vive uma rela\u00e7\u00e3o filial com Deus. O Evangelho diz: a Palavra que estava com Deus desde sempre, era Deus e estava agora no mundo, fez-se carne e habitou (armou tenda) entre n\u00f3s. Em Jesus, a Palavra n\u00e3o se transformou em carne deixando de ser Deus, mas assumiu realmente a nossa carne, nossa humanidade, fr\u00e1gil e limitada. O Deus-Homem, Jesus de Nazar\u00e9, habitou entre n\u00f3s, no sentido b\u00edblico de \u201carmar tenda\u201d, evocando a \u201c<em>Tenda do Encontro, a tenda da morada de Deus no deserto<\/em>\u201d (Ex 33,7-11), onde os homens poderiam estar diante da \u201c<em>divina presen\u00e7a<\/em>\u201d (Ex 40,34-35). Jesus \u00e9, ent\u00e3o, a Tenda, a Habita\u00e7\u00e3o de Deus entre n\u00f3s, homens e mulheres. Cristo \u00e9 a presen\u00e7a divina e salvadora entre n\u00f3s, oferecendo a todos que o receberem \u201c<em>a capacidade de se tornarem filhos de Deus, isto \u00e9, aos que acreditam em seu nome<\/em>\u201d.<\/p>\n<p style=\"text-align: justify;\">A luz \u00e9 o tema central da liturgia de Natal. A exemplo de Jo\u00e3o Batista, todos os que pregam a Palavra (Jesus) s\u00e3o convidados a deixar que ela \u201c<em>passe \u00e0 frente<\/em>\u201d, sem tomar-lhe a primazia. Jesus \u00e9 a luz que ilumina nossos caminhos rumo ao Pai celeste. Ele veio para resgatar o ser humano do poder das trevas e reconduzi-lo \u00e0 luz, mediante uma nova vida. Nem todos, por\u00e9m, se disp\u00f5em a aceitar esse dom. A aceita\u00e7\u00e3o de Jesus de Nazar\u00e9 como encarna\u00e7\u00e3o da Palavra, oferece a cada um de n\u00f3s a oportunidade de experimentar a certeza de sermos filhos e filhas de Deus.<\/p>\n<p style=\"text-align: justify;\">Celebrar o Natal \u00e9 celebrar o grande amor de Deus pela humanidade. Deus se tornou gente como a gente ao se revelar plenamente em Jesus. O humano e o divino uniram-se para sempre. Naquela crian\u00e7a fr\u00e1gil na manjedoura de Bel\u00e9m, ali estava Deus. Ele se faz presente no rosto sofrido de cada crian\u00e7a abandonada e faminta e no \u00edntimo de cada ser humano. Quem quiser conhecer a Deus basta conhecer a Jesus de Nazar\u00e9. Deus n\u00e3o se encontra no al\u00e9m e acima de todos, mas est\u00e1 entre n\u00f3s, partilhando conosco alegrias e esperan\u00e7as!<\/p>\n<p style=\"text-align: justify;\">Se na noite de Natal proclamamos que a Luz de Deus dissipou as trevas da noite do pecado, no dia de Natal, proclamamos a Encarna\u00e7\u00e3o e a Divindade de Jesus. Ao mesmo tempo, comprometemo-nos em acolher e ouvir a Palavra, encontrando-nos com o Divino, feito humano, para nos falar da forma que entend\u00eassemos seu amor. Amor que nos impulsiona \u00e0 paz e \u00e0 justi\u00e7a, \u00e0 promo\u00e7\u00e3o do bem e da fraternidade universal. Por fim, rezemos com o Salmista: \u201c<em>Os confins do universo contemplaram a salva\u00e7\u00e3o do nosso Deus. Aclamai o Senhor Deus, \u00f3 terra inteira, alegrai-vos e exultai!<\/em>\u201d.<\/p>\n<p style=\"text-align: justify;\">Um santo e aben\u00e7oado Natal para todos os que acolhem o dom da encarna\u00e7\u00e3o do Senhor. Que o nosso Natal seja sempre festa da vida, da miseric\u00f3rdia, da partilha e da compaix\u00e3o!<\/p>\n","protected":false},"excerpt":{"rendered":"<p>A liturgia do dia de Natal convida-nos a contemplar o amor de Deus, manifestado na Encarna\u00e7\u00e3o de Jesus. Ele \u00e9 a \u201cPalavra\u201d que Se fez pessoa e veio habitar no meio de n\u00f3s, a fim de nos oferecer a vida em plenitude e nos elevar \u00e0 dignidade de \u201cfilhos de Deus\u201d. Jesus \u00e9 o Filho [&hellip;]<\/p>\n","protected":false},"author":10,"featured_media":55817,"comment_status":"open","ping_status":"closed","sticky":false,"template":"","format":"standard","meta":{"footnotes":""},"categories":[9],"tags":[],"class_list":["post-78292","post","type-post","status-publish","format-standard","has-post-thumbnail","hentry","category-artigos"],"_links":{"self":[{"href":"https:\/\/catolicanet.net\/wp-cnet\/wp-json\/wp\/v2\/posts\/78292","targetHints":{"allow":["GET"]}}],"collection":[{"href":"https:\/\/catolicanet.net\/wp-cnet\/wp-json\/wp\/v2\/posts"}],"about":[{"href":"https:\/\/catolicanet.net\/wp-cnet\/wp-json\/wp\/v2\/types\/post"}],"author":[{"embeddable":true,"href":"https:\/\/catolicanet.net\/wp-cnet\/wp-json\/wp\/v2\/users\/10"}],"replies":[{"embeddable":true,"href":"https:\/\/catolicanet.net\/wp-cnet\/wp-json\/wp\/v2\/comments?post=78292"}],"version-history":[{"count":1,"href":"https:\/\/catolicanet.net\/wp-cnet\/wp-json\/wp\/v2\/posts\/78292\/revisions"}],"predecessor-version":[{"id":78293,"href":"https:\/\/catolicanet.net\/wp-cnet\/wp-json\/wp\/v2\/posts\/78292\/revisions\/78293"}],"wp:featuredmedia":[{"embeddable":true,"href":"https:\/\/catolicanet.net\/wp-cnet\/wp-json\/wp\/v2\/media\/55817"}],"wp:attachment":[{"href":"https:\/\/catolicanet.net\/wp-cnet\/wp-json\/wp\/v2\/media?parent=78292"}],"wp:term":[{"taxonomy":"category","embeddable":true,"href":"https:\/\/catolicanet.net\/wp-cnet\/wp-json\/wp\/v2\/categories?post=78292"},{"taxonomy":"post_tag","embeddable":true,"href":"https:\/\/catolicanet.net\/wp-cnet\/wp-json\/wp\/v2\/tags?post=78292"}],"curies":[{"name":"wp","href":"https:\/\/api.w.org\/{rel}","templated":true}]}}