{"id":78287,"date":"2022-12-26T10:44:22","date_gmt":"2022-12-26T13:44:22","guid":{"rendered":"https:\/\/catolicanet.net\/wp-cnet\/?p=78287"},"modified":"2022-12-26T10:44:22","modified_gmt":"2022-12-26T13:44:22","slug":"oitava-e-tempo-do-natal","status":"publish","type":"post","link":"https:\/\/catolicanet.net\/wp-cnet\/oitava-e-tempo-do-natal\/","title":{"rendered":"Oitava e tempo do Natal"},"content":{"rendered":"<p style=\"text-align: justify;\">\u00a0\u00a0\u00a0\u00a0\u00a0\u00a0\u00a0\u00a0\u00a0\u00a0\u00a0 No Natal, nascemos com Cristo. As palavras do Pai tamb\u00e9m s\u00e3o dirigidas a n\u00f3s: \u201cTu \u00e9s o meu filho, eu hoje te gerei\u201d (Sl 2,7). O Natal n\u00e3o \u00e9 apenas lembran\u00e7a do anivers\u00e1rio de Jesus. \u00c9 celebra\u00e7\u00e3o da presen\u00e7a viva de Jesus que nos faz renascer para Deus. \u201cO Natal de Jesus \u00e9 tamb\u00e9m o nosso Natal\u201d. \u00c9 bom meditar sobre isso: Jesus me fez nascer para Deus.<\/p>\n<p style=\"text-align: justify;\">\u00a0\u00a0\u00a0\u00a0\u00a0\u00a0\u00a0\u00a0 A Igreja tem a gra\u00e7a de celebrar a oitava de Natal. Entre os dias 25 de dezembro e 1\u00ba de janeiro a Igreja celebra a Oitava do Natal, ou seja, nesses oito dias vive-se a exulta\u00e7\u00e3o da grande Festa do Nascimento de Jesus como um dia s\u00f3. A palavra oitava \u00e9 derivada do latim octava (oitavo), com \u201cdies\u201d subentendido. O termo \u00e9 tamb\u00e9m aplicado para todo o per\u00edodo de oito dias, durante o qual as ditas festas passam a ser observadas tamb\u00e9m.<\/p>\n<p style=\"text-align: justify;\">\u00a0\u00a0\u00a0\u00a0\u00a0\u00a0\u00a0\u00a0 A pr\u00e1tica da celebra\u00e7\u00e3o das oitavas pode ter tido suas origens na celebra\u00e7\u00e3o de oito dias da Festa dos Tabern\u00e1culos e da Dedica\u00e7\u00e3o do Templo do Antigo Testamento. Por\u00e9m, o n\u00famero \u201coito\u201d tamb\u00e9m pode ser uma refer\u00eancia \u00e0 ressurrei\u00e7\u00e3o, que na Igreja antiga era geralmente chamada de \u201coitavo dia\u201d.<\/p>\n<p style=\"text-align: justify;\">\u00a0\u00a0\u00a0\u00a0\u00a0\u00a0\u00a0\u00a0 Antigas fontes batismais e tumbas crist\u00e3s tinham a forma de oct\u00f3gonos. A pr\u00e1tica das oitavas foi introduzida pela primeira vez por Constantino I, por conta da festa de dedica\u00e7\u00e3o das bas\u00edlicas de Jerusal\u00e9m e Tiro, que duraram oito dias. Depois disso, festas lit\u00fargicas anuais passaram a ser observadas na forma de oitavas. As primeiras foram a P\u00e1scoa, o Pentecostes e, no oriente, a Epifania. Isto ocorreu no s\u00e9culo IV d.C. e indicava a reserva de um per\u00edodo para os conversos terem um alegre retiro.<\/p>\n<p style=\"text-align: justify;\">\u00a0\u00a0\u00a0\u00a0\u00a0\u00a0\u00a0\u00a0 No decorrer da hist\u00f3ria, as oitavas come\u00e7aram a ser celebradas a partir do s\u00e9culo IV at\u00e9 o VII d.C., os crist\u00e3os observaram as oitavas com uma celebra\u00e7\u00e3o no oitavo dia, com poucas liturgias durante os dias intermedi\u00e1rios. O Natal foi a pr\u00f3xima festa a receber uma oitava. J\u00e1 pelo s\u00e9culo VIII d.C., Roma tinha desenvolvido oitavas n\u00e3o somente para P\u00e1scoa, Pentecostes e Natal, mas tamb\u00e9m para a Epifania e as festas de dedica\u00e7\u00e3o de igrejas individuais. Do s\u00e9culo VII d.C. em diante, as festas dos santos tamb\u00e9m passaram a ter oitavas (uma festa no oitavo dia e n\u00e3o uma festa de oito dias), sendo as mais antigas as festas de S\u00e3o Pedro e S\u00e3o Paulo, S\u00e3o Louren\u00e7o e Santa In\u00eas. A partir do s\u00e9culo XII d.C., o costume passou a ser a observ\u00e2ncia dos oito dias intermedi\u00e1rios, al\u00e9m do oitavo. Durante a Idade M\u00e9dia, as oitavas para diversas outras festas e dias santos eram celebradas de acordo com a diocese ou a ordem religiosa.<\/p>\n<p style=\"text-align: justify;\">\u00a0\u00a0\u00a0\u00a0\u00a0\u00a0\u00a0\u00a0 O Natal \u00e9 mem\u00f3ria da nossa reden\u00e7\u00e3o. S\u00e3o Le\u00e3o Magno um pai do s\u00e9culo V, afirma que, com o nascimento de Jesus, \u201cbrilhou para n\u00f3s o dia da nossa reden\u00e7\u00e3o\u201d. Na oitava e neste Tempo do Natal, celebramos o nascimento e a manifesta\u00e7\u00e3o de Jesus Cristo, luz do mundo, que vem para iluminar as nossas trevas.<\/p>\n<p style=\"text-align: justify;\">\u00a0\u00a0\u00a0\u00a0\u00a0\u00a0\u00a0\u00a0 Na solenidade do Natal o nascimento do Filho de Deus no meio de n\u00f3s, na humildade da natureza humana e na pobreza da gruta de Bel\u00e9m, nos traz o dom de uma vida nova e divina. A liturgia do domingo depois do Natal nos lembra que o amor com que Deus Pai amou o mundo- at\u00e9 mandar seu pr\u00f3prio Filho para salv\u00e1-lo &#8211; manifesta-se e se reflete no amor que deve reinar em toda fam\u00edlia crist\u00e3, da\u00ed celebramos a Sagrada Fam\u00edlia de Nazar\u00e9.<\/p>\n<p style=\"text-align: justify;\">\u00a0\u00a0\u00a0\u00a0\u00a0\u00a0\u00a0\u00a0 No segundo domingo depois do Natal, tomamos consci\u00eancia do sentido pleno do mist\u00e9rio da Encarna\u00e7\u00e3o: o nascimento do Filho de Deus, que vem viver a condi\u00e7\u00e3o humana, inaugura o nascimento de todos os homens para a vida de \u201cfilhos de Deus\u201d; esta \u00e9 a vida que Jesus nos deu no seu Natal. Na solenidade da Epifania a luz de Cristo brilha e se manifesta aos olhos de todos. Os magos, que seguem o \u201csinal\u201d da estrela, representam a humanidade inteira, chamada a reunir-se em torno de Jesus na f\u00e9.<\/p>\n<p style=\"text-align: justify;\">\u00a0\u00a0\u00a0\u00a0\u00a0\u00a0\u00a0\u00a0 Depois do domingo da Epifania, celebramos o Batismo de Jesus: a voz do Pai e a for\u00e7a do Esp\u00edrito Santo, que descem do c\u00e9u, o investem oficialmente de sua miss\u00e3o de Salvador, analogamente, cada um de n\u00f3s, no batismo, se torna participante da mesma miss\u00e3o.<\/p>\n<p style=\"text-align: justify;\">\u00a0\u00a0\u00a0\u00a0\u00a0\u00a0\u00a0\u00a0 A oitava nos convida para vivermos o nascimento de Jesus em nosso cora\u00e7\u00e3o e em nossa vida. Essa viv\u00eancia acontece pelo reconhecimento do \u201cMenino de Bel\u00e9m\u201d como nosso Salvador; pela participa\u00e7\u00e3o nas celebra\u00e7\u00f5es natalinas; pela atitude de servi\u00e7o e pelo amor fraterno. Cada um poder\u00e1 descobrir como Cristo vai nascer em sua vida e na sua comunidade.<\/p>\n<p style=\"text-align: justify;\">\u00a0\u00a0\u00a0\u00a0\u00a0\u00a0\u00a0\u00a0 Devemos ser uma estrela que conduz para Jesus Cristo. Os magos foram guiados por uma estrela. Hoje, somos guiados pela estrela da Palavra de Deus, pela estrela das obras da cria\u00e7\u00e3o, pela estrela da f\u00e9, pela estrela da Igreja, pela estrela dos sacramentos, pela estrela do amor. Essas estrelas nos conduzem para o encontro com o Salvador. Guiados por essas estrelas somos, tamb\u00e9m, chamados a ser estrela ou luz que ilumina e guia os irm\u00e3os ao encontro do Senhor. Manifestamos a presen\u00e7a transformadora do \u201cMenino-Deus\u201d pelo nosso testemunho de vida.<\/p>\n","protected":false},"excerpt":{"rendered":"<p>\u00a0\u00a0\u00a0\u00a0\u00a0\u00a0\u00a0\u00a0\u00a0\u00a0\u00a0 No Natal, nascemos com Cristo. As palavras do Pai tamb\u00e9m s\u00e3o dirigidas a n\u00f3s: \u201cTu \u00e9s o meu filho, eu hoje te gerei\u201d (Sl 2,7). O Natal n\u00e3o \u00e9 apenas lembran\u00e7a do anivers\u00e1rio de Jesus. \u00c9 celebra\u00e7\u00e3o da presen\u00e7a viva de Jesus que nos faz renascer para Deus. \u201cO Natal de Jesus \u00e9 tamb\u00e9m [&hellip;]<\/p>\n","protected":false},"author":5,"featured_media":55819,"comment_status":"open","ping_status":"closed","sticky":false,"template":"","format":"standard","meta":{"footnotes":""},"categories":[9],"tags":[],"class_list":["post-78287","post","type-post","status-publish","format-standard","has-post-thumbnail","hentry","category-artigos"],"_links":{"self":[{"href":"https:\/\/catolicanet.net\/wp-cnet\/wp-json\/wp\/v2\/posts\/78287","targetHints":{"allow":["GET"]}}],"collection":[{"href":"https:\/\/catolicanet.net\/wp-cnet\/wp-json\/wp\/v2\/posts"}],"about":[{"href":"https:\/\/catolicanet.net\/wp-cnet\/wp-json\/wp\/v2\/types\/post"}],"author":[{"embeddable":true,"href":"https:\/\/catolicanet.net\/wp-cnet\/wp-json\/wp\/v2\/users\/5"}],"replies":[{"embeddable":true,"href":"https:\/\/catolicanet.net\/wp-cnet\/wp-json\/wp\/v2\/comments?post=78287"}],"version-history":[{"count":1,"href":"https:\/\/catolicanet.net\/wp-cnet\/wp-json\/wp\/v2\/posts\/78287\/revisions"}],"predecessor-version":[{"id":78288,"href":"https:\/\/catolicanet.net\/wp-cnet\/wp-json\/wp\/v2\/posts\/78287\/revisions\/78288"}],"wp:featuredmedia":[{"embeddable":true,"href":"https:\/\/catolicanet.net\/wp-cnet\/wp-json\/wp\/v2\/media\/55819"}],"wp:attachment":[{"href":"https:\/\/catolicanet.net\/wp-cnet\/wp-json\/wp\/v2\/media?parent=78287"}],"wp:term":[{"taxonomy":"category","embeddable":true,"href":"https:\/\/catolicanet.net\/wp-cnet\/wp-json\/wp\/v2\/categories?post=78287"},{"taxonomy":"post_tag","embeddable":true,"href":"https:\/\/catolicanet.net\/wp-cnet\/wp-json\/wp\/v2\/tags?post=78287"}],"curies":[{"name":"wp","href":"https:\/\/api.w.org\/{rel}","templated":true}]}}