{"id":78275,"date":"2022-12-25T09:37:27","date_gmt":"2022-12-25T12:37:27","guid":{"rendered":"https:\/\/catolicanet.net\/wp-cnet\/?p=78275"},"modified":"2022-12-26T10:38:26","modified_gmt":"2022-12-26T13:38:26","slug":"brilha-hoje-uma-luz-sobre-nos","status":"publish","type":"post","link":"https:\/\/catolicanet.net\/wp-cnet\/brilha-hoje-uma-luz-sobre-nos\/","title":{"rendered":"Brilha hoje uma luz sobre n\u00f3s"},"content":{"rendered":"<p style=\"text-align: justify;\">A Missa da Aurora de Natal faz parte do conjunto de tr\u00eas missas que podem ser celebradas dentro da Solenidade do Natal. A primeira missa \u00e9 a da noite (Missa do Galo), J\u00e1 a Missa da Aurora pode ser celebrada entre 5h ou 7h da manh\u00e3. Ainda tem a missa do dia de Natal, que pode ser celebrada ao longo do dia.<\/p>\n<p style=\"text-align: justify;\">Essas tr\u00eas missas possuem liturgias diferentes, ou seja, em cada missa tem leituras pr\u00f3prias e um contexto pr\u00f3prio a ser celebrado. De tal maneira que dentro das possibilidades, podemos participar das tr\u00eas missas. Dessas tr\u00eas missas, devemos participar de pelo menos duas, da noite de Natal e do dia, ou da noite e da missa da Aurora.<\/p>\n<p style=\"text-align: justify;\">Aurora significa amanhecer, Jesus \u00e9 o \u201csol nascente\u201d que veio nos visitar e veio para iluminar as trevas do nosso cora\u00e7\u00e3o e nos livrar do pecado. Celebremos com alegria a chegada do Salvador e pe\u00e7amos que a luz que despontou com o seu nascimento ilumine todo o nosso dia. \u00c9 sempre bom participar da missa logo cedo, pois a Eucaristia nos ajuda a enfrentar as batalhas do dia a dia.<\/p>\n<p style=\"text-align: justify;\">A Missa da Aurora \u00e9 celebrada em datas especiais e solenidades, como a P\u00e1scoa e Natal. A Missa da Aurora tem o significado de que logo nas primeiras horas do dia estamos na presen\u00e7a do Senhor. Na Aurora do dia, recebemos de Deus as boas not\u00edcias, do mesmo modo que Maria Madalena logo nas primeiras horas do dia encontrou-se com o Senhor ressuscitado, e os reis magos que ap\u00f3s avistarem a estrela no c\u00e9u, no dia seguinte logo cedo foram adorar o menino Deus que acabara de nascer. Por isso, na missa da Aurora de Natal, logo cedo recebemos a boa not\u00edcia do nascimento do Salvador.<\/p>\n<p style=\"text-align: justify;\">A primeira leitura da Missa da Aurora \u00e9 da profecia de Isa\u00edas (Is 62, 11-12). O profeta Isa\u00edas diz ao povo que Deus se lembrou da cidade de Si\u00e3o, que o Salvador est\u00e1 prestes a chegar com a recompensa em suas m\u00e3os e o pr\u00eamio \u00e0 disposi\u00e7\u00e3o. O Senhor vir\u00e1 para salvar a todos e a cidade n\u00e3o ser\u00e1 abandonada. A nossa morada definitiva deve ser o c\u00e9u e n\u00e3o sabemos qual ser\u00e1 o dia e a hora que o Senhor nos chamar\u00e1, por isso, devemos estar sempre em vigil\u00e2ncia e ora\u00e7\u00e3o. Jerusal\u00e9m \u00e9 como a noiva que vai ao encontro do noivo.<\/p>\n<p style=\"text-align: justify;\">O salmo responsorial \u00e9 o <em>96 (97)<\/em> e o refr\u00e3o do salmo diz: <em>\u201cBrilha hoje uma luz sobre n\u00f3s, pois nasceu para n\u00f3s o Senhor\u201d. <\/em>O nascimento de Jesus vem iluminar o nosso dia, vem para tornar claro aquilo que estava escuro. Que com o nascimento de Jesus, tudo o que \u00e9 escurid\u00e3o em nossa vida seja iluminado pelo seu nascimento. Todos os povos v\u00e3o ao encontro do Senhor e obt\u00e9m d\u2019Ele a salva\u00e7\u00e3o.<\/p>\n<p style=\"text-align: justify;\">A segunda leitura da Missa da Aurora \u00e9 da carta de S\u00e3o Paulo a Tito <em>(Tito 3, 4-7). <\/em>O nascimento de Jesus \u00e9 a manifesta\u00e7\u00e3o da bondade de Deus para com todos os homens. Deus assume a condi\u00e7\u00e3o humana para nos salvar. Na cruz, Ele sela uma alian\u00e7a eterna com a humanidade e, resgatados do pecado, habitaremos eternamente ao lado de Deus.<\/p>\n<p style=\"text-align: justify;\">O Evangelho da Missa da Aurora \u00e9 de Lucas (<em>Lc 2, 15-20). <\/em>Esse trecho do Evangelho de Lucas relata o momento em que os pastores resolvem ir at\u00e9 Jerusal\u00e9m para adorar o menino Deus. Ap\u00f3s o an\u00fancio do anjo, eles tomam essa decis\u00e3o no in\u00edcio do dia, ou seja, na aurora derradeira daquele grande dia. Que nesse dia, possamos dar gl\u00f3ria a Deus por nos ter dado t\u00e3o grande dom.<\/p>\n<p style=\"text-align: justify;\">Ao chegarem diante de Jesus e ao verem Maria e Jos\u00e9, eles contam tudo aquilo que ouviram a respeito de Jesus e todos que ouviam ficavam maravilhados, Maria, sabendo da miss\u00e3o que havia assumido, guardava e conservava tudo em seu cora\u00e7\u00e3o. Os pastores voltaram glorificando e louvando a Deus por tudo o que viram e ouviram, conforme lhes tinha sido dito. Informados para n\u00e3o voltarem a Herodes, eles voltam por outro caminho.<\/p>\n<p style=\"text-align: justify;\">Celebremos com alegria essa missa da Aurora do Natal e participemos tamb\u00e9m com alegria das demais celebra\u00e7\u00f5es desse dia de Natal. Que possamos dar gra\u00e7as a Deus por t\u00e3o grande dom, por Ele ter se revelado a n\u00f3s na forma de um menino e, a partir disso, revelar a todos n\u00f3s que devemos nos amar uns aos outros e viver o caminho da humildade e da pobreza.<\/p>\n<p style=\"text-align: justify;\">Celebremos o verdadeiro sentido do Natal e sejamos testemunhas do amor de Cristo no mundo de hoje.<\/p>\n","protected":false},"excerpt":{"rendered":"<p>A Missa da Aurora de Natal faz parte do conjunto de tr\u00eas missas que podem ser celebradas dentro da Solenidade do Natal. A primeira missa \u00e9 a da noite (Missa do Galo), J\u00e1 a Missa da Aurora pode ser celebrada entre 5h ou 7h da manh\u00e3. Ainda tem a missa do dia de Natal, que [&hellip;]<\/p>\n","protected":false},"author":5,"featured_media":55819,"comment_status":"open","ping_status":"closed","sticky":false,"template":"","format":"standard","meta":{"footnotes":""},"categories":[9],"tags":[],"class_list":["post-78275","post","type-post","status-publish","format-standard","has-post-thumbnail","hentry","category-artigos"],"_links":{"self":[{"href":"https:\/\/catolicanet.net\/wp-cnet\/wp-json\/wp\/v2\/posts\/78275","targetHints":{"allow":["GET"]}}],"collection":[{"href":"https:\/\/catolicanet.net\/wp-cnet\/wp-json\/wp\/v2\/posts"}],"about":[{"href":"https:\/\/catolicanet.net\/wp-cnet\/wp-json\/wp\/v2\/types\/post"}],"author":[{"embeddable":true,"href":"https:\/\/catolicanet.net\/wp-cnet\/wp-json\/wp\/v2\/users\/5"}],"replies":[{"embeddable":true,"href":"https:\/\/catolicanet.net\/wp-cnet\/wp-json\/wp\/v2\/comments?post=78275"}],"version-history":[{"count":1,"href":"https:\/\/catolicanet.net\/wp-cnet\/wp-json\/wp\/v2\/posts\/78275\/revisions"}],"predecessor-version":[{"id":78276,"href":"https:\/\/catolicanet.net\/wp-cnet\/wp-json\/wp\/v2\/posts\/78275\/revisions\/78276"}],"wp:featuredmedia":[{"embeddable":true,"href":"https:\/\/catolicanet.net\/wp-cnet\/wp-json\/wp\/v2\/media\/55819"}],"wp:attachment":[{"href":"https:\/\/catolicanet.net\/wp-cnet\/wp-json\/wp\/v2\/media?parent=78275"}],"wp:term":[{"taxonomy":"category","embeddable":true,"href":"https:\/\/catolicanet.net\/wp-cnet\/wp-json\/wp\/v2\/categories?post=78275"},{"taxonomy":"post_tag","embeddable":true,"href":"https:\/\/catolicanet.net\/wp-cnet\/wp-json\/wp\/v2\/tags?post=78275"}],"curies":[{"name":"wp","href":"https:\/\/api.w.org\/{rel}","templated":true}]}}