{"id":78269,"date":"2022-12-24T09:33:38","date_gmt":"2022-12-24T12:33:38","guid":{"rendered":"https:\/\/catolicanet.net\/wp-cnet\/?p=78269"},"modified":"2022-12-26T10:35:33","modified_gmt":"2022-12-26T13:35:33","slug":"paz-na-terra-aos-homens-por-ele-amados","status":"publish","type":"post","link":"https:\/\/catolicanet.net\/wp-cnet\/paz-na-terra-aos-homens-por-ele-amados\/","title":{"rendered":"Paz na terra aos homens por ele amados"},"content":{"rendered":"<p style=\"text-align: justify;\">O dia 24 de dezembro de 2022, para n\u00f3s \u00e9 uma noite Santa, a noite em que fomos presenteados com o nascimento de nosso salvador, Jesus Cristo. Ap\u00f3s as quatro semanas do tempo do Advento, em que esperamos ansiosamente a chegada do Salvador, hoje recordamos com alegria o nascimento de Jesus.<\/p>\n<p style=\"text-align: justify;\">Nessa noite Santa, recordamos o que aconteceu h\u00e1 mais de dois mil anos atr\u00e1s, mas n\u00e3o como algo antigo ou muito distante de n\u00f3s, mas o nascimento de Jesus se atualiza hoje em nossa hist\u00f3ria. Ele continua presente no meio de n\u00f3s e, hoje, Ele quer nascer em nossa fam\u00edlia. Quando nos reunirmos para ceia e confraternizarmos com a nossa fam\u00edlia, n\u00e3o podemos esquecer da raz\u00e3o de tudo que \u00e9 Jesus Cristo.<\/p>\n<p style=\"text-align: justify;\">Pe\u00e7amos nessa noite Santa que o menino Jesus nos traga a paz e deixemos com que Ele reine em nossa casa e em nossa fam\u00edlia. N\u00e3o tornemos essa noite triste ou sem sentido, pelo contr\u00e1rio, ela tem total sentido e deve ser cheia de alegria, pois Jesus nasceu nessa noite e Ele deve ser a causa da nossa alegria.<\/p>\n<p style=\"text-align: justify;\">Imaginemos, irm\u00e3os e irm\u00e3s, a alegria de Nossa Senhora e de S\u00e3o Jos\u00e9 nessa noite, pois geraram o filho de Deus. Eles tamb\u00e9m assumiram uma grande miss\u00e3o e disseram Sim a Deus. Que possamos nos encher da mesma alegria e assumir a miss\u00e3o de ser anunciadores da paz. Sejamos mission\u00e1rios e levemos a alegria que vem de Jesus para os entristecidos, agradecendo a Deus o dom da nossa vida.<\/p>\n<p style=\"text-align: justify;\">Nessa noite santa, o verbo se fez carne e habitou entre n\u00f3s, Deus se dignou assumir a condi\u00e7\u00e3o humana, para ensinar a humanidade o caminho do amor e da paz. O Sol nascente veio nos visitar e nos iluminar com a sua luz. N\u00e3o deixemos que a luz de Deus se apague em n\u00f3s, mas que ela continue viva e acesa.<\/p>\n<p style=\"text-align: justify;\">A missa da Noite de Natal, conhecida como \u201cMissa do Galo\u201d, teria que ser celebrada \u00e0 meia-noite, mas devido \u00e0 seguran\u00e7a e por quest\u00f5es pastorais, as par\u00f3quias realizam essa missa mais cedo. \u00c9 Missa do Galo, porque o galo \u00e9 o primeiro que canta quando amanhece o dia, e Jesus \u00e9 o Sol nascente que veio nos visitar.<\/p>\n<p style=\"text-align: justify;\">Como crist\u00e3os cat\u00f3licos, devemos participar tanto da missa da noite de Natal, como da missa do dia de Natal, pois s\u00e3o missas diferentes, e uma n\u00e3o substitui a outra. Se formos na missa da noite, temos que ir na do dia, tamb\u00e9m.<\/p>\n<p style=\"text-align: justify;\">A primeira leitura da missa da noite \u00e9 do profeta Isa\u00edas <em>(Is 9, 1-6). <\/em>Isa\u00edas, h\u00e1 cerca de 400 anos a.C, prev\u00ea aquilo que aconteceria a partir do nascimento de Jesus Cristo. Isa\u00edas estava no contexto do ex\u00edlio da Babil\u00f4nia e o povo encontrava-se triste e desanimado. Isa\u00edas diz que o povo que andava na escurid\u00e3o viu uma grande luz e para aqueles que andavam nas sombras da morte, uma luz resplandeceu. A tristeza deu lugar \u00e0 alegria e o povo que andava nas trevas viu uma grande luz. As trevas representam a escurid\u00e3o e o pecado e Cristo vem iluminar as trevas e nos redimir do pecado. Naquele momento, o povo voltava de um per\u00edodo de escurid\u00e3o e de pecado que era o ex\u00edlio da Babil\u00f4nia e de agora em diante o povo voltou para a sua terra, sob a luz do Senhor.<\/p>\n<p style=\"text-align: justify;\">O Menino que vai nascer restabelecer\u00e1 a alian\u00e7a rompida pelo povo e selar\u00e1 uma alian\u00e7a eterna entre a humanidade e Deus. Ele h\u00e1 de ser o pr\u00edncipe da paz, conselheiro admir\u00e1vel, Deus forte. Ele anunciar\u00e1 a paz e o seu reinado ser\u00e1, sobretudo, em prol dos humildes, e pregar\u00e1 a justi\u00e7a e a paz.<\/p>\n<p style=\"text-align: justify;\">O salmo responsorial \u00e9 o <em>95 (96) <\/em>e o refr\u00e3o vai ao encontro com o que ouvimos na primeira leitura e o que celebramos nessa noite: <em>\u201cNasceu hoje para n\u00f3s o Salvador, o Messias que \u00e9 o Cristo, Senhor\u201d. <\/em>O Messias era esperado h\u00e1 muito tempo por todo o povo judeu, eles esperavam que o Messias viria como um forte guerreiro, mas ao contr\u00e1rio, o Messias veio pobre e humilde, a fim de reconduzir todos para Deus e ensinar o caminho do amor. Entoemos um c\u00e2ntico de louvor ao Senhor nessa Noite Santa.<\/p>\n<p style=\"text-align: justify;\">A segunda leitura \u00e9 da carta de S\u00e3o Paulo a Tito <em>(Tt 2, 11-14). <\/em>Paulo diz a Tito que a gra\u00e7a de Deus se manifestou sobre todos n\u00f3s, pois Deus nos presenteou com o nascimento de seu filho. A morte de Cristo na cruz foi para selar a alian\u00e7a entre Deus e a humanidade e para redimir a humanidade do pecado. Foi um sinal da gra\u00e7a e da miseric\u00f3rdia de Deus. Agora, aguardemos a segunda vinda de Cristo, que n\u00e3o sabemos quando ser\u00e1, mas estejamos em constante ora\u00e7\u00e3o e vigil\u00e2ncia.<\/p>\n<p style=\"text-align: justify;\">O Evangelho dessa noite Santa \u00e9 de Lucas<em>, (Lc 2, 1-14), <\/em>e esse trecho do evangelho de S\u00e3o Lucas relata quando Jos\u00e9 e Maria foram at\u00e9 a sua cidade Natal se registrarem como moradores, para cumprir o decreto do imperador Cesar Augusto. Eles subiram de Nazar\u00e9, na Galileia, para Bel\u00e9m, na Jud\u00e9ia, por serem da descend\u00eancia de Davi.<\/p>\n<p style=\"text-align: justify;\">Aconteceu que em Bel\u00e9m completou-se o tempo da gravidez de Maria e ela deu \u00e0 luz ao seu filho primog\u00eanito. Ela o enfaixou e o colocou numa manjedoura, pois n\u00e3o havia lugar para eles na hospedaria. N\u00e3o havia lugar para o filho de Deus nascer, e Jesus nasce em uma estrebaria, ou seja, local que guardava os animais. O filho de Deus nasce humilde para mostrar \u00e0 humanidade que n\u00e3o importa o ter e o poder, mas o que importa \u00e9 o amor. O Filho de Deus tinha que nascer assim, para mostrar \u00e0 humanidade que o Reino de Deus n\u00e3o se constr\u00f3i com guerras e espadas, mas no sil\u00eancio, na humildade e no amor.<\/p>\n<p style=\"text-align: justify;\">Para os pastores que habitavam aquela regi\u00e3o, ao verem no c\u00e9u uma estrela diferente, e se perguntando o que seria aquilo, um Anjo do Senhor lhes aparece e diz para eles n\u00e3o terem medo e os anuncia uma grande alegria. Naquela mesma noite, na cidade de Davi, nasce um Salvador, que \u00e9 o Cristo Senhor. Eles v\u00e3o at\u00e9 o local e encontram tudo conforme o anjo lhes tinha dito, encontram o menino envolto em faixas e deitado na manjedoura.<\/p>\n<p style=\"text-align: justify;\">Depois de participarmos da Missa do Galo, aproveitemos o momento para fazer, primeiramente, uma ora\u00e7\u00e3o em fam\u00edlia para agradecer o Natal que Deus nos concede celebrar na hist\u00f3ria de hoje. O centro do Natal \u00e9 Jesus, Ele \u00e9 o maior presente que podemos levar para todos e cada um. Desejo, de cora\u00e7\u00e3o, aos que me leem e aos seus familiares, um Santo e aben\u00e7oado Natal.<\/p>\n<p style=\"text-align: justify;\">Celebremos com alegria essa noite Santa do nascimento de nosso Salvador, Jesus Cristo. Que nessa noite n\u00e3o nos esque\u00e7amos do dono da festa, que \u00e9 Jesus Cristo. Entoemos um c\u00e2ntico de louvor, do mesmo modo que os anjos entoaram: <em>\u201cGl\u00f3ria a Deus no mais alto dos c\u00e9us, e paz na terra aos homens por ele amados\u201d (cf Lc 2,14). <\/em><\/p>\n","protected":false},"excerpt":{"rendered":"<p>O dia 24 de dezembro de 2022, para n\u00f3s \u00e9 uma noite Santa, a noite em que fomos presenteados com o nascimento de nosso salvador, Jesus Cristo. Ap\u00f3s as quatro semanas do tempo do Advento, em que esperamos ansiosamente a chegada do Salvador, hoje recordamos com alegria o nascimento de Jesus. Nessa noite Santa, recordamos [&hellip;]<\/p>\n","protected":false},"author":5,"featured_media":55819,"comment_status":"open","ping_status":"closed","sticky":false,"template":"","format":"standard","meta":{"footnotes":""},"categories":[9],"tags":[],"class_list":["post-78269","post","type-post","status-publish","format-standard","has-post-thumbnail","hentry","category-artigos"],"_links":{"self":[{"href":"https:\/\/catolicanet.net\/wp-cnet\/wp-json\/wp\/v2\/posts\/78269","targetHints":{"allow":["GET"]}}],"collection":[{"href":"https:\/\/catolicanet.net\/wp-cnet\/wp-json\/wp\/v2\/posts"}],"about":[{"href":"https:\/\/catolicanet.net\/wp-cnet\/wp-json\/wp\/v2\/types\/post"}],"author":[{"embeddable":true,"href":"https:\/\/catolicanet.net\/wp-cnet\/wp-json\/wp\/v2\/users\/5"}],"replies":[{"embeddable":true,"href":"https:\/\/catolicanet.net\/wp-cnet\/wp-json\/wp\/v2\/comments?post=78269"}],"version-history":[{"count":1,"href":"https:\/\/catolicanet.net\/wp-cnet\/wp-json\/wp\/v2\/posts\/78269\/revisions"}],"predecessor-version":[{"id":78270,"href":"https:\/\/catolicanet.net\/wp-cnet\/wp-json\/wp\/v2\/posts\/78269\/revisions\/78270"}],"wp:featuredmedia":[{"embeddable":true,"href":"https:\/\/catolicanet.net\/wp-cnet\/wp-json\/wp\/v2\/media\/55819"}],"wp:attachment":[{"href":"https:\/\/catolicanet.net\/wp-cnet\/wp-json\/wp\/v2\/media?parent=78269"}],"wp:term":[{"taxonomy":"category","embeddable":true,"href":"https:\/\/catolicanet.net\/wp-cnet\/wp-json\/wp\/v2\/categories?post=78269"},{"taxonomy":"post_tag","embeddable":true,"href":"https:\/\/catolicanet.net\/wp-cnet\/wp-json\/wp\/v2\/tags?post=78269"}],"curies":[{"name":"wp","href":"https:\/\/api.w.org\/{rel}","templated":true}]}}