{"id":78247,"date":"2022-12-21T11:46:36","date_gmt":"2022-12-21T14:46:36","guid":{"rendered":"https:\/\/catolicanet.net\/wp-cnet\/?p=78247"},"modified":"2022-12-22T11:47:29","modified_gmt":"2022-12-22T14:47:29","slug":"jesus-e-o-emanuel-o-deus-sempre-conosco","status":"publish","type":"post","link":"https:\/\/catolicanet.net\/wp-cnet\/jesus-e-o-emanuel-o-deus-sempre-conosco\/","title":{"rendered":"Jesus \u00e9 o Emanuel, o Deus sempre conosco!"},"content":{"rendered":"<p style=\"text-align: justify;\">A liturgia da noite de Natal fala-nos de um Deus que ama os homens; por isso, n\u00e3o os deixa perdidos e abandonados a percorrer caminhos de sofrimento e de morte, mas envia \u201cum menino\u201d para lhes apresentar uma proposta de vida e de liberdade. Esse \u201cmenino ser\u00e1 \u201ca luz\u201d para \u201co povo que andava nas trevas\u201d.<\/p>\n<p style=\"text-align: justify;\">Celebramos nesta Noite Santa a manifesta\u00e7\u00e3o do Cristo, Sol de Justi\u00e7a, que vem se deitar nas palhas da humanidade. Unamo-nos a toda a fam\u00edlia humana celebrando a vida do nosso Salvador. Possamos trazer todas as realidades humanas para que Cristo, Luz que brilha nas trevas, ilumine cada cora\u00e7\u00e3o, cada fam\u00edlia, cada pessoa, particularmente os marginalizados, doentes, descartados e os que vivem sem emprego ou sub-empregados.<\/p>\n<p style=\"text-align: justify;\">A primeira leitura(Is 9,1-6) anuncia a chegada de \u201cum menino\u201d, da descend\u00eancia de Davi, dom de Deus ao seu Povo; esse \u201cmenino\u201d eliminar\u00e1 a guerra, o \u00f3dio, o sofrimento e inaugurar\u00e1 uma era de alegria, de felicidade e de paz sem fim. A Igreja aplica essa leitura ao \u201cmenino Jesus\u201d, que trouxe a luz e a esperan\u00e7a para o povo imerso nas trevas da mis\u00e9ria, do sofrimento e do abandono. Tal como no tempo do profeta, o povo atualmente anda na escurid\u00e3o e tem dificuldade para enxergar uma luz.<\/p>\n<p style=\"text-align: justify;\">O Evangelho (Lc 2,1-14) apresenta a realiza\u00e7\u00e3o da promessa prof\u00e9tica: Jesus, o \u201cmenino de Bel\u00e9m\u201d, \u00e9 o Deus que vem ao encontro dos homens para lhes oferecer \u2013 sobretudo aos pobres e marginalizados \u2013 a salva\u00e7\u00e3o. A proposta que Ele traz n\u00e3o ser\u00e1 uma proposta que Deus quer impor pela for\u00e7a; mas ser\u00e1 uma proposta que Deus oferece ao homem com ternura e amor. Jesus e Maria se dirigem a Bel\u00e9m por causa do decreto de C\u00e9sar Augusto, que ordenou o recenseamento. L\u00e1, Maria d\u00e1 \u00e0 luz seu filho, Jesus. N\u00e3o encontrando lugar na hospedaria, a crian\u00e7a foi posta numa manjedoura, junto dos animais. A salva\u00e7\u00e3o nasce onde menos se espera. O menino nasce pobre e entre os pobres, e os primeiros a receber a boa not\u00edcia s\u00e3o os pastores, pessoas simples e pouco valorizadas, pois vivem em meio aos animais. S\u00e3o\u00a0 justamente eles os primeiros a receber a mensagem da paz messi\u00e2nica proclamada pela coorte celestial. \u00c9 o nascimento desse menino pobre que celebramos no Natal, o qual nos convida a viver com simplicidade, despojamento e alegria.<\/p>\n<p style=\"text-align: justify;\">A segunda leitura(Tt 2,11-14) lembra-nos as raz\u00f5es pelas quais devemos viver uma vida crist\u00e3 aut\u00eantica e comprometida: porque Deus nos ama verdadeiramente; porque este mundo n\u00e3o \u00e9 a nossa morada permanente e os valores deste mundo s\u00e3o passageiros; porque, comprometidos e identificados com Cristo, devemos realizar as obras d\u2019Ele. \u201cA gra\u00e7a de Deus se manifestou trazendo salva\u00e7\u00e3o para todos os homens\u201d; o que foi anunciado pelo profeta \u2013 na primeira leitura \u2013 \u201cum filho nos foi dado\u201d; e, cumprindo por Deus em Jesus, o Cristo Senhor, nascido de Maria, em Bel\u00e9m, cidade de Davi.<\/p>\n<p style=\"text-align: justify;\">Que nesta Noite Santa ressoe por toda a terra o an\u00fancio do Anjo aos pastores, envolvidos em luz: \u201cHoje, nasceu para v\u00f3s um Salvador!\u201d. O Emanuel, o Messias, o Pr\u00edncipe da Paz, que nos ensina a abandonar a impiedade e as paix\u00f5es mundanas, nasceu pobre, de pobres, entre e para os pobres!<\/p>\n<p style=\"text-align: justify;\">O Natal de Jesus \u00e9 fonte de luz e de alegria para quem vivia e vive nas margens, nas periferias geogr\u00e1ficas e existenciais, simbolizados pelos pastores. Contudo, Jesus, em seu corpo rec\u00e9m-nascido, envolto em faixas e recostado no coxinho de Bel\u00e9m e, depois, deposto em uma sepultura, envolto\u00a0 em faixas, veio como alimento Salvador para todos os homens, os filhos amados de Deus. Se o an\u00fancio ang\u00e9lico privilegia os pobres, n\u00e3o restringe a salva\u00e7\u00e3o e a reden\u00e7\u00e3o. A humanidade toda, sob a luz do Natal, buscando viver, neste mundo, com equil\u00edbrio, justi\u00e7a e piedade, pode se juntar aos anjos e cantar os louvores do Deus Salvador. Pode, ainda, se reunir com o Salmista e cantar com alegria: \u201cCantai ao Senhor Deus, \u00f3 terra inteira! Dia ap\u00f3s dia anunciai sua salva\u00e7\u00e3o, manifestai a sua gl\u00f3ria entre as na\u00e7\u00f5es, e entre os povos do universo seus prod\u00edgios!<\/p>\n<p style=\"text-align: justify;\">Santo Natal devemos desejara para todos os nossos irm\u00e3os, por nossa voz, nosso abra\u00e7o e, sobretudo, pela nossa ora\u00e7\u00e3o, o desejo de que a paz do Menino-Deus dissipe do mundo e dos cora\u00e7\u00f5es todo o mal: guerras, pandemias, viol\u00eancias, preconceitos, injusti\u00e7as, fome.<\/p>\n<p style=\"text-align: justify;\">O louvor do ex\u00e9rcito celeste que se junta ao anjo convida-nos \u00e0 gratid\u00e3o e ao compromisso. Gratid\u00e3o a Deus por se aproximar tanto da humaidade, fazendo-se um de n\u00f3s, e o menor de todos: no Filho rec\u00e9m-nascido, e em toda a vida humana, Deus \u00e9 glorificado; e compromisso de construir a paz na terra, solidarizando-nos com os menores e sofredores, com as crian\u00e7as que ainda hoje nascem na mis\u00e9ria de condi\u00e7\u00f5es materiais, com as fam\u00edlias que n\u00e3o tem um teto para chamar de lar.<\/p>\n<p style=\"text-align: justify;\">Que a alegria do Natal comova nosso olhar e nos leve \u00e0 solidariedade e ao compromisso com os menores e mais fr\u00e1geis. Que a singela do pres\u00e9pio nos ilumine a viver a bondade de Deus que \u00e9 miseric\u00f3rdia, que se fez carne humana para comover nosso olhar. Santo e aben\u00e7oado Natal para voc\u00ea e a sua fam\u00edlia!<\/p>\n","protected":false},"excerpt":{"rendered":"<p>A liturgia da noite de Natal fala-nos de um Deus que ama os homens; por isso, n\u00e3o os deixa perdidos e abandonados a percorrer caminhos de sofrimento e de morte, mas envia \u201cum menino\u201d para lhes apresentar uma proposta de vida e de liberdade. Esse \u201cmenino ser\u00e1 \u201ca luz\u201d para \u201co povo que andava nas [&hellip;]<\/p>\n","protected":false},"author":10,"featured_media":55817,"comment_status":"open","ping_status":"closed","sticky":false,"template":"","format":"standard","meta":{"footnotes":""},"categories":[9],"tags":[],"class_list":["post-78247","post","type-post","status-publish","format-standard","has-post-thumbnail","hentry","category-artigos"],"_links":{"self":[{"href":"https:\/\/catolicanet.net\/wp-cnet\/wp-json\/wp\/v2\/posts\/78247","targetHints":{"allow":["GET"]}}],"collection":[{"href":"https:\/\/catolicanet.net\/wp-cnet\/wp-json\/wp\/v2\/posts"}],"about":[{"href":"https:\/\/catolicanet.net\/wp-cnet\/wp-json\/wp\/v2\/types\/post"}],"author":[{"embeddable":true,"href":"https:\/\/catolicanet.net\/wp-cnet\/wp-json\/wp\/v2\/users\/10"}],"replies":[{"embeddable":true,"href":"https:\/\/catolicanet.net\/wp-cnet\/wp-json\/wp\/v2\/comments?post=78247"}],"version-history":[{"count":1,"href":"https:\/\/catolicanet.net\/wp-cnet\/wp-json\/wp\/v2\/posts\/78247\/revisions"}],"predecessor-version":[{"id":78248,"href":"https:\/\/catolicanet.net\/wp-cnet\/wp-json\/wp\/v2\/posts\/78247\/revisions\/78248"}],"wp:featuredmedia":[{"embeddable":true,"href":"https:\/\/catolicanet.net\/wp-cnet\/wp-json\/wp\/v2\/media\/55817"}],"wp:attachment":[{"href":"https:\/\/catolicanet.net\/wp-cnet\/wp-json\/wp\/v2\/media?parent=78247"}],"wp:term":[{"taxonomy":"category","embeddable":true,"href":"https:\/\/catolicanet.net\/wp-cnet\/wp-json\/wp\/v2\/categories?post=78247"},{"taxonomy":"post_tag","embeddable":true,"href":"https:\/\/catolicanet.net\/wp-cnet\/wp-json\/wp\/v2\/tags?post=78247"}],"curies":[{"name":"wp","href":"https:\/\/api.w.org\/{rel}","templated":true}]}}