{"id":78242,"date":"2022-12-22T11:45:10","date_gmt":"2022-12-22T14:45:10","guid":{"rendered":"https:\/\/catolicanet.net\/wp-cnet\/?p=78242"},"modified":"2022-12-22T11:46:09","modified_gmt":"2022-12-22T14:46:09","slug":"resgatar-a-esperanca","status":"publish","type":"post","link":"https:\/\/catolicanet.net\/wp-cnet\/resgatar-a-esperanca\/","title":{"rendered":"Resgatar a esperan\u00e7a"},"content":{"rendered":"<p style=\"text-align: justify;\">\u00c2nimo com a vida, mesmo tendo que errar, porque vale mais, em muitas circunst\u00e2ncias, arrebentar-se do que se poupar numa vida sem sentido. \u00c9 evidente que a vida consta de um pre\u00e7o, e \u00e9 demonstrado quando se procura viver intensamente, numa maneira imp\u00e1vida, tamb\u00e9m impetuosa e destemida. Que seja essa vida, numa recorda\u00e7\u00e3o, digna de f\u00e9, o que nela foi dor, ang\u00fastia e sofrimento, alegria, satisfa\u00e7\u00e3o e contentamento, num cora\u00e7\u00e3o que pulsa com excessivo exagero.<\/p>\n<p style=\"text-align: justify;\">Um \u00e2nimo, mas que n\u00e3o se esquece do compromisso com a vida, que \u00e9 consequente na busca por um mundo melhor, com pessoas inteiramente livres, obstinadas, no sentido do sonho da fraterna solidariedade e da reconcilia\u00e7\u00e3o humana, sem se ausentar, no convencimento de que o que importa mesmo \u00e9 a vida das pessoas, na assertiva do te\u00f3logo e humanista Leonardo Boff, no \u201cCasamento entre o c\u00e9u e a terra\u201d. \u00c9 a fant\u00e1stica e ut\u00f3pica aspira\u00e7\u00e3o de se progredir no melhor, mais elevado e exigente padr\u00e3o, muito acima dos limites convencionais.<\/p>\n<p style=\"text-align: justify;\">No contexto da vida humana, o que se espera? Qual \u00e9 o sentido final de tudo? O que \u00e9 que nos anima, na coragem, para viver e para morrer. Aprendemos que a teologia, acompanhada da f\u00e9, tem respostas para os nossos questionamentos. O te\u00f3logo acima referido assegura que o c\u00e9u \u00e9 a absoluta realiza\u00e7\u00e3o humana, vendo-o como p\u00e1tria, como banquete, como vis\u00e3o beat\u00edfica, como vida eterna, como vit\u00f3ria e como plena reconcilia\u00e7\u00e3o. J\u00e1 o inferno, vendo-o sem ser aquele dos diabinhos com chifres, como absoluta frustra\u00e7\u00e3o humana, como a exist\u00eancia do absurdo, como fogo inextingu\u00edvel, choro e ranger de dentes, como trevas exteriores, como c\u00e1rcere e ainda como um verme que n\u00e3o morre.<\/p>\n<p style=\"text-align: justify;\">Como estimular, atrav\u00e9s da teimosia de se viver, o resgate da esperan\u00e7a? A transforma\u00e7\u00e3o do cora\u00e7\u00e3o da criatura humana e do pr\u00f3prio mundo, s\u00f3 pelo \u00e2nimo corajoso do bom procedimento humano, que seja um milagroso impulso, sempre maior; que seja a raz\u00e3o e a ess\u00eancia da exist\u00eancia e de tudo: na verdadeira esperan\u00e7a, no verdadeiro amor.<\/p>\n<p style=\"text-align: justify;\">Fico com uma ora\u00e7\u00e3o por aqueles que se distanciam da esperan\u00e7a, suplicando e pedindo: Por favor, retornem ao seio de Deus! Na crian\u00e7a da manjedoura, eis a teimosia de se viver, acreditando na paz, na esperan\u00e7a e no amor. Creia em um Deus l\u00e1 em cima, sim, mas que do firmamento ou das estrelas ele \u201cdesce\u201d, \u00e9 real, \u00e9 a realidade \u00faltima no cora\u00e7\u00e3o das pessoas e das coisas. Am\u00e9m!<\/p>\n","protected":false},"excerpt":{"rendered":"<p>\u00c2nimo com a vida, mesmo tendo que errar, porque vale mais, em muitas circunst\u00e2ncias, arrebentar-se do que se poupar numa vida sem sentido. \u00c9 evidente que a vida consta de um pre\u00e7o, e \u00e9 demonstrado quando se procura viver intensamente, numa maneira imp\u00e1vida, tamb\u00e9m impetuosa e destemida. Que seja essa vida, numa recorda\u00e7\u00e3o, digna de [&hellip;]<\/p>\n","protected":false},"author":6,"featured_media":55824,"comment_status":"open","ping_status":"closed","sticky":false,"template":"","format":"standard","meta":{"footnotes":""},"categories":[9],"tags":[],"class_list":["post-78242","post","type-post","status-publish","format-standard","has-post-thumbnail","hentry","category-artigos"],"_links":{"self":[{"href":"https:\/\/catolicanet.net\/wp-cnet\/wp-json\/wp\/v2\/posts\/78242","targetHints":{"allow":["GET"]}}],"collection":[{"href":"https:\/\/catolicanet.net\/wp-cnet\/wp-json\/wp\/v2\/posts"}],"about":[{"href":"https:\/\/catolicanet.net\/wp-cnet\/wp-json\/wp\/v2\/types\/post"}],"author":[{"embeddable":true,"href":"https:\/\/catolicanet.net\/wp-cnet\/wp-json\/wp\/v2\/users\/6"}],"replies":[{"embeddable":true,"href":"https:\/\/catolicanet.net\/wp-cnet\/wp-json\/wp\/v2\/comments?post=78242"}],"version-history":[{"count":2,"href":"https:\/\/catolicanet.net\/wp-cnet\/wp-json\/wp\/v2\/posts\/78242\/revisions"}],"predecessor-version":[{"id":78245,"href":"https:\/\/catolicanet.net\/wp-cnet\/wp-json\/wp\/v2\/posts\/78242\/revisions\/78245"}],"wp:featuredmedia":[{"embeddable":true,"href":"https:\/\/catolicanet.net\/wp-cnet\/wp-json\/wp\/v2\/media\/55824"}],"wp:attachment":[{"href":"https:\/\/catolicanet.net\/wp-cnet\/wp-json\/wp\/v2\/media?parent=78242"}],"wp:term":[{"taxonomy":"category","embeddable":true,"href":"https:\/\/catolicanet.net\/wp-cnet\/wp-json\/wp\/v2\/categories?post=78242"},{"taxonomy":"post_tag","embeddable":true,"href":"https:\/\/catolicanet.net\/wp-cnet\/wp-json\/wp\/v2\/tags?post=78242"}],"curies":[{"name":"wp","href":"https:\/\/api.w.org\/{rel}","templated":true}]}}