{"id":78171,"date":"2022-12-20T09:56:06","date_gmt":"2022-12-20T12:56:06","guid":{"rendered":"https:\/\/catolicanet.net\/wp-cnet\/?p=78171"},"modified":"2022-12-20T09:56:06","modified_gmt":"2022-12-20T12:56:06","slug":"conheca-o-maior-presepio-iluminado-do-mundo","status":"publish","type":"post","link":"https:\/\/catolicanet.net\/wp-cnet\/conheca-o-maior-presepio-iluminado-do-mundo\/","title":{"rendered":"Conhe\u00e7a o maior pres\u00e9pio iluminado do mundo"},"content":{"rendered":"<h2 class=\"subtitle\" style=\"text-align: justify;\">O pres\u00e9pio tem mais de 300 figuras em tamanho real iluminadas de maneira sustent\u00e1vel<\/h2>\n<p style=\"text-align: justify;\">Em Manarola, no cora\u00e7\u00e3o do Parque Nacional Cinque Terre (It\u00e1lia), uma tradi\u00e7\u00e3o que se renova h\u00e1 anos: sempre no dia 8 de dezembro \u00e9 aceso o maior pres\u00e9pio iluminado do mundo.<\/p>\n<p style=\"text-align: justify;\">O pres\u00e9pio, que ilumina a cidade por cerca de um m\u00eas, foi constru\u00eddo por M\u00e1rio Andreoli, ex-funcion\u00e1rio das ferrovias italianas e agora aposentado.<\/p>\n<p style=\"text-align: justify;\">Um \u00e1rduo trabalho que come\u00e7ou em 1961, quando M\u00e1rio, limpando seu por\u00e3o, ao inv\u00e9s de jogar fora todo o material em desuso, resolve recicl\u00e1-lo e construir um enorme pres\u00e9pio.<\/p>\n<p style=\"text-align: justify;\">O que vemos hoje \u00e9 o resultado de 61 anos de trabalho meticuloso e apaixonado: um pres\u00e9pio povoado por mais de 300 figuras em tamanho real iluminadas por mais de 1.700 l\u00e2mpadas.<\/p>\n<p style=\"text-align: justify;\">As figuras s\u00e3o em tamanho natural: Menino Jesus, Maria, Jos\u00e9, pastores, pescadores, ovelhas, golfinhos, gaivotas, camelos, anjos, magos, etc.\u00a0No ano do coronav\u00edrus, foram inclu\u00eddos m\u00e9dicos e enfermeiros.<\/p>\n<p style=\"text-align: justify;\">Um maravilhoso cart\u00e3o postal que atrai milhares de turistas, em uma terra que j\u00e1 \u00e9 uma das mais belas \u00e1reas naturais mediterr\u00e2neas da Lig\u00faria.<\/p>\n<div class=\"block-image-copyrigth-wrap\">\n<figure class=\"wp-block-image size-large\"><img loading=\"lazy\" decoding=\"async\" class=\"wp-image-479334\" src=\"https:\/\/wp.pt.aleteia.org\/wp-content\/uploads\/sites\/5\/2022\/12\/shutterstock_1260392017.jpg?w=1000\" sizes=\"auto, (max-width: 1000px) 100vw, 1000px\" srcset=\"https:\/\/wp.pt.aleteia.org\/wp-content\/uploads\/sites\/5\/2022\/12\/shutterstock_1260392017.jpg 1000w, https:\/\/wp.pt.aleteia.org\/wp-content\/uploads\/sites\/5\/2022\/12\/shutterstock_1260392017.jpg?resize=150,91 150w, https:\/\/wp.pt.aleteia.org\/wp-content\/uploads\/sites\/5\/2022\/12\/shutterstock_1260392017.jpg?resize=300,182 300w, https:\/\/wp.pt.aleteia.org\/wp-content\/uploads\/sites\/5\/2022\/12\/shutterstock_1260392017.jpg?resize=768,465 768w, https:\/\/wp.pt.aleteia.org\/wp-content\/uploads\/sites\/5\/2022\/12\/shutterstock_1260392017.jpg?resize=620,375 620w, https:\/\/wp.pt.aleteia.org\/wp-content\/uploads\/sites\/5\/2022\/12\/shutterstock_1260392017.jpg?resize=375,227 375w, https:\/\/wp.pt.aleteia.org\/wp-content\/uploads\/sites\/5\/2022\/12\/shutterstock_1260392017.jpg?resize=630,381 630w\" alt=\"Pesebre iluminado de Manarola, el m\u00e1s grande del mundo\" width=\"1000\" height=\"605\" \/><figcaption class=\"wp-element-caption\">Figuras iluminadas comp\u00f5em o pres\u00e9pio de Manarola.<\/figcaption><\/figure>\n<div class=\"copyright-text\" style=\"text-align: justify;\">Shutterstock\/Luca Rei<\/div>\n<\/div>\n<div class=\"wp-block-aleteia-heading3\" style=\"text-align: justify;\">\n<h3>Um ber\u00e7o totalmente verde<\/h3>\n<\/div>\n<p style=\"text-align: justify;\">O pres\u00e9pio de Manarola foi oficialmente inaugurado em 2007 e naquele mesmo ano entrou para o\u00a0<em>Guinness Book of Records<\/em>\u00a0como o maior pres\u00e9pio iluminado do mundo.<\/p>\n<p style=\"text-align: justify;\">No ano seguinte, a representa\u00e7\u00e3o tornou-se ecologicamente correta porque foi constru\u00eddo um sistema fotovoltaico espec\u00edfico para gerar a eletricidade necess\u00e1ria para ser autossuficiente.<\/p>\n<div class=\"wp-block-aleteia-heading3\" style=\"text-align: justify;\">\n<h3>Associa\u00e7\u00e3o<\/h3>\n<\/div>\n<p style=\"text-align: justify;\">H\u00e1 alguns anos, a\u00a0<a href=\"https:\/\/www.facebook.com\/presepemanarola\" target=\"_blank\" rel=\"noopener\">Associa\u00e7\u00e3o de Pres\u00e9pios de Manarola<\/a>\u00a0foi criada para ajudar Mario Andreoli porque sempre \u00e9 mais dif\u00edcil para ele continuar com seu projeto devido ao seu estado de sa\u00fade e \u00e0 idade avan\u00e7ada.<\/p>\n<p style=\"text-align: justify;\">A associa\u00e7\u00e3o leva seu nome e \u00e9 formada por moradores e vizinhos, que concordam em dar continuidade a esta bela obra de Marioli.<\/p>\n<figure class=\"wp-block-embed is-type-video is-provider-youtube wp-block-embed-youtube wp-embed-aspect-16-9 wp-has-aspect-ratio\" data-original=\"false\">\n<div class=\"wp-block-embed__wrapper\"><span class=\"embed-youtube css-1ywgfld\"><span class=\"css-ubwxwi\"><iframe loading=\"lazy\" id=\"youtube_embedded_gHsu7M0fMIo\" class=\"youtube-player css-107tt68\" title=\"Presepe di Manarola 08-12-2015\" src=\"https:\/\/www.youtube.com\/embed\/gHsu7M0fMIo?enablejsapi=1&amp;origin=https%3A%2F%2Fpt.aleteia.org&amp;widgetid=1\" width=\"640\" height=\"360\" frameborder=\"0\" sandbox=\"allow-same-origin allow-scripts allow-forms allow-popups allow-popups-to-escape-sandbox\" allowfullscreen=\"allowfullscreen\" data-mce-fragment=\"1\"><\/iframe><\/span><\/span><\/div>\n<\/figure>\n<div class=\"wp-block-aleteia-read-also read-also\" data-category=\"Cultura &amp; Viagem\" data-category-english=\"culture\"><\/div>\n","protected":false},"excerpt":{"rendered":"<p>O pres\u00e9pio tem mais de 300 figuras em tamanho real iluminadas de maneira sustent\u00e1vel Em Manarola, no cora\u00e7\u00e3o do Parque Nacional Cinque Terre (It\u00e1lia), uma tradi\u00e7\u00e3o que se renova h\u00e1 anos: sempre no dia 8 de dezembro \u00e9 aceso o maior pres\u00e9pio iluminado do mundo. O pres\u00e9pio, que ilumina a cidade por cerca de um [&hellip;]<\/p>\n","protected":false},"author":1,"featured_media":78172,"comment_status":"open","ping_status":"closed","sticky":false,"template":"","format":"standard","meta":{"footnotes":""},"categories":[4],"tags":[],"class_list":["post-78171","post","type-post","status-publish","format-standard","has-post-thumbnail","hentry","category-cotidiano"],"_links":{"self":[{"href":"https:\/\/catolicanet.net\/wp-cnet\/wp-json\/wp\/v2\/posts\/78171","targetHints":{"allow":["GET"]}}],"collection":[{"href":"https:\/\/catolicanet.net\/wp-cnet\/wp-json\/wp\/v2\/posts"}],"about":[{"href":"https:\/\/catolicanet.net\/wp-cnet\/wp-json\/wp\/v2\/types\/post"}],"author":[{"embeddable":true,"href":"https:\/\/catolicanet.net\/wp-cnet\/wp-json\/wp\/v2\/users\/1"}],"replies":[{"embeddable":true,"href":"https:\/\/catolicanet.net\/wp-cnet\/wp-json\/wp\/v2\/comments?post=78171"}],"version-history":[{"count":1,"href":"https:\/\/catolicanet.net\/wp-cnet\/wp-json\/wp\/v2\/posts\/78171\/revisions"}],"predecessor-version":[{"id":78173,"href":"https:\/\/catolicanet.net\/wp-cnet\/wp-json\/wp\/v2\/posts\/78171\/revisions\/78173"}],"wp:featuredmedia":[{"embeddable":true,"href":"https:\/\/catolicanet.net\/wp-cnet\/wp-json\/wp\/v2\/media\/78172"}],"wp:attachment":[{"href":"https:\/\/catolicanet.net\/wp-cnet\/wp-json\/wp\/v2\/media?parent=78171"}],"wp:term":[{"taxonomy":"category","embeddable":true,"href":"https:\/\/catolicanet.net\/wp-cnet\/wp-json\/wp\/v2\/categories?post=78171"},{"taxonomy":"post_tag","embeddable":true,"href":"https:\/\/catolicanet.net\/wp-cnet\/wp-json\/wp\/v2\/tags?post=78171"}],"curies":[{"name":"wp","href":"https:\/\/api.w.org\/{rel}","templated":true}]}}