{"id":78151,"date":"2022-12-20T09:43:32","date_gmt":"2022-12-20T12:43:32","guid":{"rendered":"https:\/\/catolicanet.net\/wp-cnet\/?p=78151"},"modified":"2022-12-20T09:43:32","modified_gmt":"2022-12-20T12:43:32","slug":"krajewski-com-uma-van-na-ucrania-para-levar-geradores-e-camisetas-termicas","status":"publish","type":"post","link":"https:\/\/catolicanet.net\/wp-cnet\/krajewski-com-uma-van-na-ucrania-para-levar-geradores-e-camisetas-termicas\/","title":{"rendered":"Krajewski com uma van na Ucr\u00e2nia para levar geradores e camisetas t\u00e9rmicas"},"content":{"rendered":"<figure class=\"article__image\" style=\"text-align: justify;\"><span class=\"didascalia_img\">Cardeal Krajewski na Ucr\u00e2nia\u00a0<\/span><\/figure>\n<div class=\"article__meta audioInside\" data-mediatype=\"\">\n<div class=\"article__subTitle\" style=\"text-align: justify;\">Nova miss\u00e3o do esmoleiro pontif\u00edcio para ajudar a popula\u00e7\u00e3o que enfrenta frio e falta de energia. O cardeal chegou nesta segunda-feira a Lviv, a partir desta ter\u00e7a-feira, sozinho, com um caminh\u00e3o vai em dire\u00e7\u00e3o de Zaporizhzhia, Odessa, Kyiv e outras zonas de guerra para entregar a ajuda do Papa. &#8220;H\u00e1 filas de at\u00e9 oito ou 15 horas na fronteira, com a temperatura de -15 graus. Gra\u00e7as ao passaporte diplom\u00e1tico, eu posso trazer tudo de forma r\u00e1pida e direta&#8221;.<\/div>\n<div class=\"title__separator\" style=\"text-align: justify;\"><\/div>\n<div class=\"article__text \">\n<p style=\"text-align: justify;\"><b>Salvatore Cernuzio \u2013 Vatican News<\/b><\/p>\n<p style=\"text-align: justify;\">O cardeal Krajewski chegou a Lviv nesta segunda-feira, dirigindo uma grande van do Vaticano (&#8220;a maior que pude dirigir&#8221;) com uma luz piscando sobre ela, emprestada pelos gendarmes e, dentro do ve\u00edculo, uma carga de quase 40 geradores el\u00e9tricos e uma boa parte das camisetas t\u00e9rmicas que o Dicast\u00e9rio para a Caridade est\u00e1 recolhendo para aliviar os ucranianos da temperatura que caiu at\u00e9 15 graus abaixo de zero nos \u00faltimos dias. O cardeal Konrad Krajewski est\u00e1 mais uma vez na Ucr\u00e2nia para levar a caridade do Papa \u00e0 popula\u00e7\u00e3o ferida pelo conflito e suas conseq\u00fc\u00eancias no per\u00edodo que antecede o Natal.<\/p>\n<div style=\"text-align: justify;\">\n<div class=\"article__embed article__embed--unwrap article__embed--dark\">\n<div class=\"article__innerTitle\">Ou\u00e7a e compartilhe<\/div>\n<div>\n<!--[if lt IE 9]><script>document.createElement('audio');<\/script><![endif]-->\n<audio class=\"wp-audio-shortcode\" id=\"audio-78151-1\" preload=\"none\" style=\"width: 100%;\" controls=\"controls\"><source type=\"audio\/mpeg\" src=\"https:\/\/media.vaticannews.va\/media\/audio\/s1\/2022\/12\/20\/10\/136837626_F136837626.mp3?_=1\" \/><a href=\"https:\/\/media.vaticannews.va\/media\/audio\/s1\/2022\/12\/20\/10\/136837626_F136837626.mp3\">https:\/\/media.vaticannews.va\/media\/audio\/s1\/2022\/12\/20\/10\/136837626_F136837626.mp3<\/a><\/audio>\n<\/div>\n<\/div>\n<\/div>\n<h2 style=\"text-align: justify;\">Da Pol\u00f4nia a Lviv<\/h2>\n<p style=\"text-align: justify;\">O cardeal &#8211; ao telefone da Ucr\u00e2nia com o Vatican News, sem f\u00f4lego por causa do frio rigoroso &#8211; esteve na Pol\u00f4nia nas \u00faltimas horas, na cidade fronteiri\u00e7a de Przemy\u015bl, onde chegaram dois caminh\u00f5es com mais camisetas e geradores. Eles foram entregues \u00e0 organiza\u00e7\u00e3o local da C\u00e1ritas, que trabalha h\u00e1 mais de nove meses para receber e assistir refugiados, especialmente mulheres com seus filhos, muitas das quais fugiram das regi\u00f5es de Donbass.<\/p>\n<h2 style=\"text-align: justify;\">Longas filas e estradas bloqueadas<\/h2>\n<p style=\"text-align: justify;\">Nesta segunda-feira o cardeal polon\u00eas cruzou a fronteira: &#8220;N\u00e3o \u00e9 f\u00e1cil&#8221;, diz ele, &#8220;h\u00e1 filas que v\u00e3o de 8 a 15 horas&#8221;. O procedimento \u00e9 longo, mas acima de tudo, por causa da muita neve que n\u00e3o foi limpa, as estradas de entrada e sa\u00edda est\u00e3o todas bloqueadas. Havia uma fila de 30 quil\u00f4metros de caminh\u00f5es parados e os caminh\u00f5es bloqueiam tr\u00eas quartos da estrada&#8221;. Entretanto, gra\u00e7as a seu passaporte diplom\u00e1tico e carro registrado no SCV, Krajewski conseguiu passar rapidamente: &#8220;Cinco minutos na Pol\u00f4nia, cinco minutos na Ucr\u00e2nia. Apenas tempo suficiente para os controles&#8230; Eles s\u00e3o muito educados quando veem o carro do Vaticano trazendo ajuda&#8221;.<\/p>\n<div style=\"text-align: justify;\">\n<div class=\"article__embed article__embed--unwrap article__embed--photo\">\n<figure><picture><img decoding=\"async\" class=\"loaded\" src=\"https:\/\/www.vaticannews.va\/content\/dam\/vaticannews\/multimedia\/2022\/12\/19\/x2.jpg\/_jcr_content\/renditions\/cq5dam.thumbnail.cropped.750.422.jpeg\" alt=\"Um dos caminh\u00f5es para levar ajuda ao povo ucraniano\" data-original=\"\/content\/dam\/vaticannews\/multimedia\/2022\/12\/19\/x2.jpg\/_jcr_content\/renditions\/cq5dam.thumbnail.cropped.750.422.jpeg\" data-was-processed=\"true\" \/><\/picture><\/figure>\n<div class=\"photo_embed--Title\">Um dos caminh\u00f5es para levar ajuda ao povo ucraniano<\/div>\n<\/div>\n<\/div>\n<h2 style=\"text-align: justify;\">Oportunidade que salva vidas<\/h2>\n<p style=\"text-align: justify;\">Para o cardeal, o tempo \u00e9 essencial: chegar rapidamente \u00e0s zonas de guerra com camisetas t\u00e9rmicas e geradores tamb\u00e9m pode &#8216;salvar vidas&#8217;. O frio e a impossibilidade de ter energia cont\u00ednua para aquecimento, cozinhar e ilumina\u00e7\u00e3o de apartamentos \u00e9 o desafio angustiante que os ucranianos enfrentam nestes meses de inverno ap\u00f3s a destrui\u00e7\u00e3o de numerosas infraestruturas. A \u00faltima, na sexta-feira, bombardeada por um ataque com m\u00edsseis. No domingo, o presidente Volodymyr Zelensky fez saber que nas \u00faltimas horas, a eletricidade foi restaurada para quase 6 milh\u00f5es de habitantes na Ucr\u00e2nia, mas ainda h\u00e1 muito a ser feito para atender \u00e0s necessidades da popula\u00e7\u00e3o. &#8220;A Esmolaria Apost\u00f3lica garante que todas as coisas chegam ao seu destino e tamb\u00e9m que conseguiremos superar o problema da fronteira ucraniana&#8221;, diz Krajewski.<\/p>\n<div style=\"text-align: justify;\">\n<div class=\"article__embed article__embed--unwrap article__embed--photo\">\n<figure><picture><img decoding=\"async\" class=\"loaded\" src=\"https:\/\/www.vaticannews.va\/content\/dam\/vaticannews\/multimedia\/2022\/12\/19\/x4.jpg\/_jcr_content\/renditions\/cq5dam.thumbnail.cropped.750.422.jpeg\" alt=\"Gerador doado \u00e0 popula\u00e7\u00e3o ucraniana\" data-original=\"\/content\/dam\/vaticannews\/multimedia\/2022\/12\/19\/x4.jpg\/_jcr_content\/renditions\/cq5dam.thumbnail.cropped.750.422.jpeg\" data-was-processed=\"true\" \/><\/picture><\/figure>\n<div class=\"photo_embed--Title\">Gerador doado \u00e0 popula\u00e7\u00e3o ucraniana<\/div>\n<\/div>\n<\/div>\n<h2 style=\"text-align: justify;\">Viajando sozinho<\/h2>\n<p style=\"text-align: justify;\">Nesta ter\u00e7a-feira ele partiu &#8220;sozinho&#8221; para visitar v\u00e1rias cidades afetadas, incluindo Zaporizhzhia, Odessa e a capital Kyiv. &#8220;Farei 4-5 viagens para levar principalmente geradores porque aqui de Lviv com pequenos carros chegamos a lugares diferentes. E assim continuamos este servi\u00e7o para o povo por parte do Santo Padre. Na verdade, n\u00e3o basta ter camisetas, n\u00e3o basta ter geradores, \u00e9 preciso poder lev\u00e1-los aos v\u00e1rios lugares e, como eu disse, n\u00e3o \u00e9 nada f\u00e1cil. Especialmente com estas temperaturas&#8221;.<\/p>\n<div style=\"text-align: justify;\">\n<div class=\"article__embed article__embed--unwrap article__embed--photo\">\n<figure><picture><img decoding=\"async\" class=\"loaded\" src=\"https:\/\/www.vaticannews.va\/content\/dam\/vaticannews\/multimedia\/2022\/12\/19\/x1.jpg\/_jcr_content\/renditions\/cq5dam.thumbnail.cropped.750.422.jpeg\" alt=\"Doa\u00e7\u00f5es ao povo ucraniano\" data-original=\"\/content\/dam\/vaticannews\/multimedia\/2022\/12\/19\/x1.jpg\/_jcr_content\/renditions\/cq5dam.thumbnail.cropped.750.422.jpeg\" data-was-processed=\"true\" \/><\/picture><\/figure>\n<div class=\"photo_embed--Title\">Doa\u00e7\u00f5es ao povo ucraniano<\/div>\n<\/div>\n<\/div>\n<h2 style=\"text-align: justify;\">Mais caminh\u00f5es a caminho<\/h2>\n<p style=\"text-align: justify;\">Nesta ter\u00e7a-feira chegar\u00e3o mais caminh\u00f5es: &#8220;Estou empenhado em fazer com que passem&#8221;, diz o cardeal. &#8220;Serei um motorista precisamente para colocar os caminh\u00f5es em marcha o mais r\u00e1pido poss\u00edvel&#8221;. H\u00e1 dificuldades que nem sequer conhecemos, mas quando se quer, tudo se torna poss\u00edvel. Quero agradecer aos nossos doadores e garantir que todas as doa\u00e7\u00f5es cheguem de modo r\u00e1pido e direto&#8221;.<\/p>\n<\/div>\n<\/div>\n","protected":false},"excerpt":{"rendered":"<p>Cardeal Krajewski na Ucr\u00e2nia\u00a0 Nova miss\u00e3o do esmoleiro pontif\u00edcio para ajudar a popula\u00e7\u00e3o que enfrenta frio e falta de energia. O cardeal chegou nesta segunda-feira a Lviv, a partir desta ter\u00e7a-feira, sozinho, com um caminh\u00e3o vai em dire\u00e7\u00e3o de Zaporizhzhia, Odessa, Kyiv e outras zonas de guerra para entregar a ajuda do Papa. &#8220;H\u00e1 filas [&hellip;]<\/p>\n","protected":false},"author":1,"featured_media":78152,"comment_status":"open","ping_status":"closed","sticky":false,"template":"","format":"standard","meta":{"footnotes":""},"categories":[13,3],"tags":[],"class_list":["post-78151","post","type-post","status-publish","format-standard","has-post-thumbnail","hentry","category-featured","category-vaticano"],"_links":{"self":[{"href":"https:\/\/catolicanet.net\/wp-cnet\/wp-json\/wp\/v2\/posts\/78151","targetHints":{"allow":["GET"]}}],"collection":[{"href":"https:\/\/catolicanet.net\/wp-cnet\/wp-json\/wp\/v2\/posts"}],"about":[{"href":"https:\/\/catolicanet.net\/wp-cnet\/wp-json\/wp\/v2\/types\/post"}],"author":[{"embeddable":true,"href":"https:\/\/catolicanet.net\/wp-cnet\/wp-json\/wp\/v2\/users\/1"}],"replies":[{"embeddable":true,"href":"https:\/\/catolicanet.net\/wp-cnet\/wp-json\/wp\/v2\/comments?post=78151"}],"version-history":[{"count":1,"href":"https:\/\/catolicanet.net\/wp-cnet\/wp-json\/wp\/v2\/posts\/78151\/revisions"}],"predecessor-version":[{"id":78153,"href":"https:\/\/catolicanet.net\/wp-cnet\/wp-json\/wp\/v2\/posts\/78151\/revisions\/78153"}],"wp:featuredmedia":[{"embeddable":true,"href":"https:\/\/catolicanet.net\/wp-cnet\/wp-json\/wp\/v2\/media\/78152"}],"wp:attachment":[{"href":"https:\/\/catolicanet.net\/wp-cnet\/wp-json\/wp\/v2\/media?parent=78151"}],"wp:term":[{"taxonomy":"category","embeddable":true,"href":"https:\/\/catolicanet.net\/wp-cnet\/wp-json\/wp\/v2\/categories?post=78151"},{"taxonomy":"post_tag","embeddable":true,"href":"https:\/\/catolicanet.net\/wp-cnet\/wp-json\/wp\/v2\/tags?post=78151"}],"curies":[{"name":"wp","href":"https:\/\/api.w.org\/{rel}","templated":true}]}}