{"id":78123,"date":"2022-12-19T12:35:36","date_gmt":"2022-12-19T15:35:36","guid":{"rendered":"https:\/\/catolicanet.net\/wp-cnet\/?p=78123"},"modified":"2022-12-19T12:35:36","modified_gmt":"2022-12-19T15:35:36","slug":"o-natal","status":"publish","type":"post","link":"https:\/\/catolicanet.net\/wp-cnet\/o-natal\/","title":{"rendered":"O  NATAL"},"content":{"rendered":"<p style=\"text-align: justify;\">Um Salvador nasceu pobre e humilde! O contexto consumista atual distrai muitos crist\u00e3os do sublime mist\u00e9rio do Natal. Muita preocupa\u00e7\u00e3o com aquilo que n\u00e3o \u00e9 o essencial deste fato maravilhoso. Cumpre, ent\u00e3o, uma reflex\u00e3o sobre o amor infinito de um Deus que se fez homem para reden\u00e7\u00e3o da humanidade. Contempl\u00e1-lo num Pres\u00e9pio, c\u00e1tedra de onde Ele nos ensina humildade e desapego dos bens transit\u00f3rios deste mundo e isto com uma eloqu\u00eancia maravilhosa. Numa linguagem n\u00e3o verbal o divino Infante a pregar, desde sua chegada a esta terra, virtudes que devem ser o ornamento seus ep\u00edgonos.\u00a0Mensagens austeras, mas que trazem felicidade, imperturbabilidade, honradez. Jesus, Rei do c\u00e9u e da terra, nasce num est\u00e1bulo na mais total priva\u00e7\u00e3o para nos ensinar total desambi\u00e7\u00e3o, dedica\u00e7\u00e3o aos pobres e a fuga de toda arrog\u00e2ncia e vaidade. Ele \u00e9 a luz do mundo e quem O segue n\u00e3o anda nas trevas (Jo 8,12). Para sermos iluminados por Ele \u00e9 preciso caminhar nos seus passos. Lembremo-nos sempre que os seus primeiros adoradores foram pobres pastores. Apenas depois \u00e9 que Ele, Soberano que \u00e9 do Universo, receber\u00e1 os Magos que lhe trar\u00e3o suas ofertas, mostrando aos ricos deste mundo que devem ser generosos, honrando-O na figura dos menos favorecidos. Os pastores eram pessoas simples, obscuras, mas devotados a seu humilde trabalho, guardando durante a noite o seu rebanho. Eis por que o anjo lhes aparece e lhes\u00a0diz: \u201cN\u00e3o temais, pois vos anuncio uma grande alegria para todo o povo. Nasceu-vos hoje na cidade de Davi um Salvador que \u00e9 o Cristo Senhor. Isto vos servir\u00e1 de sinal: encontrareis um menino envolto em faixas e deitado numa manjedoura\u201d (Lc 2, 10-12). As prefer\u00eancias divinas n\u00e3o mudam nunca, pois Deus se revela aos pequenos e humildes de cora\u00e7\u00e3o. Na verdade, estes s\u00e3o capazes de acatar as veredas que o Esp\u00edrito Santo apresenta para se encontrar sempre o Redentor e suas gra\u00e7as e sua felicidade. Os segredos do Ser Supremo Ele os reserva para quem reconhece sua grandeza e transcend\u00eancia e est\u00e1 disposto a se adaptar a Ele. Ali\u00e1s, o pr\u00f3prio Jesus, enquanto homem, assim se lan\u00e7ar\u00e1 sua prece: \u201cEu vos rendo gra\u00e7as, \u00f3 Pai, porque escondestes estas coisas aos s\u00e1bios e prudentes e as revelastes aos pequeninos e humildes\u201d (Mt 11,23). Al\u00e9m disto, tal a ordem que Ele deu a seus\u00a0seguidores: \u201cAprendei de mim que sou manso e humilde de cora\u00e7\u00e3o\u201d (Mt 11,29). Nada, portanto, mais necess\u00e1rios diante do Pres\u00e9pio do que um desapego dos bens materiais e passageiros deste mundo e o reconhecimento ontol\u00f3gico da depend\u00eancia que se tem com rela\u00e7\u00e3o ao Ser Necess\u00e1rio e Infinito. Nada honra tanto a criatura humana do que se curvar ante a Majestade daquele que \u00e9 o Criador de tudo. Ao falar aos primeiros crist\u00e3os S\u00e3o Paulo os exortava a usar o que se tem neste mundo como meros meios e instrumentos para a pr\u00f3pria santifica\u00e7\u00e3o (1 Cor 7,31) e repetia sempre: &#8220;Gra\u00e7as sejam dadas a Deus por Jesus Cristo, nosso Senhor!&#8221; (Rm 7,25), patenteando a verdadeira postura que se deve ter ante o Todo-Poderoso Senhor. O orgulho, a emp\u00e1fia impedem t\u00e3o s\u00e1bias atitudes, pois leva muitos a se entregarem ao luxo ou \u00e0 aquisi\u00e7\u00e3o do que \u00e9 o sup\u00e9rfluo e a n\u00e3o se inclinarem perante a grandeza divina. Lembra S\u00e3o Tiago: \u201cDeus d\u00e1 sua gra\u00e7a aos humildes e resiste aos soberbos\u201d (Tg, 4,6). Este Jesus que nasce em Bel\u00e9m passar\u00e1 por este mundo fazendo o bem (Atos 10,38), deixando exemplos maravilhosos a serem sempre imitados. A certeza de que o nascimento de Jesus \u00e9 a prova m\u00e1xima do amor de Deus para com cada um de seus filhos nos conduzir\u00e1 aos caminhos desta imita\u00e7\u00e3o do divino Redentor, nas sendas da santidade e na mais imperturb\u00e1vel serenidade. Lembra S\u00e3o\u00a0Jo\u00e3o: &#8220;Com efeito, de tal modo Deus amou o mundo, que lhe deu seu Filho \u00fanico, para que tudo o que nele crer n\u00e3o pere\u00e7a, mas tenha a vida eterna&#8221; (Jo 3,16).Tudo isto fruto do glorioso Natal daquele em quem podemos inteiramente confiar.<\/p>\n","protected":false},"excerpt":{"rendered":"<p>Um Salvador nasceu pobre e humilde! O contexto consumista atual distrai muitos crist\u00e3os do sublime mist\u00e9rio do Natal. Muita preocupa\u00e7\u00e3o com aquilo que n\u00e3o \u00e9 o essencial deste fato maravilhoso. Cumpre, ent\u00e3o, uma reflex\u00e3o sobre o amor infinito de um Deus que se fez homem para reden\u00e7\u00e3o da humanidade. Contempl\u00e1-lo num Pres\u00e9pio, c\u00e1tedra de onde [&hellip;]<\/p>\n","protected":false},"author":7,"featured_media":55813,"comment_status":"open","ping_status":"closed","sticky":false,"template":"","format":"standard","meta":{"footnotes":""},"categories":[9],"tags":[],"class_list":["post-78123","post","type-post","status-publish","format-standard","has-post-thumbnail","hentry","category-artigos"],"_links":{"self":[{"href":"https:\/\/catolicanet.net\/wp-cnet\/wp-json\/wp\/v2\/posts\/78123","targetHints":{"allow":["GET"]}}],"collection":[{"href":"https:\/\/catolicanet.net\/wp-cnet\/wp-json\/wp\/v2\/posts"}],"about":[{"href":"https:\/\/catolicanet.net\/wp-cnet\/wp-json\/wp\/v2\/types\/post"}],"author":[{"embeddable":true,"href":"https:\/\/catolicanet.net\/wp-cnet\/wp-json\/wp\/v2\/users\/7"}],"replies":[{"embeddable":true,"href":"https:\/\/catolicanet.net\/wp-cnet\/wp-json\/wp\/v2\/comments?post=78123"}],"version-history":[{"count":1,"href":"https:\/\/catolicanet.net\/wp-cnet\/wp-json\/wp\/v2\/posts\/78123\/revisions"}],"predecessor-version":[{"id":78124,"href":"https:\/\/catolicanet.net\/wp-cnet\/wp-json\/wp\/v2\/posts\/78123\/revisions\/78124"}],"wp:featuredmedia":[{"embeddable":true,"href":"https:\/\/catolicanet.net\/wp-cnet\/wp-json\/wp\/v2\/media\/55813"}],"wp:attachment":[{"href":"https:\/\/catolicanet.net\/wp-cnet\/wp-json\/wp\/v2\/media?parent=78123"}],"wp:term":[{"taxonomy":"category","embeddable":true,"href":"https:\/\/catolicanet.net\/wp-cnet\/wp-json\/wp\/v2\/categories?post=78123"},{"taxonomy":"post_tag","embeddable":true,"href":"https:\/\/catolicanet.net\/wp-cnet\/wp-json\/wp\/v2\/tags?post=78123"}],"curies":[{"name":"wp","href":"https:\/\/api.w.org\/{rel}","templated":true}]}}