{"id":78115,"date":"2022-12-19T09:32:06","date_gmt":"2022-12-19T12:32:06","guid":{"rendered":"https:\/\/catolicanet.net\/wp-cnet\/?p=78115"},"modified":"2022-12-19T12:32:57","modified_gmt":"2022-12-19T15:32:57","slug":"conheca-o-seu-santo-padroeiro-de-2023","status":"publish","type":"post","link":"https:\/\/catolicanet.net\/wp-cnet\/conheca-o-seu-santo-padroeiro-de-2023\/","title":{"rendered":"Conhe\u00e7a o seu santo padroeiro de 2023"},"content":{"rendered":"<h2 class=\"subtitle\" style=\"text-align: justify;\">Comece o Ano Novo com um santo padroeiro que ser\u00e1 seu intercessor junto a Deus e seu apoio em tempos dif\u00edceis. Santa Irm\u00e3 Faustina fazia isso todos os anos!<\/h2>\n<p style=\"text-align: justify;\">Achegada do Ano Novo \u00e9, para muitos de n\u00f3s, um tempo para fazer um balan\u00e7o, tomar resolu\u00e7\u00f5es e estabelecer novas metas. No entanto, acontece com frequ\u00eancia que nosso entusiasmo se desvanece rapidamente e mal temos motiva\u00e7\u00e3o suficiente at\u00e9 o final de janeiro\u2026<\/p>\n<p style=\"text-align: justify;\"><strong>Vale a pena lembrar que podemos ent\u00e3o recorrer a nossos santos padroeiros para obter ajuda!<\/strong><\/p>\n<div class=\"is-content-justification-center is-layout-flex wp-container-1 wp-block-buttons\" style=\"text-align: justify;\">\n<div class=\"wp-block-button has-custom-width wp-block-button__width-50\"><a class=\"wp-block-button__link has-white-color has-luminous-vivid-amber-background-color has-text-color has-background wp-element-button\" href=\"https:\/\/form.jotform.com\/223424225019346\" target=\"_blank\" rel=\"noreferrer noopener\"><strong>Conhe\u00e7a o seu santo padroeiro de 2023<\/strong><\/a><\/div>\n<\/div>\n<div class=\"wp-block-aleteia-heading3\" style=\"text-align: justify;\">\n<h3>Seu santo padroeiro \u2013 intercessor no c\u00e9u<\/h3>\n<\/div>\n<p style=\"text-align: justify;\">Confiar suas inten\u00e7\u00f5es \u00e0 intercess\u00e3o dos Santos de Deus \u00e9 um belo h\u00e1bito que n\u00e3o s\u00f3 te ajudar\u00e1 a perseverar em tempos de prova\u00e7\u00e3o e dificuldade este ano, mas tamb\u00e9m abrir\u00e1 seu cora\u00e7\u00e3o ao plano de Deus para voc\u00ea.<\/p>\n<div class=\"wp-block-aleteia-heading3\" style=\"text-align: justify;\">\n<h3>Santa Faustina e tradi\u00e7\u00e3o do santo padroeiro<\/h3>\n<\/div>\n<p style=\"text-align: justify;\">A tradi\u00e7\u00e3o de sortear o padroeiro do ano \u00e9 particularmente apreciada pela Congrega\u00e7\u00e3o das Irm\u00e3s de Nossa Senhora das Merc\u00eas, \u00e0 qual pertenceu Santa Faustina Kowalska. Em seu Di\u00e1rio, ela recorda os acontecimentos de 1\u00ba de janeiro de 1935, como segue:<\/p>\n<p style=\"text-align: justify;\"><em>Quando chegamos ao refeit\u00f3rio para o caf\u00e9 da manh\u00e3, depois de nos despedirmos, come\u00e7ou o sorteio dos padroeiros. Quando me aproximei das fotos nas quais os santos patronos est\u00e3o escritos, eu as tirei sem pensar, mas sem l\u00ea-las imediatamente, quis me mortificar por alguns minutos. Depois ou\u00e7o uma voz em minha alma: Eu sou seu santo padroeiro, leia. Naquele momento eu olhei para a inscri\u00e7\u00e3o e li: Padroeiro do ano de 1935 \u2013 a Sant\u00edssima Eucaristia. Meu cora\u00e7\u00e3o tremiu de alegria (Atos 360).<\/em><\/p>\n<div class=\"nativo-inread\" style=\"text-align: justify;\"><\/div>\n<p style=\"text-align: justify;\">Todos os anos Santa Faustina estava convencida da grande ajuda de sua padroeira e de sua intercess\u00e3o no c\u00e9u. E voc\u00ea? Voc\u00ea confiar\u00e1 suas inten\u00e7\u00f5es ao seu santo padroeiro este ano?<\/p>\n<div class=\"is-content-justification-center is-layout-flex wp-container-2 wp-block-buttons\" style=\"text-align: justify;\">\n<div class=\"wp-block-button has-custom-width wp-block-button__width-50\"><a class=\"wp-block-button__link has-white-color has-luminous-vivid-amber-background-color has-text-color has-background wp-element-button\" href=\"https:\/\/form.jotform.com\/223424225019346\" target=\"_blank\" rel=\"noreferrer noopener\"><strong>Conhe\u00e7a o seu santo padroeiro de 2023<\/strong><\/a><\/div>\n<\/div>\n<p style=\"text-align: justify;\">\n<p style=\"text-align: justify;\">Basta preencher o formul\u00e1rio acima para descobrir quem ser\u00e1 seu intercessor junto a Deus este ano.<\/p>\n","protected":false},"excerpt":{"rendered":"<p>Comece o Ano Novo com um santo padroeiro que ser\u00e1 seu intercessor junto a Deus e seu apoio em tempos dif\u00edceis. Santa Irm\u00e3 Faustina fazia isso todos os anos! Achegada do Ano Novo \u00e9, para muitos de n\u00f3s, um tempo para fazer um balan\u00e7o, tomar resolu\u00e7\u00f5es e estabelecer novas metas. No entanto, acontece com frequ\u00eancia [&hellip;]<\/p>\n","protected":false},"author":1,"featured_media":78116,"comment_status":"open","ping_status":"closed","sticky":false,"template":"","format":"standard","meta":{"footnotes":""},"categories":[4],"tags":[],"class_list":["post-78115","post","type-post","status-publish","format-standard","has-post-thumbnail","hentry","category-cotidiano"],"_links":{"self":[{"href":"https:\/\/catolicanet.net\/wp-cnet\/wp-json\/wp\/v2\/posts\/78115","targetHints":{"allow":["GET"]}}],"collection":[{"href":"https:\/\/catolicanet.net\/wp-cnet\/wp-json\/wp\/v2\/posts"}],"about":[{"href":"https:\/\/catolicanet.net\/wp-cnet\/wp-json\/wp\/v2\/types\/post"}],"author":[{"embeddable":true,"href":"https:\/\/catolicanet.net\/wp-cnet\/wp-json\/wp\/v2\/users\/1"}],"replies":[{"embeddable":true,"href":"https:\/\/catolicanet.net\/wp-cnet\/wp-json\/wp\/v2\/comments?post=78115"}],"version-history":[{"count":1,"href":"https:\/\/catolicanet.net\/wp-cnet\/wp-json\/wp\/v2\/posts\/78115\/revisions"}],"predecessor-version":[{"id":78117,"href":"https:\/\/catolicanet.net\/wp-cnet\/wp-json\/wp\/v2\/posts\/78115\/revisions\/78117"}],"wp:featuredmedia":[{"embeddable":true,"href":"https:\/\/catolicanet.net\/wp-cnet\/wp-json\/wp\/v2\/media\/78116"}],"wp:attachment":[{"href":"https:\/\/catolicanet.net\/wp-cnet\/wp-json\/wp\/v2\/media?parent=78115"}],"wp:term":[{"taxonomy":"category","embeddable":true,"href":"https:\/\/catolicanet.net\/wp-cnet\/wp-json\/wp\/v2\/categories?post=78115"},{"taxonomy":"post_tag","embeddable":true,"href":"https:\/\/catolicanet.net\/wp-cnet\/wp-json\/wp\/v2\/tags?post=78115"}],"curies":[{"name":"wp","href":"https:\/\/api.w.org\/{rel}","templated":true}]}}