{"id":78099,"date":"2022-12-19T09:24:51","date_gmt":"2022-12-19T12:24:51","guid":{"rendered":"https:\/\/catolicanet.net\/wp-cnet\/?p=78099"},"modified":"2022-12-19T12:28:14","modified_gmt":"2022-12-19T15:28:14","slug":"com-o-tema-educar-para-a-democracia-foi-lancada-a-segunda-edicao-da-revista-meb-de-educacao-popular","status":"publish","type":"post","link":"https:\/\/catolicanet.net\/wp-cnet\/com-o-tema-educar-para-a-democracia-foi-lancada-a-segunda-edicao-da-revista-meb-de-educacao-popular\/","title":{"rendered":"COM O TEMA \u201cEDUCAR PARA A DEMOCRACIA\u201d, FOI LAN\u00c7ADA A SEGUNDA EDI\u00c7\u00c3O DA REVISTA MEB DE EDUCA\u00c7\u00c3O POPULAR"},"content":{"rendered":"<p style=\"text-align: justify;\">O Movimento de Educa\u00e7\u00e3o de Base (MEB), organismo vinculado \u00e0 Confer\u00eancia Nacional dos Bispos do Brasil (CNBB), lan\u00e7ou a segunda edi\u00e7\u00e3o da Revista MEB de Educa\u00e7\u00e3o Popular. A publica\u00e7\u00e3o anual tem como tema para este ano \u201cEducar para a Democracia\u201d.<\/p>\n<p style=\"text-align: justify;\">Em<a href=\"https:\/\/www.vaticannews.va\/pt\/mundo\/news\/2022-12\/versao-eletronica-revista-meb-educacao.html\" target=\"_blank\" rel=\"noopener\">\u00a0entrevista para o portal Vatican News<\/a>, a assessora pedag\u00f3gica do MEB e editora executiva da revista, irm\u00e3 Claudia Chesini, explicou que o objetivo dessa segunda edi\u00e7\u00e3o \u00e9 refletir sobre o papel fundamental da educa\u00e7\u00e3o no estabelecimento e fortalecimento de uma sociedade democr\u00e1tica.<\/p>\n<p style=\"text-align: justify;\">\u201cEm um tempo caracterizado pela vis\u00e3o dicot\u00f4mica da realidade, onde apenas distinguimos a cor preta da cor branca, sem dar aten\u00e7\u00e3o a exist\u00eancia da cor cinza e de seus diversos tons, fazer o exerc\u00edcio da reflex\u00e3o sobre esta situa\u00e7\u00e3o, especialmente sob o enfoque da democracia, \u00e9 de fundamental import\u00e2ncia para o Movimento de Educa\u00e7\u00e3o de Base\u201d, destaca.<\/p>\n<p style=\"text-align: justify;\">A religiosa tamb\u00e9m explica que essa reflex\u00e3o n\u00e3o observa a democracia concebida como forma de governo, mas da participa\u00e7\u00e3o ativa dos cidad\u00e3os na vida p\u00fablica e social, tendo em vista o aperfei\u00e7oamento da conviv\u00eancia harm\u00f4nica entre as pessoas e entre os grupos sociais e a cria\u00e7\u00e3o de condi\u00e7\u00f5es de bem-estar social.<\/p>\n<blockquote><p>\u201cA educa\u00e7\u00e3o para a democracia \u00e9 de responsabilidade da sociedade, especialmente das institui\u00e7\u00f5es de ensino. N\u00e3o somente das escolas formais e das universidades, mas tamb\u00e9m a educa\u00e7\u00e3o popular que ao longo de sua exist\u00eancia tem demostrado seu compromisso. O MEB recebeu esta heran\u00e7a dos seus fundadores e das gera\u00e7\u00f5es seguintes e continua contribuindo com a democracia em nosso pa\u00eds\u201d, partilha irm\u00e3 Cl\u00e1udia.<\/p><\/blockquote>\n<h3 style=\"text-align: justify;\">A publica\u00e7\u00e3o<\/h3>\n<p style=\"text-align: justify;\"><img loading=\"lazy\" decoding=\"async\" class=\" wp-image-935145 alignleft\" src=\"https:\/\/eadn-wc02-718006.nxedge.io\/cdn\/wp-content\/uploads\/2022\/12\/revista-meb-educacao-popular-2022-capa.jpg\" sizes=\"auto, (max-width: 228px) 100vw, 228px\" srcset=\"https:\/\/eadn-wc02-718006.nxedge.io\/cdn\/wp-content\/uploads\/2022\/12\/revista-meb-educacao-popular-2022-capa.jpg 394w, https:\/\/eadn-wc02-718006.nxedge.io\/cdn\/wp-content\/uploads\/2022\/12\/revista-meb-educacao-popular-2022-capa-211x300.jpg 211w\" alt=\"\" width=\"228\" height=\"324\" \/>A revista MEB de Educa\u00e7\u00e3o Popular \u00e9 um peri\u00f3dico eletr\u00f4nico anual do MOVIMENTO DE EDUCA\u00c7\u00c3O DE BASE \u2013 MEB e teve sua primeira publica\u00e7\u00e3o em setembro de 2021. Foi constru\u00edda dentro do processo de educa\u00e7\u00e3o popular, com a contribui\u00e7\u00e3o de pessoas que ao longo dos 60 anos do MEB trabalharam no movimento.<\/p>\n<p style=\"text-align: justify;\">Seu conte\u00fado \u00e9 constitu\u00eddo de artigos in\u00e9ditos, resultantes de pesquisas cient\u00edficas ou de revis\u00e3o, resenhas, depoimentos e entrevistas. O objetivo \u00e9 divulgar pesquisas e estudos vinculados ao campo da educa\u00e7\u00e3o popular, desenvolvidos por pesquisadores e educadores populares, bem como implementar um canal de di\u00e1logo com pessoas que compreendem a contribui\u00e7\u00e3o desta pr\u00e1tica educativa para a educa\u00e7\u00e3o brasileira.<\/p>\n<p style=\"text-align: justify;\">O peri\u00f3dico \u00e9 oferecido na vers\u00e3o digital e sem custos, \u201cseguindo o princ\u00edpio de que disponibilizar gratuitamente o conhecimento cient\u00edfico ao p\u00fablico proporciona maior democratiza\u00e7\u00e3o do conhecimento\u201d.<\/p>\n<p style=\"text-align: justify;\"><a href=\"https:\/\/www.meb.org.br\/edicao-atual\/\" target=\"_blank\" rel=\"noopener\">Para baixar, acesse a p\u00e1gina do MEB<\/a><\/p>\n","protected":false},"excerpt":{"rendered":"<p>O Movimento de Educa\u00e7\u00e3o de Base (MEB), organismo vinculado \u00e0 Confer\u00eancia Nacional dos Bispos do Brasil (CNBB), lan\u00e7ou a segunda edi\u00e7\u00e3o da Revista MEB de Educa\u00e7\u00e3o Popular. A publica\u00e7\u00e3o anual tem como tema para este ano \u201cEducar para a Democracia\u201d. Em\u00a0entrevista para o portal Vatican News, a assessora pedag\u00f3gica do MEB e editora executiva da [&hellip;]<\/p>\n","protected":false},"author":1,"featured_media":78104,"comment_status":"open","ping_status":"closed","sticky":false,"template":"","format":"standard","meta":{"footnotes":""},"categories":[7],"tags":[],"class_list":["post-78099","post","type-post","status-publish","format-standard","has-post-thumbnail","hentry","category-cnbb"],"_links":{"self":[{"href":"https:\/\/catolicanet.net\/wp-cnet\/wp-json\/wp\/v2\/posts\/78099","targetHints":{"allow":["GET"]}}],"collection":[{"href":"https:\/\/catolicanet.net\/wp-cnet\/wp-json\/wp\/v2\/posts"}],"about":[{"href":"https:\/\/catolicanet.net\/wp-cnet\/wp-json\/wp\/v2\/types\/post"}],"author":[{"embeddable":true,"href":"https:\/\/catolicanet.net\/wp-cnet\/wp-json\/wp\/v2\/users\/1"}],"replies":[{"embeddable":true,"href":"https:\/\/catolicanet.net\/wp-cnet\/wp-json\/wp\/v2\/comments?post=78099"}],"version-history":[{"count":2,"href":"https:\/\/catolicanet.net\/wp-cnet\/wp-json\/wp\/v2\/posts\/78099\/revisions"}],"predecessor-version":[{"id":78102,"href":"https:\/\/catolicanet.net\/wp-cnet\/wp-json\/wp\/v2\/posts\/78099\/revisions\/78102"}],"wp:featuredmedia":[{"embeddable":true,"href":"https:\/\/catolicanet.net\/wp-cnet\/wp-json\/wp\/v2\/media\/78104"}],"wp:attachment":[{"href":"https:\/\/catolicanet.net\/wp-cnet\/wp-json\/wp\/v2\/media?parent=78099"}],"wp:term":[{"taxonomy":"category","embeddable":true,"href":"https:\/\/catolicanet.net\/wp-cnet\/wp-json\/wp\/v2\/categories?post=78099"},{"taxonomy":"post_tag","embeddable":true,"href":"https:\/\/catolicanet.net\/wp-cnet\/wp-json\/wp\/v2\/tags?post=78099"}],"curies":[{"name":"wp","href":"https:\/\/api.w.org\/{rel}","templated":true}]}}