{"id":78082,"date":"2022-12-19T08:36:12","date_gmt":"2022-12-19T11:36:12","guid":{"rendered":"https:\/\/catolicanet.net\/wp-cnet\/?p=78082"},"modified":"2022-12-19T11:37:29","modified_gmt":"2022-12-19T14:37:29","slug":"o-papa-assinei-a-minha-renuncia-em-caso-de-impedimento-medico","status":"publish","type":"post","link":"https:\/\/catolicanet.net\/wp-cnet\/o-papa-assinei-a-minha-renuncia-em-caso-de-impedimento-medico\/","title":{"rendered":"O Papa: &#8220;assinei a minha ren\u00fancia em caso de impedimento m\u00e9dico&#8221;"},"content":{"rendered":"<figure class=\"article__image\"><span class=\"didascalia_img\">Papa Francisco durante a entrevista ao jornal espanhol ABC\u00a0<\/span><\/figure>\n<div class=\"article__meta \" data-mediatype=\"\">\n<div class=\"article__subTitle\" style=\"text-align: justify;\">Em entrevista ao di\u00e1rio espanhol ABC, Francisco revela que, no in\u00edcio de seu pontificado, entregou ao ent\u00e3o secret\u00e1rio de Estado Bertone uma carta na qual declara de renunciar no caso de impedimentos graves e permanentes ligados \u00e0 sa\u00fade que o impossibilitassem de exercer seu papel de bispo de Roma e pastor da Igreja universal. Paulo VI tinha feito o mesmo.<\/div>\n<div class=\"title__separator\" style=\"text-align: justify;\"><\/div>\n<div class=\"article__text \">\n<p style=\"text-align: justify;\"><b>Salvatore Cernuzio &#8211; Vatican News<\/b><\/p>\n<p style=\"text-align: justify;\">Quase dez anos atr\u00e1s, no in\u00edcio de seu pontificado em 2013 (era ent\u00e3o secret\u00e1rio de Estado o cardeal Tarcisio Bertone), o Papa Francisco entregou uma carta de ren\u00fancia &#8220;em caso de impedimento por raz\u00f5es m\u00e9dicas&#8221;. A revelar esta decis\u00e3o, que Paulo VI j\u00e1 havia tomado, \u00e9 o pr\u00f3prio Papa Francisco na ampla entrevista concedida ao jornal espanhol ABC, que neste s\u00e1bado divulgou uma breve antecipa\u00e7\u00e3o. O Papa, em conversa com o editor Juli\u00e1n Quir\u00f3s e o correspondente no Vaticano, Javier Mart\u00ednez-Brocal, aborda numerosos t\u00f3picos sobre os acontecimentos atuais na Igreja e no mundo. Estes incluem a guerra na Ucr\u00e2nia, da qual o Pont\u00edfice diz n\u00e3o ver &#8220;um fim a curto prazo porque \u00e9 uma guerra mundial&#8221;, depois os casos de abusos, o papel das mulheres na C\u00faria Romana, Lula e Catalunha, a ren\u00fancia de Bento XVI em 2013 e sua eventual ren\u00fancia.<\/p>\n<h2 style=\"text-align: justify;\">A carta de ren\u00fancia<\/h2>\n<p style=\"text-align: justify;\">Sobre este assunto, o Papa revela a exist\u00eancia desta carta. &#8220;Eu j\u00e1 assinei a minha ren\u00fancia. Foi quando Tarcisio Bertone era secret\u00e1rio de Estado. Assinei a ren\u00fancia e lhe disse: &#8220;em caso de impedimento m\u00e9dico ou o que quer que seja, aqui est\u00e1 a minha ren\u00fancia&#8221;. O senhor a tem&#8221;. N\u00e3o sei a quem Bertone deu, mas eu dei a ele quando ele era secret\u00e1rio de Estado&#8221;. &#8220;O senhor quer que isto seja conhecido?&#8221; perguntam os dois entrevistadores. &#8220;\u00c9 por isso que estou lhes dizendo&#8221;, responde Francisco, lembrando que Paulo VI tamb\u00e9m deixou sua demiss\u00e3o por escrito no caso de um impedimento e que provavelmente Pio XII tamb\u00e9m o tenha feito. &#8220;Esta \u00e9 a primeira vez que digo isto&#8221;, acrescenta o Pont\u00edfice. &#8220;Agora talvez algu\u00e9m vai e pergunte a Bertone: &#8216;D\u00ea-me essa carta&#8217;&#8230;. (Risos). Certamente ele o ter\u00e1 dado ao novo secret\u00e1rio de Estado. Eu entreguei a ele enquanto secret\u00e1rio de Estado\u201d.<\/p>\n<div style=\"text-align: justify;\">\n<div class=\"article__embed article__embed--unwrap article__embed--photo\">\n<figure><picture><img decoding=\"async\" class=\"loaded\" src=\"https:\/\/www.vaticannews.va\/content\/dam\/vaticannews\/multimedia\/2022\/12\/18\/FkPklynXEAI8q7U.jpg\/_jcr_content\/renditions\/cq5dam.thumbnail.cropped.750.422.jpeg\" alt=\"Papa Francisco durante a entrevista ao jornal espanhol ABC\" data-original=\"\/content\/dam\/vaticannews\/multimedia\/2022\/12\/18\/FkPklynXEAI8q7U.jpg\/_jcr_content\/renditions\/cq5dam.thumbnail.cropped.750.422.jpeg\" data-was-processed=\"true\" \/><\/picture><\/figure>\n<div class=\"photo_embed--Title\">Papa Francisco durante a entrevista ao jornal espanhol ABC<\/div>\n<\/div>\n<\/div>\n<h2 style=\"text-align: justify;\">A guerra na Ucr\u00e2nia: uma enorme crueldade<\/h2>\n<p style=\"text-align: justify;\">Naturalmente, \u00e0 entrevista n\u00e3o falta uma reflex\u00e3o sobre o conflito em curso na Ucr\u00e2nia, contra o qual o Papa j\u00e1 se pronunciou mais de cem vezes. Tamb\u00e9m na entrevista ao jornal ABC ele afirma sem meios termos: &#8220;o que est\u00e1 acontecendo na Ucr\u00e2nia \u00e9 aterrorizante. H\u00e1 uma enorme crueldade. \u00c9 muito s\u00e9rio&#8230;&#8221;. Para Francisco n\u00e3o se v\u00ea &#8220;um fim a curto prazo&#8221;. &#8220;Trata-se\u201d, diz ele, &#8220;de uma guerra mundial. N\u00e3o nos esque\u00e7amos disso. J\u00e1 h\u00e1 v\u00e1rias m\u00e3os envolvidas na guerra. \u00c9 global. Penso que uma guerra \u00e9 travada quando um imp\u00e9rio come\u00e7a a se enfraquecer, e quando h\u00e1 armas para usar, vender e testar. Parece-me que h\u00e1 muitos interesses envolvidos&#8221;. O Pont\u00edfice \u00e9 lembrado que j\u00e1 falou mais de cem vezes contra a guerra: &#8220;Eu fa\u00e7o o que posso. Eles n\u00e3o ouvem&#8221;, responde. E acrescenta: &#8220;O que est\u00e1 acontecendo na Ucr\u00e2nia \u00e9 aterrorizante&#8221;. H\u00e1 uma enorme crueldade. \u00c9 muito s\u00e9rio. E isto \u00e9 o que eu denuncio continuamente&#8221;. O Papa confirma que recebe e escuta a todos: &#8220;agora Volodymir Zelensky me enviou um de seus conselheiros religiosos pela terceira vez. Eu estou em contato, eu recebo, eu ajudo&#8230;&#8221;.<\/p>\n<div style=\"text-align: justify;\">\n<div class=\"article__embed article__embed--unwrap article__embed--photo\">\n<figure><picture><img decoding=\"async\" class=\"loaded\" src=\"https:\/\/www.vaticannews.va\/content\/dam\/vaticannews\/cem\/2022\/cem-francofono\/papa-copertina-ABC.jpg\/_jcr_content\/renditions\/cq5dam.thumbnail.cropped.750.422.jpeg\" alt=\"Jornal ABC com a entrevista feita ao Papa\" data-original=\"\/content\/dam\/vaticannews\/cem\/2022\/cem-francofono\/papa-copertina-ABC.jpg\/_jcr_content\/renditions\/cq5dam.thumbnail.cropped.750.422.jpeg\" data-was-processed=\"true\" \/><\/picture><\/figure>\n<div class=\"photo_embed--Title\">Jornal ABC com a entrevista feita ao Papa<\/div>\n<\/div>\n<\/div>\n<h2 style=\"text-align: justify;\">A diplomacia do Vaticano: sua arma \u00e9 o di\u00e1logo<\/h2>\n<p style=\"text-align: justify;\">O trabalho do Papa se move em sincronia com o trabalho diplom\u00e1tico da Santa S\u00e9. A este respeito, os entrevistadores perguntam por que o Vaticano \u00e9 t\u00e3o cauteloso ao falar contra regimes totalit\u00e1rios como o de Ortega na Nicar\u00e1gua ou o de Maduro na Venezuela. &#8220;A Santa S\u00e9 sempre procura salvar os povos. Sua arma \u00e9 o di\u00e1logo e a diplomacia&#8221;, responde o Papa Francisco. &#8220;A Santa S\u00e9 nunca sai por conta pr\u00f3pria. \u00c9 expulsa. Ela sempre procura salvar as rela\u00e7\u00f5es diplom\u00e1ticas e salvar o que pode ser salvo com paci\u00eancia e di\u00e1logo&#8221;.<\/p>\n<h2 style=\"text-align: justify;\">Abusos: &#8220;Um \u00fanico caso \u00e9 monstruoso&#8221;<\/h2>\n<p style=\"text-align: justify;\">Nenhuma diplomacia, por\u00e9m, por parte do Papa para estigmatizar casos de abusos do clero: &#8220;\u00e9 muito doloroso, muito doloroso&#8221;, diz ele em refer\u00eancia aos encontros com as v\u00edtimas que pontilharam seu pontificado. &#8220;Estas s\u00e3o pessoas que foram destru\u00eddas por aqueles que deveriam t\u00ea-las ajudado a amadurecer e crescer. Isto \u00e9 muito dif\u00edcil. Mesmo que fosse apenas um caso, \u00e9 monstruoso que a pessoa que deveria lev\u00e1-la a Deus a destrua ao longo do caminho. E nenhuma negocia\u00e7\u00e3o \u00e9 poss\u00edvel sobre isso\u201d.<\/p>\n<h2 style=\"text-align: justify;\">O papel das mulheres<\/h2>\n<p style=\"text-align: justify;\">O foco da entrevista com o jornal ABC muda para temas de natureza mais &#8220;eclesial&#8221;, come\u00e7ando com um poss\u00edvel papel de \u00e1pice para uma mulher na C\u00faria Romana. &#8220;Haver\u00e1&#8221;, assegura Francisco. &#8220;Tenho em mente uma para um Dicast\u00e9rio que ficar\u00e1 vago dentro de dois anos. N\u00e3o h\u00e1 obst\u00e1culo para uma mulher liderar um Dicast\u00e9rio onde um leigo possa ser prefeito&#8221;. &#8220;Se for um Dicast\u00e9rio de natureza sacramental, deve ser presidido por um sacerdote ou um bispo&#8221;, esclarece o Papa.<\/p>\n<h2 style=\"text-align: justify;\">Os futuros Conclaves<\/h2>\n<p style=\"text-align: justify;\">Ele ent\u00e3o amortece as pol\u00eamicas de que os trabalhos dos futuros Conclaves poderiam ser dificultados pela falta de conhecimento entre os cardeais que ele criou, que v\u00eam todos de lugares diferentes e distantes. \u00c9 verdade, poderia haver problemas &#8220;do ponto de vista humano&#8221;, mas &#8220;\u00e9 o Esp\u00edrito Santo que trabalha no Conclave&#8221;, explica o Papa. E ele lembra a proposta de um cardeal alem\u00e3o nos encontros de agosto sobre a\u00a0<i>Praedicate Evangelium<\/i> &#8220;que na elei\u00e7\u00e3o do novo Papa s\u00f3 participem os cardeais que vivem em Roma&#8221;. &#8220;\u00c9 esta a universalidade da Igreja?&#8221;, pergunta-se o bispo de Roma.<\/p>\n<div style=\"text-align: justify;\">\n<div class=\"article__embed article__embed--unwrap article__embed--photo\">\n<figure><picture><img decoding=\"async\" class=\"loaded\" src=\"https:\/\/www.vaticannews.va\/content\/dam\/vaticannews\/multimedia\/2020\/11\/28\/281120_10.jpg\/_jcr_content\/renditions\/cq5dam.thumbnail.cropped.750.422.jpeg\" alt=\"Papa Francisco com o Papa em\u00e9rito Bento XVI\" data-original=\"\/content\/dam\/vaticannews\/multimedia\/2020\/11\/28\/281120_10.jpg\/_jcr_content\/renditions\/cq5dam.thumbnail.cropped.750.422.jpeg\" data-was-processed=\"true\" \/><\/picture><\/figure>\n<div class=\"photo_embed--Title\">Papa Francisco com o Papa em\u00e9rito Bento XVI<\/div>\n<\/div>\n<\/div>\n<h2 style=\"text-align: justify;\">Bento XVI: um santo, um grande homem<\/h2>\n<p style=\"text-align: justify;\">Ele ent\u00e3o volta ao assunto de sua rela\u00e7\u00e3o com seu predecessor Bento XVI, &#8220;um santo&#8221; e &#8220;um homem de alta vida espiritual&#8221;, como o Papa reinante o descreve, revelando que ele o visita com frequ\u00eancia e sempre se sente &#8220;edificado&#8221; por seu olhar transparente. &#8220;Ele tem um bom senso de humor, est\u00e1 l\u00facido, muito vivo, fala suavemente, mas segue a conversa. Admiro sua lucidez. Ele \u00e9 um grande homem&#8221;. O Papa Francisco, por outro lado, diz n\u00e3o ter inten\u00e7\u00e3o de definir o status jur\u00eddico do Papa em\u00e9rito: \u201ctenho a sensa\u00e7\u00e3o de que o Esp\u00edrito Santo n\u00e3o tem interesse em que eu me ocupe dessas coisas\u201d.<\/p>\n<h2 style=\"text-align: justify;\">A Igreja na Alemanha<\/h2>\n<p style=\"text-align: justify;\">Sobre a Igreja na Alemanha, lidando com o processo sinodal que tinha despertado e ainda desperta v\u00e1rias rea\u00e7\u00f5es, inclusive negativas, Francisco recorda a carta &#8220;muito clara&#8221; que escreveu em junho de 2019: &#8220;Eu a escrevi sozinho. Levei um m\u00eas. Era uma carta como que para dizer: &#8220;Irm\u00e3os, reflitam sobre isto&#8221;.<\/p>\n<h2 style=\"text-align: justify;\">A quest\u00e3o da Catalunha<\/h2>\n<p style=\"text-align: justify;\"><i>En passant<\/i>\u00a0Papa Bergoglio explica na entrevista que uma viagem a Marselha para o Encontro Mediterr\u00e2neo est\u00e1 nos planos, especificando que n\u00e3o \u00e9, no entanto, uma viagem \u00e0 Fran\u00e7a e que a prioridadedas suas viagens apost\u00f3licas \u00e9 visitar os pa\u00edses menores da Europa. Perguntado sobre a quest\u00e3o da Catalunha, o Papa disse que &#8220;cada pa\u00eds deve encontrar seu pr\u00f3prio caminho hist\u00f3rico para resolver estes problemas&#8221;. N\u00e3o h\u00e1 uma solu\u00e7\u00e3o \u00fanica&#8221;. Ele ent\u00e3o cita o caso da Maced\u00f4nia do Norte ou do Alto Adige, na It\u00e1lia, com seu pr\u00f3prio status. Quanto ao papel que a Igreja deve manter neste assunto, enfatiza: &#8220;o que a Igreja n\u00e3o pode fazer \u00e9 fazer propaganda para um ou outro lado, mas sim acompanhar o povo para que ele possa encontrar uma solu\u00e7\u00e3o definitiva&#8221;. Na mesma linha, o Papa reitera isso: &#8220;quando um sacerdote se intromete na pol\u00edtica, n\u00e3o \u00e9 bom&#8230;. O padre \u00e9 um pastor. Ele deve ajudar as pessoas a fazerem boas escolhas. Acompanh\u00e1-las. Mas n\u00e3o ser um pol\u00edtico. Se voc\u00ea quer fazer pol\u00edtica, deixe o sacerd\u00f3cio e se torne um pol\u00edtico&#8221;.<\/p>\n<h2 style=\"text-align: justify;\">Reler a hist\u00f3ria com a hermen\u00eautica do tempo<\/h2>\n<p style=\"text-align: justify;\">A uma pergunta sobre a releitura negativa do descobrimento da Am\u00e9rica, Francisco nos convida a interpretar um acontecimento hist\u00f3rico com a hermen\u00eautica do tempo e n\u00e3o do momento atual. &#8220;\u00c9 \u00f3bvio que pessoas foram mortas l\u00e1&#8221;, diz ele, &#8220;\u00e9 \u00f3bvio que houve explora\u00e7\u00e3o, mas os \u00edndios tamb\u00e9m se mataram uns aos outros&#8221;. A atmosfera de guerra n\u00e3o foi exportada pelos espanh\u00f3is. E a conquista pertencia a todos. Fa\u00e7o a distin\u00e7\u00e3o entre coloniza\u00e7\u00e3o e conquista. Eu n\u00e3o gosto de dizer que a Espanha simplesmente &#8220;conquistou&#8221;. \u00c9 discut\u00edvel, quanto quiserem, mas colonizou&#8221;.<\/p>\n<h2 style=\"text-align: justify;\">O &#8220;caso Lula<\/h2>\n<p style=\"text-align: justify;\">Outro caso &#8220;paradigm\u00e1tico&#8221; que chamou a aten\u00e7\u00e3o do Papa \u00e9 o do rec\u00e9m-eleito presidente do Brasil, In\u00e1cio Lula. Paradigm\u00e1tico porque o julgamento do l\u00edder pol\u00edtico &#8211; condenado por corrup\u00e7\u00e3o passiva, durante 580 dias na pris\u00e3o, impedido de concorrer nas elei\u00e7\u00f5es presidenciais de 2018, at\u00e9 2021, quando a Suprema Corte anulou todas as senten\u00e7as &#8211; come\u00e7ou com &#8220;fake news&#8221;. Estas, diz o Papa, &#8220;criaram uma atmosfera que favoreceram seu julgamento&#8230;. O problema das not\u00edcias falsas sobre l\u00edderes pol\u00edticos e sociais \u00e9 muito s\u00e9rio. Elas podem destruir uma pessoa&#8221;. No caso espec\u00edfico de Lula, segundo o Papa Francisco, n\u00e3o foi &#8220;um julgamento \u00e0 altura&#8221;. &#8220;Cuidado&#8221;, adverte, &#8220;com aqueles que criam a atmosfera para um julgamento, seja ele qual for. Eles fazem isso atrav\u00e9s da m\u00eddia de forma a influenciar aqueles que devem julgar e decidir. Um julgamento deve ser o mais limpo poss\u00edvel, com tribunais de primeira classe que n\u00e3o tenham outro interesse que manter limpa a justi\u00e7a&#8221;.<\/p>\n<h2 style=\"text-align: justify;\">O Motu Proprio sobre o Opus Dei<\/h2>\n<p style=\"text-align: justify;\">Finalmente, uma men\u00e7\u00e3o ao Motu Proprio\u00a0<i>Ad Charisma tuendum<\/i>\u00a0do m\u00eas de julho passado sobre o Opus Dei. &#8220;Alguns&#8221;, comenta o Papa Francisco, &#8220;disseram: &#8216;Finalmente o Papa bateu no Opus Dei&#8230;! Eu n\u00e3o bati em ningu\u00e9m. E outros, em vez disso, disseram: &#8220;Ah, o Papa est\u00e1 nos invadindo! Nada disso. A medida \u00e9 uma recoloca\u00e7\u00e3o que teve que ser resolvida. N\u00e3o \u00e9 correto exagerar, nem os fazer v\u00edtimas, nem os culpar por terem recebido uma puni\u00e7\u00e3o. Por favor. Sou um grande amigo do Opus Dei, amo muito o povo do Opus Dei e eles trabalham bem na Igreja. O bem que eles fazem \u00e9 muito grande&#8221;.<\/p>\n<\/div>\n<\/div>\n","protected":false},"excerpt":{"rendered":"<p>Papa Francisco durante a entrevista ao jornal espanhol ABC\u00a0 Em entrevista ao di\u00e1rio espanhol ABC, Francisco revela que, no in\u00edcio de seu pontificado, entregou ao ent\u00e3o secret\u00e1rio de Estado Bertone uma carta na qual declara de renunciar no caso de impedimentos graves e permanentes ligados \u00e0 sa\u00fade que o impossibilitassem de exercer seu papel de [&hellip;]<\/p>\n","protected":false},"author":1,"featured_media":78083,"comment_status":"open","ping_status":"closed","sticky":false,"template":"","format":"standard","meta":{"footnotes":""},"categories":[3],"tags":[],"class_list":["post-78082","post","type-post","status-publish","format-standard","has-post-thumbnail","hentry","category-vaticano"],"_links":{"self":[{"href":"https:\/\/catolicanet.net\/wp-cnet\/wp-json\/wp\/v2\/posts\/78082","targetHints":{"allow":["GET"]}}],"collection":[{"href":"https:\/\/catolicanet.net\/wp-cnet\/wp-json\/wp\/v2\/posts"}],"about":[{"href":"https:\/\/catolicanet.net\/wp-cnet\/wp-json\/wp\/v2\/types\/post"}],"author":[{"embeddable":true,"href":"https:\/\/catolicanet.net\/wp-cnet\/wp-json\/wp\/v2\/users\/1"}],"replies":[{"embeddable":true,"href":"https:\/\/catolicanet.net\/wp-cnet\/wp-json\/wp\/v2\/comments?post=78082"}],"version-history":[{"count":2,"href":"https:\/\/catolicanet.net\/wp-cnet\/wp-json\/wp\/v2\/posts\/78082\/revisions"}],"predecessor-version":[{"id":78086,"href":"https:\/\/catolicanet.net\/wp-cnet\/wp-json\/wp\/v2\/posts\/78082\/revisions\/78086"}],"wp:featuredmedia":[{"embeddable":true,"href":"https:\/\/catolicanet.net\/wp-cnet\/wp-json\/wp\/v2\/media\/78083"}],"wp:attachment":[{"href":"https:\/\/catolicanet.net\/wp-cnet\/wp-json\/wp\/v2\/media?parent=78082"}],"wp:term":[{"taxonomy":"category","embeddable":true,"href":"https:\/\/catolicanet.net\/wp-cnet\/wp-json\/wp\/v2\/categories?post=78082"},{"taxonomy":"post_tag","embeddable":true,"href":"https:\/\/catolicanet.net\/wp-cnet\/wp-json\/wp\/v2\/tags?post=78082"}],"curies":[{"name":"wp","href":"https:\/\/api.w.org\/{rel}","templated":true}]}}