{"id":78066,"date":"2022-12-15T13:32:46","date_gmt":"2022-12-15T16:32:46","guid":{"rendered":"https:\/\/catolicanet.net\/wp-cnet\/?p=78066"},"modified":"2022-12-15T13:32:46","modified_gmt":"2022-12-15T16:32:46","slug":"a-origem-de-jesus","status":"publish","type":"post","link":"https:\/\/catolicanet.net\/wp-cnet\/a-origem-de-jesus\/","title":{"rendered":"A origem de Jesus"},"content":{"rendered":"<p style=\"text-align: justify;\">\u00a0\u00a0\u00a0\u00a0\u00a0\u00a0\u00a0\u00a0\u00a0\u00a0\u00a0 O natal est\u00e1 se aproximando e o quarto domingo do Advento ajuda a meditar sobre a origem de Jesus, como chegou a n\u00f3s e quem colaborou nestes fatos. O personagem central sem d\u00favida \u00e9 Jesus, mas tamb\u00e9m \u00e9 preciso destacar as pessoas que se colocaram \u00e0 disposi\u00e7\u00e3o de Deus para realizar o seu plano de salva\u00e7\u00e3o.<\/p>\n<p style=\"text-align: justify;\">\u00a0O evangelista Mateus narra o an\u00fancio do nascimento de Jesus a Jos\u00e9, enquanto Lucas refere o an\u00fancio a Maria. S\u00e3o an\u00fancios que n\u00e3o s\u00e3o contradit\u00f3rios, mas alternativos ou, at\u00e9 mesmo, complementares. Neste domingo \u00e9 Mateus 1,28-24 que servir\u00e1 de fonte. A origem de Jesus \u00e9 situado dentro de uma genealogia e de uma vida familiar. Enquanto a genealogia insere Jesus no tecido hist\u00f3rico do seu povo, o ambiente familiar insere Jesus na primeira c\u00e9lula da sociedade. Esta fam\u00edlia nasce da livre aceita\u00e7\u00e3o de Maria e de Jos\u00e9 constitu\u00edrem um casal e, depois, aceitarem se inserir no misterioso plano de Deus.<\/p>\n<p style=\"text-align: justify;\">\u00a0\u00a0\u00a0\u00a0\u00a0\u00a0\u00a0\u00a0\u00a0\u00a0\u00a0 A narra\u00e7\u00e3o de Mateus coloca no in\u00edcio o nome de Jesus Cristo deixando claro que Ele \u00e9 o personagem central e vai direcionar a vida de Jos\u00e9 e Maria que, como planetas giram em torno do sol, refletindo a luz recebida. A narra\u00e7\u00e3o responde \u00e0 pergunta como se deu \u201ca origem de Jesus Cristo\u201d. Uma origem que difere da origem dos humanos, mas que est\u00e1 situado num ambiente humano, hist\u00f3rico, cultural e religioso.<\/p>\n<p style=\"text-align: justify;\">\u00a0\u00a0\u00a0\u00a0\u00a0\u00a0\u00a0\u00a0\u00a0\u00a0\u00a0 Diz Mateus que Maria estava prometida em casamento a Jos\u00e9. O casamento dos judeus, naquela \u00e9poca, acontecia em dois momentos distintos: o noivado, que durava um ano; seguido depois pelo casamento. O contrato era assinado j\u00e1 no primeiro momento, mas permaneciam morando na casa dos pais. Ap\u00f3s um ano era celebrado solenemente o matrim\u00f4nio com uma festa, que podia durar alguns dias. A partir deste dia o casal coabitava. A situa\u00e7\u00e3o matrimonial de Maria e Jos\u00e9 estava na primeira etapa.<\/p>\n<p style=\"text-align: justify;\">\u00a0\u00a0\u00a0\u00a0\u00a0\u00a0\u00a0\u00a0\u00a0\u00a0\u00a0 A Jos\u00e9 \u00e9 revelado que Maria estava \u201cgr\u00e1vida pela a\u00e7\u00e3o do Esp\u00edrito Santo\u201d. Uma gravidez sem a participa\u00e7\u00e3o masculina. Situa\u00e7\u00e3o que gera constrangimento, levanta questionamentos, incertezas e inquieta\u00e7\u00f5es. O anjo diz a Jos\u00e9: \u201cn\u00e3o tenhas medo de receber Maria como esposa, porque ela concebeu pela a\u00e7\u00e3o do Esp\u00edrito Santo. Ela dar\u00e1 \u00e0 luz um filho, e tu lhe dar\u00e1s o nome de Jesus, pois ele vai salvar o seu povo dos seus pecados\u201d.<\/p>\n<p style=\"text-align: justify;\">\u00a0\u00a0\u00a0\u00a0\u00a0\u00a0\u00a0\u00a0\u00a0\u00a0\u00a0 Continua Mateus narrando que Jos\u00e9 aceita receber Maria em sua casa. Aceita conscientemente sabendo da situa\u00e7\u00e3o formando a fam\u00edlia de Nazar\u00e9. Aos olhos dos outros, n\u00e3o percebem nada de extraordin\u00e1rio naquele casal e naquela situa\u00e7\u00e3o. Jos\u00e9 acolhe Maria e adota o filho de Maria que foi gerado misteriosamente pelo Esp\u00edrito Santo. Ao dar o nome ao menino, tamb\u00e9m revela a miss\u00e3o dele: \u201cEmanuel, que significa: Deus est\u00e1 conosco\u201d. A vida de Jos\u00e9 e de Maria foi determinada por Jesus. Eles modificam a sua situa\u00e7\u00e3o inicial e orientam a sua exist\u00eancia a partir de Jesus. Jos\u00e9 ser\u00e1 pai adotivo e Maria ser\u00e1 m\u00e3e e genitora.<\/p>\n<p style=\"text-align: justify;\">\u00a0\u00a0\u00a0\u00a0\u00a0\u00a0\u00a0\u00a0\u00a0\u00a0\u00a0 Os relatos b\u00edblicos da origem de Jesus Cristo revelam a sua natureza divina e humana: \u00e9 Filho de Deus e filho de Maria. Este acontecimento de salva\u00e7\u00e3o foi poss\u00edvel pela efetiva colabora\u00e7\u00e3o de Jos\u00e9 e Maria. Ambos foram envolvidos no plano misterioso de Deus e aderiram devido a f\u00e9. Deixaram-se conduzir pelas palavras a eles dirigidas mesmo que, humanamente, houvesse mais perguntas que certezas. Os sinais recebidos foram suficientes para convenc\u00ea-los e assim abrirem m\u00e3o dos seus projetos, sonhos e certezas que os manteriam somente no n\u00edvel humano. A f\u00e9 os fez ingressar nos caminhos misteriosos e luminosos de Deus.<\/p>\n","protected":false},"excerpt":{"rendered":"<p>\u00a0\u00a0\u00a0\u00a0\u00a0\u00a0\u00a0\u00a0\u00a0\u00a0\u00a0 O natal est\u00e1 se aproximando e o quarto domingo do Advento ajuda a meditar sobre a origem de Jesus, como chegou a n\u00f3s e quem colaborou nestes fatos. O personagem central sem d\u00favida \u00e9 Jesus, mas tamb\u00e9m \u00e9 preciso destacar as pessoas que se colocaram \u00e0 disposi\u00e7\u00e3o de Deus para realizar o seu plano [&hellip;]<\/p>\n","protected":false},"author":18,"featured_media":55821,"comment_status":"open","ping_status":"closed","sticky":false,"template":"","format":"standard","meta":{"footnotes":""},"categories":[9],"tags":[],"class_list":["post-78066","post","type-post","status-publish","format-standard","has-post-thumbnail","hentry","category-artigos"],"_links":{"self":[{"href":"https:\/\/catolicanet.net\/wp-cnet\/wp-json\/wp\/v2\/posts\/78066","targetHints":{"allow":["GET"]}}],"collection":[{"href":"https:\/\/catolicanet.net\/wp-cnet\/wp-json\/wp\/v2\/posts"}],"about":[{"href":"https:\/\/catolicanet.net\/wp-cnet\/wp-json\/wp\/v2\/types\/post"}],"author":[{"embeddable":true,"href":"https:\/\/catolicanet.net\/wp-cnet\/wp-json\/wp\/v2\/users\/18"}],"replies":[{"embeddable":true,"href":"https:\/\/catolicanet.net\/wp-cnet\/wp-json\/wp\/v2\/comments?post=78066"}],"version-history":[{"count":1,"href":"https:\/\/catolicanet.net\/wp-cnet\/wp-json\/wp\/v2\/posts\/78066\/revisions"}],"predecessor-version":[{"id":78067,"href":"https:\/\/catolicanet.net\/wp-cnet\/wp-json\/wp\/v2\/posts\/78066\/revisions\/78067"}],"wp:featuredmedia":[{"embeddable":true,"href":"https:\/\/catolicanet.net\/wp-cnet\/wp-json\/wp\/v2\/media\/55821"}],"wp:attachment":[{"href":"https:\/\/catolicanet.net\/wp-cnet\/wp-json\/wp\/v2\/media?parent=78066"}],"wp:term":[{"taxonomy":"category","embeddable":true,"href":"https:\/\/catolicanet.net\/wp-cnet\/wp-json\/wp\/v2\/categories?post=78066"},{"taxonomy":"post_tag","embeddable":true,"href":"https:\/\/catolicanet.net\/wp-cnet\/wp-json\/wp\/v2\/tags?post=78066"}],"curies":[{"name":"wp","href":"https:\/\/api.w.org\/{rel}","templated":true}]}}