{"id":78009,"date":"2022-12-08T09:26:48","date_gmt":"2022-12-08T12:26:48","guid":{"rendered":"https:\/\/catolicanet.net\/wp-cnet\/?p=78009"},"modified":"2022-12-13T14:27:43","modified_gmt":"2022-12-13T17:27:43","slug":"solenidade-da-imaculada-conceicao-de-maria-08-12-2022-lc-126-38","status":"publish","type":"post","link":"https:\/\/catolicanet.net\/wp-cnet\/solenidade-da-imaculada-conceicao-de-maria-08-12-2022-lc-126-38\/","title":{"rendered":"Solenidade da Imaculada Concei\u00e7\u00e3o de Maria: 08\/12\/2022 (Lc 1,26-38)"},"content":{"rendered":"<p style=\"text-align: justify;\">Texto inspirador: O anjo entrou, onde, ela estava e disse: \u201cAlegra-te, cheia de gra\u00e7a, o Senhor est\u00e1 contigo!\u201d. Maria, ent\u00e3o, disse: \u201cEis aqui a serva do Senhor, fa\u00e7a-se em mim, segundo a tua palavra!\u201d<\/p>\n<p style=\"text-align: justify;\"><strong>1\u00ba<\/strong> Maria \u00e9, sempre, Maria: a m\u00e3e escolhida para Jesus, pelo Pai desde toda eternidade. Sendo Cristo Deus, ela por sua vez, \u00e9 ipso fato, m\u00e3e de Deus, como da Igreja e nossa. Ela esteve sempre, presente na hist\u00f3ria eclesial: participando de sua vida. N\u00e3o podia ser diferente. Se Cristo \u00e9 a cabe\u00e7a da Igreja, ela sendo sua m\u00e3e, \u00e9 chamada tamb\u00e9m de m\u00e3e da Igreja. N\u00f3s, n\u00e3o a idolatramos, e nem a adoremos, por\u00e9m, sempre a veneramos. N\u00f3s, lhe atribu\u00edmos, at\u00e9 um culto especial: o de hiperdulia. O culto supremo \u00e9 sempre e somente dirigido a Deus: \u00e9 o de adora\u00e7\u00e3o.<\/p>\n<p style=\"text-align: justify;\"><strong>2\u00ba<\/strong> Maria \u00e9 amada, pelo povo de Deus. N\u00e3o poucas na\u00e7\u00f5es a tem como padroeira. Por exemplo, em Portugal, \u00e9 venerada como a Imaculada, desde 1636, tamb\u00e9m, como N.S. de F\u00e1tima. No M\u00e9xico: Nossa Senhora de Guadalupe (Padroeira principal da Am\u00e9rica Latina), no Chile: Nossa Senhora do Carmo, no Brasil: Nossa Senhora Aparecida, na Argentina e Uruguai: Nossa Senhora de Luj\u00e1n, na R\u00fassia: Nossa Senhora de Czestochowa, na Fran\u00e7a Nossa Senhora de Lourdes. O povo de Deus entendeu, logo sua import\u00e2ncia. Basta ler Lucas 1,26-38, conhecer melhor a hist\u00f3ria, para entende-lo e constat\u00e1-lo. Al\u00e9m do mais, um dos primeiros dogmas, \u00e9 o da m\u00e3e de Deus (Theotokos). Ela, quando interpelada por Deus, para uma miss\u00e3o especial, disse logo: sim. \u201cEis-me aqui\u201d. Ent\u00e3o, o Verbo se fez carne e habitou entre n\u00f3s. Deus quis precisar de Maria. Poderia ter feito, tudo diferente, pois \u00e9 o todo poderoso. Quis, no entanto, a encarna\u00e7\u00e3o do Filho, atrav\u00e9s de Maria, a Imaculada. Por isso, preservou-a do pecado das origens, atrav\u00e9s dos m\u00e9ritos do Salvador, de toda a humanidade.<\/p>\n<p style=\"text-align: justify;\"><strong>3\u00ba<\/strong> Maria assumiu sua miss\u00e3o maternal em rela\u00e7\u00e3o \u00e0 Igreja. Nem poderia ser diferente: gerando a Jesus Cristo, amou e assumiu tamb\u00e9m Sua obra. Entre elas, a Igreja (cf. Ef 1.22; 5,23). Ali\u00e1s, os santu\u00e1rios marianos, em todo mundo, s\u00e3o verdadeiras c\u00e1tedras de Evangeliza\u00e7\u00e3o, aut\u00eanticas maternidades de novos crist\u00e3os. O religioso apego a ela (Maria), significa fidelidade a Cristo e ao Reino. 3.1 Maria nunca esqueceu, o que o Filho moribundo na cruz, lhe disse: \u201cmulher eis a\u00ed teu Filho\u201d e a Jo\u00e3o: \u201ceis a\u00ed tua m\u00e3e\u201d (cf. Jo 19,25-27). Jo\u00e3o a levou para sua casa e ela o adotou como filho. Jo\u00e3o, hoje, somos: eu, voc\u00ea, todos n\u00f3s. Maria levou, sempre, bem a s\u00e9rio, tal miss\u00e3o. E n\u00f3s, hoje, somos outros tantos filhos, como Jo\u00e3o, que a levou para as dificuldades e lutas da vida? Quem o fez e faz, nunca, se arrependeu e jamais h\u00e1 de se arrepender.<\/p>\n<p style=\"text-align: justify;\"><strong>4\u00ba<\/strong> Conclus\u00e3o. Por Maria, a Jesus e por Ele ao Pai, \u00e0 Trindade. Jesus \u00e9 o caminho, a verdade e a vida (Jo 14,6). Desta vida, ela \u00e9 a sinalizadora, por excel\u00eancia. N\u00e3o s\u00f3 sinaliza, mas tamb\u00e9m, a mostra, pela sua viv\u00eancia. \u00c9 m\u00e3e e modelo.\u00a0 Outrora, gerou Cristo, para n\u00f3s, e hoje, como sempre, quer levar todos a Ele. \u00c9 a verdadeira bela (boa) pastora, a maior servidora depois, do seu Filho Jesus. Quem mostrou mais f\u00e9 e esperan\u00e7a do que ela? Quem mais amou, depois, de Jesus e melhor procurou servir? Ela. Sempre, ela:\u00a0 Maria.<\/p>\n<p><strong>\u00a0<\/strong><\/p>\n<p style=\"text-align: center;\"><strong>+ Dom Carmo Jo\u00e3o Rhoden \u2013 SCJ<\/strong><\/p>\n<p style=\"text-align: center;\"><strong>Bispo Em\u00e9rito de Taubat\u00e9 \u2013SP<\/strong><\/p>\n<p style=\"text-align: center;\"><strong>Presidente da Pr\u00f3 Sa\u00fade<\/strong><strong>.<\/strong><\/p>\n","protected":false},"excerpt":{"rendered":"<p>Texto inspirador: O anjo entrou, onde, ela estava e disse: \u201cAlegra-te, cheia de gra\u00e7a, o Senhor est\u00e1 contigo!\u201d. Maria, ent\u00e3o, disse: \u201cEis aqui a serva do Senhor, fa\u00e7a-se em mim, segundo a tua palavra!\u201d 1\u00ba Maria \u00e9, sempre, Maria: a m\u00e3e escolhida para Jesus, pelo Pai desde toda eternidade. Sendo Cristo Deus, ela por sua [&hellip;]<\/p>\n","protected":false},"author":1,"featured_media":77698,"comment_status":"open","ping_status":"closed","sticky":false,"template":"","format":"standard","meta":{"footnotes":""},"categories":[9],"tags":[],"class_list":["post-78009","post","type-post","status-publish","format-standard","has-post-thumbnail","hentry","category-artigos"],"_links":{"self":[{"href":"https:\/\/catolicanet.net\/wp-cnet\/wp-json\/wp\/v2\/posts\/78009","targetHints":{"allow":["GET"]}}],"collection":[{"href":"https:\/\/catolicanet.net\/wp-cnet\/wp-json\/wp\/v2\/posts"}],"about":[{"href":"https:\/\/catolicanet.net\/wp-cnet\/wp-json\/wp\/v2\/types\/post"}],"author":[{"embeddable":true,"href":"https:\/\/catolicanet.net\/wp-cnet\/wp-json\/wp\/v2\/users\/1"}],"replies":[{"embeddable":true,"href":"https:\/\/catolicanet.net\/wp-cnet\/wp-json\/wp\/v2\/comments?post=78009"}],"version-history":[{"count":1,"href":"https:\/\/catolicanet.net\/wp-cnet\/wp-json\/wp\/v2\/posts\/78009\/revisions"}],"predecessor-version":[{"id":78010,"href":"https:\/\/catolicanet.net\/wp-cnet\/wp-json\/wp\/v2\/posts\/78009\/revisions\/78010"}],"wp:featuredmedia":[{"embeddable":true,"href":"https:\/\/catolicanet.net\/wp-cnet\/wp-json\/wp\/v2\/media\/77698"}],"wp:attachment":[{"href":"https:\/\/catolicanet.net\/wp-cnet\/wp-json\/wp\/v2\/media?parent=78009"}],"wp:term":[{"taxonomy":"category","embeddable":true,"href":"https:\/\/catolicanet.net\/wp-cnet\/wp-json\/wp\/v2\/categories?post=78009"},{"taxonomy":"post_tag","embeddable":true,"href":"https:\/\/catolicanet.net\/wp-cnet\/wp-json\/wp\/v2\/tags?post=78009"}],"curies":[{"name":"wp","href":"https:\/\/api.w.org\/{rel}","templated":true}]}}