{"id":77995,"date":"2022-12-12T10:19:50","date_gmt":"2022-12-12T13:19:50","guid":{"rendered":"https:\/\/catolicanet.net\/wp-cnet\/?p=77995"},"modified":"2022-12-13T14:21:00","modified_gmt":"2022-12-13T17:21:00","slug":"celebracao-de-nossa-senhora-de-guadalupe-padroeira-principal-do-mexico-e-da-america-latina-12-12-2022-lc-139-47","status":"publish","type":"post","link":"https:\/\/catolicanet.net\/wp-cnet\/celebracao-de-nossa-senhora-de-guadalupe-padroeira-principal-do-mexico-e-da-america-latina-12-12-2022-lc-139-47\/","title":{"rendered":"Celebra\u00e7\u00e3o De Nossa Senhora de Guadalupe: Padroeira Principal do M\u00e9xico e da Am\u00e9rica Latina 12\/12\/2022 (Lc 1,39-47)"},"content":{"rendered":"<p style=\"text-align: justify;\">Texto referencial: \u201cTu \u00e9s bendita entre as mulheres e bendito \u00e9 o fruto do teu ventre! Como me \u00e9 dado que venha a mim, a m\u00e3e do meu Senhor?\u201d (Lc 1,42-43) E Maria disse: \u201cMinha alma exalta o Senhor e meu esp\u00edrito se encheu de jubilo, por causa de Deus, meu Salvador.\u201d (Lc 1,46-47)<\/p>\n<p style=\"text-align: justify;\"><strong>1\u00ba <\/strong>A viv\u00eancia da f\u00e9, n\u00e3o precisa de eventos fant\u00e1sticos, espetaculares, nem de apari\u00e7\u00f5es aos milhares de Nossa Senhora, ou de anjos. O fundamento da nossa f\u00e9, est\u00e1 na revela\u00e7\u00e3o de Jesus Cristo. Ele falou: revelou o que \u00e9 necess\u00e1rio, para nossa santifica\u00e7\u00e3o e salva\u00e7\u00e3o. Jesus, subindo ao c\u00e9u, nos enviou: o Esp\u00edrito Santo. Ele garante a fidelidade na viv\u00eancia de nossa f\u00e9. Isso n\u00e3o impede que haja, infelizmente, exploradores ou at\u00e9 hereges inventores de modas, que exploram a f\u00e9 dos mais ing\u00eanuos. Vejamos: toalhinha consagrada, \u00f3leo ungido, semente de feij\u00e3o sagrado, \u00e1gua milagrosa do rio Jord\u00e3o, terrenos no c\u00e9u&#8230; Uma coisa \u00e9 certa: rendeu bem. O pior \u00e9 que, h\u00e1 gente correndo atr\u00e1s disso&#8230; A p\u00f3s-modernidade \u00e9 pr\u00f3diga em coisas semelhantes. Mas acima desses \u201csuper\u201d profetas e aproveitadores, existe o magist\u00e9rio da Igreja e a providencial prote\u00e7\u00e3o de Maria, dizendo e mandando-nos obedecer a seu Filho: \u201cfazei tudo que Ele (Cristo) vos disser\u201d. (Jo 2,5)<\/p>\n<p style=\"text-align: justify;\"><strong>2\u00ba <\/strong>Nossa Senhora de Guadalupe mostrou no M\u00e9xico, todo o seu carinho, pela rec\u00e9m-descoberta, Am\u00e9rica Latina. \u00c9 a m\u00e3e, ajudando a cuidar da obra de seu Filho Jesus Cristo, o \u00fanico Salvador. Por isso, Maria est\u00e1 constantemente presente na vida de cada crist\u00e3o cat\u00f3lico. Raz\u00e3o pela qual \u00e9 tanto invocada e imitada. Em 1531 apareceu a Jo\u00e3o Diego (Dieguito), um ind\u00edgena, jovem, ap\u00f3s o seu batismo. Ali\u00e1s, Maria sempre esteve ao lado dos necessitados, pobres e deserdados. Basta ler algo, sobre apari\u00e7\u00f5es de Lurdes, F\u00e1tima, Guadalupe e Salette etc. No M\u00e9xico, Ela pediu ao jovem \u00edndio que se dirige-se ao Bispo, Juan de Zum\u00e1rraga, para pedir-lhe, a constru\u00e7\u00e3o de um santu\u00e1rio, em sua honra. O Bispo pediu, ent\u00e3o, um sinal para atend\u00ea-lo. Obteve-o. Al\u00e9m disso, Diego alcan\u00e7ou tr\u00eas favores: a cura do tio moribundo, a imagem da Virgem impressa no manto cheio de bel\u00edssimas flores, bem frescas, em pleno r\u00edgido inverno. Na pupila da Virgem, estava e ainda est\u00e1 refletida a figura do \u00edndio Diego. A imagem (da Virgem) foi submetida \u00e0 rigorosa an\u00e1lise de t\u00e9cnicos da NASA, que ficaram perplexos com o que constataram. Mais perplexos ficaram, ainda, quando descobriram que os corantes usados na pintura, n\u00e3o eram do reino mineral, vegetal ou animal. Seja bem claro, que n\u00f3s n\u00e3o cremos, por causa do veredito dos t\u00e9cnicos da NASA, mas por causa da Palavra de Cristo, ou seja do Evangelho. No entanto, \u00e9 certo que deram uma \u201cajudinha\u201d para aumentar nossa confian\u00e7a na Virgem M\u00e3e. O manto ainda hoje est\u00e1 intacto, mesmo que o material n\u00e3o seja de boa qualidade. Tem mais de 450 anos e ainda est\u00e1 guardado, no santu\u00e1rio para visita\u00e7\u00e3o. (cf. O Santo do dia, de Dom Serv\u00edlio Conte, Vozes, 1985).<\/p>\n<p style=\"text-align: justify;\"><strong>3\u00ba <\/strong>O Evangelho da celebra\u00e7\u00e3o de Guadalupe, contempla a narra\u00e7\u00e3o da visita da Virgem Maria, a sua prima Santa Isabel. Esta, imediatamente, a sa\u00fada dizendo \u201ctu \u00e9s bendita entre as mulheres\u201d. A prima reconheceu em Maria a bendita e a m\u00e3e \u201cdo meu Senhor\u201d, acrescentando que Ela era bem-aventurada, porque havia acreditado. Por isso, a Igreja a quer t\u00e3o bem e a venera de modo especial. Sem d\u00favida, Ela nos ajuda a ser melhores crist\u00f5es e disc\u00edpulos mais coerentes e amorosos. N\u00e3o, sem just\u00edssimos motivos, foi Ela declarada Padroeira da Am\u00e9rica Latina. O Papa Francisco afirma: \u201cMaria abra\u00e7a todos os habitantes das vastas terras Americanas\u201d. \u00c9 verdade: abra\u00e7a maternalmente a todos n\u00f3s e n\u00f3s, a Ela tamb\u00e9m. Felizes, como Isabel, do Evangelho, ser\u00e3o todos os crist\u00e3os que visitando os doentes e necessitados os ajudarem, em suas necessidades. Como, agora, por ocasi\u00e3o das enchentes e outros revezes, pelos quais o Brasil est\u00e1 passando.<\/p>\n<p style=\"text-align: justify;\"><strong>4\u00ba <\/strong>Conclus\u00e3o: Somos, de veras, felizes porque a M\u00e3e do Salvador, nunca esquece os membros do seu povo.<\/p>\n<p>&nbsp;<\/p>\n<p>&nbsp;<\/p>\n<p style=\"text-align: center;\">\u00a0 <strong>+ Dom Carmo Jo\u00e3o Rhoden \u2013 SCJ<\/strong><\/p>\n<p style=\"text-align: center;\"><strong>Bispo Em\u00e9rito de Taubat\u00e9 \u2013SP<\/strong><\/p>\n<p style=\"text-align: center;\"><strong>Presidente da Pr\u00f3 Sa\u00fade.<\/strong><\/p>\n","protected":false},"excerpt":{"rendered":"<p>Texto referencial: \u201cTu \u00e9s bendita entre as mulheres e bendito \u00e9 o fruto do teu ventre! Como me \u00e9 dado que venha a mim, a m\u00e3e do meu Senhor?\u201d (Lc 1,42-43) E Maria disse: \u201cMinha alma exalta o Senhor e meu esp\u00edrito se encheu de jubilo, por causa de Deus, meu Salvador.\u201d (Lc 1,46-47) 1\u00ba [&hellip;]<\/p>\n","protected":false},"author":119,"featured_media":77698,"comment_status":"open","ping_status":"closed","sticky":false,"template":"","format":"standard","meta":{"footnotes":""},"categories":[9],"tags":[],"class_list":["post-77995","post","type-post","status-publish","format-standard","has-post-thumbnail","hentry","category-artigos"],"_links":{"self":[{"href":"https:\/\/catolicanet.net\/wp-cnet\/wp-json\/wp\/v2\/posts\/77995","targetHints":{"allow":["GET"]}}],"collection":[{"href":"https:\/\/catolicanet.net\/wp-cnet\/wp-json\/wp\/v2\/posts"}],"about":[{"href":"https:\/\/catolicanet.net\/wp-cnet\/wp-json\/wp\/v2\/types\/post"}],"author":[{"embeddable":true,"href":"https:\/\/catolicanet.net\/wp-cnet\/wp-json\/wp\/v2\/users\/119"}],"replies":[{"embeddable":true,"href":"https:\/\/catolicanet.net\/wp-cnet\/wp-json\/wp\/v2\/comments?post=77995"}],"version-history":[{"count":1,"href":"https:\/\/catolicanet.net\/wp-cnet\/wp-json\/wp\/v2\/posts\/77995\/revisions"}],"predecessor-version":[{"id":77996,"href":"https:\/\/catolicanet.net\/wp-cnet\/wp-json\/wp\/v2\/posts\/77995\/revisions\/77996"}],"wp:featuredmedia":[{"embeddable":true,"href":"https:\/\/catolicanet.net\/wp-cnet\/wp-json\/wp\/v2\/media\/77698"}],"wp:attachment":[{"href":"https:\/\/catolicanet.net\/wp-cnet\/wp-json\/wp\/v2\/media?parent=77995"}],"wp:term":[{"taxonomy":"category","embeddable":true,"href":"https:\/\/catolicanet.net\/wp-cnet\/wp-json\/wp\/v2\/categories?post=77995"},{"taxonomy":"post_tag","embeddable":true,"href":"https:\/\/catolicanet.net\/wp-cnet\/wp-json\/wp\/v2\/tags?post=77995"}],"curies":[{"name":"wp","href":"https:\/\/api.w.org\/{rel}","templated":true}]}}