{"id":77989,"date":"2022-12-09T10:15:10","date_gmt":"2022-12-09T13:15:10","guid":{"rendered":"https:\/\/catolicanet.net\/wp-cnet\/?p=77989"},"modified":"2022-12-13T14:17:52","modified_gmt":"2022-12-13T17:17:52","slug":"fundamentos-da-paz-universal","status":"publish","type":"post","link":"https:\/\/catolicanet.net\/wp-cnet\/fundamentos-da-paz-universal\/","title":{"rendered":"FUNDAMENTOS DA PAZ UNIVERSAL"},"content":{"rendered":"<p style=\"text-align: justify;\">A t\u00f4nica das mensagens de S\u00e3o Jo\u00e3o Paulo II na sua hist\u00f3rica visita ao Casquist\u00e3o foi mostrar ao mundo que, apesar dos pesares, a paz \u00e9 poss\u00edvel e deve ser buscada com afinco pelos l\u00edderes mundiais. A luta armada, num universo de conflitos no qual reinam o desespero, a viol\u00eancia, a fome, o pauperismo, s\u00f3 aprofunda os males num contexto no qual se o ser racional ainda comete desatinos como os ocorridos dia 11 de setembro. H\u00e1, por\u00e9m, no mais profundo do cora\u00e7\u00e3o humano caudais de bondade, benignidade, generosidade que devem ser cultivados. A grande quest\u00e3o \u00e9 ter coragem para denunciar o clima de beliger\u00e2ncia em que vive o homem no in\u00edcio do terceiro mil\u00eanio. Quando se esperava estarem banidas as desgra\u00e7as que enodoaram o s\u00e9culo XX que presenciou duas guerras mundiais e in\u00fameros outros embates regionais, a nova etapa \u00e9 marcada pelo terror mais desabrido. A grande calamidade causadora de toda a turbul\u00eancia atual se chama ego\u00edsmo, o eterno inimigo da compreens\u00e3o entre os homens.\u00a0 A falta de discernimento de que o amor excessivo ao bem pr\u00f3prio, sem considera\u00e7\u00e3o aos interesses alheios, leva a lament\u00e1veis distor\u00e7\u00f5es e contradi\u00e7\u00f5es, acirra os \u00e2nimos, gerando todo tipo de atitudes aberrantes. A cruzada pela paz h\u00e1 de come\u00e7ar no \u00edntimo de cada um, alastrando-se na comunidade em que se vive e se estendendo mundo todo. Todo e qualquer laivo de viol\u00eancia cortada nas mais corriqueiras atitudes e gestos \u00e9 o primeiro passo rumo \u00e0 tranq\u00fcilidade da ordem. A beliger\u00e2ncia que reina nas fam\u00edlias, o desprezo acintoso para com a lei sapient\u00edssima do Ser Supremo, a corrup\u00e7\u00e3o, o fanatismo religioso, a insinceridade est\u00e3o na raiz dos dist\u00farbios que ganham dimens\u00f5es dantescas quando colocam frente a frente aqueles que v\u00e3o impor a paz pela guerra. Se cada um procurasse o repouso interior, o equil\u00edbrio adquirido na calma, na proje\u00e7\u00e3o de um futuro planejado, por certo a atmosfera do planeta seria outra. Trata-se de uma persistente educa\u00e7\u00e3o para a paz que sup\u00f5e inclusive uma revis\u00e3o completa nas mensagens lan\u00e7adas pelos meios de comunica\u00e7\u00e3o. N\u00e3o h\u00e1, positivamente, um empenho s\u00e9rio para se promover estruturas favor\u00e1veis \u00e0 paz, medidas necess\u00e1rias para a conserva\u00e7\u00e3o ou a perman\u00eancia da harmonia entre os povos. O que mais chama a aten\u00e7\u00e3o neste momento \u00e9 a proclama\u00e7\u00e3o de que o terrorismo s\u00f3 ser\u00e1 vencido pela espionagem. Ora, todo sistema que emprega agente secreto encarregado de recolher informa\u00e7\u00f5es acerca de uma pot\u00eancia estrangeira e fornec\u00ea-las ao governo, por cujo interesse trabalha, \u00e9 notoriamente corrupto. Traz em si, no seu bojo, mais mentiras que verdades e est\u00e1 impregnado de venalidade. O papa Jo\u00e3o Paulo II est\u00e1 coberto de raz\u00e3o, pois s\u00f3 a arte do di\u00e1logo, da concilia\u00e7\u00e3o, da harmoniza\u00e7\u00e3o de litigantes, da arbitragem e do desenvolvimento paciente de relacionamentos mais s\u00e1bios salvar\u00e1 a humanidade. Vale mais uma vez o grande princ\u00edpio venienti\u00a0 occurrite morbo \u2013 dar rem\u00e9dio ao mal que est\u00e1 chegando. \u00c9 sabedoria prever os perigos, preparar o ant\u00eddoto e prover aos males. Isto significa liquidar com as tens\u00f5es logo que aparecem em situa\u00e7\u00f5es perigosas, tendo em mira objetivos positivos; trazer logo \u00e0 tona os conflitos latentes e as situa\u00e7\u00f5es conflituais antes que elas eclodam e fujam a todo o controle. O respeito m\u00fatuo que exclui qualquer imposi\u00e7\u00e3o \u00e9 um fundamento elementar para o conv\u00edvio social. Entretanto, a base de uma paz duradoura s\u00f3 se firmar\u00e1, realmente, dentro de um humanismo profundo que respeite aqueles valores que dignificam o homem e isto s\u00f3 ser\u00e1 poss\u00edvel quando a fraternidade reinar a partir da verdadeira no\u00e7\u00e3o da paternidade divina e do respeito ininterrupto das diretrizes que o Criador imprimiu no \u00edntimo da consci\u00eancia humana, as quais est\u00e3o bem claras num dec\u00e1logo cujo menoscabo \u00e9 a fonte \u00faltima de toda a desgra\u00e7a e de todas as guerras.<\/p>\n","protected":false},"excerpt":{"rendered":"<p>A t\u00f4nica das mensagens de S\u00e3o Jo\u00e3o Paulo II na sua hist\u00f3rica visita ao Casquist\u00e3o foi mostrar ao mundo que, apesar dos pesares, a paz \u00e9 poss\u00edvel e deve ser buscada com afinco pelos l\u00edderes mundiais. A luta armada, num universo de conflitos no qual reinam o desespero, a viol\u00eancia, a fome, o pauperismo, s\u00f3 [&hellip;]<\/p>\n","protected":false},"author":7,"featured_media":55813,"comment_status":"open","ping_status":"closed","sticky":false,"template":"","format":"standard","meta":{"footnotes":""},"categories":[9],"tags":[],"class_list":["post-77989","post","type-post","status-publish","format-standard","has-post-thumbnail","hentry","category-artigos"],"_links":{"self":[{"href":"https:\/\/catolicanet.net\/wp-cnet\/wp-json\/wp\/v2\/posts\/77989","targetHints":{"allow":["GET"]}}],"collection":[{"href":"https:\/\/catolicanet.net\/wp-cnet\/wp-json\/wp\/v2\/posts"}],"about":[{"href":"https:\/\/catolicanet.net\/wp-cnet\/wp-json\/wp\/v2\/types\/post"}],"author":[{"embeddable":true,"href":"https:\/\/catolicanet.net\/wp-cnet\/wp-json\/wp\/v2\/users\/7"}],"replies":[{"embeddable":true,"href":"https:\/\/catolicanet.net\/wp-cnet\/wp-json\/wp\/v2\/comments?post=77989"}],"version-history":[{"count":1,"href":"https:\/\/catolicanet.net\/wp-cnet\/wp-json\/wp\/v2\/posts\/77989\/revisions"}],"predecessor-version":[{"id":77990,"href":"https:\/\/catolicanet.net\/wp-cnet\/wp-json\/wp\/v2\/posts\/77989\/revisions\/77990"}],"wp:featuredmedia":[{"embeddable":true,"href":"https:\/\/catolicanet.net\/wp-cnet\/wp-json\/wp\/v2\/media\/55813"}],"wp:attachment":[{"href":"https:\/\/catolicanet.net\/wp-cnet\/wp-json\/wp\/v2\/media?parent=77989"}],"wp:term":[{"taxonomy":"category","embeddable":true,"href":"https:\/\/catolicanet.net\/wp-cnet\/wp-json\/wp\/v2\/categories?post=77989"},{"taxonomy":"post_tag","embeddable":true,"href":"https:\/\/catolicanet.net\/wp-cnet\/wp-json\/wp\/v2\/tags?post=77989"}],"curies":[{"name":"wp","href":"https:\/\/api.w.org\/{rel}","templated":true}]}}