{"id":77938,"date":"2022-12-13T09:24:35","date_gmt":"2022-12-13T12:24:35","guid":{"rendered":"https:\/\/catolicanet.net\/wp-cnet\/?p=77938"},"modified":"2022-12-13T13:34:11","modified_gmt":"2022-12-13T16:34:11","slug":"setor-espaco-liturgico-da-cnbb-promove-14o-encontro-nacional-de-arquitetura-e-arte-sacra-em-2023-em-brasilia-df","status":"publish","type":"post","link":"https:\/\/catolicanet.net\/wp-cnet\/setor-espaco-liturgico-da-cnbb-promove-14o-encontro-nacional-de-arquitetura-e-arte-sacra-em-2023-em-brasilia-df\/","title":{"rendered":"SETOR ESPA\u00c7O LIT\u00daRGICO DA CNBB PROMOVE 14\u00ba ENCONTRO NACIONAL DE ARQUITETURA E ARTE SACRA, EM 2023, EM BRAS\u00cdLIA (DF)"},"content":{"rendered":"<p style=\"text-align: justify;\">O Setor Espa\u00e7o Lit\u00fargico da Comiss\u00e3o Episcopal Pastoral para Liturgia da Confer\u00eancia Nacional dos Bispos do Brasil (CNBB) promove, de 2 a 6 de outubro de 2023, o 14\u00ba Encontro Nacional de Arquitetura e Arte Sacra (ENAAS), na Casa Dom Luciano Mendes de Almeida, em Bras\u00edlia (DF).<\/p>\n<p style=\"text-align: justify;\">Realizado a cada dois anos, o encontro \u00e9 uma oportunidade de ampliar o debate acad\u00eamico e interdisciplinar sobre a dignidade dos espa\u00e7os de celebra\u00e7\u00e3o, bem como a import\u00e2ncia da preserva\u00e7\u00e3o do patrim\u00f4nio art\u00edstico e cultural da Igreja. Os encontros favorecem assim, o interc\u00e2mbio de experi\u00eancias e a forma\u00e7\u00e3o. As inscri\u00e7\u00f5es ser\u00e3o abertas a partir de fevereiro de 2023.<\/p>\n<p style=\"text-align: justify;\"><img loading=\"lazy\" decoding=\"async\" class=\" wp-image-934849 alignleft\" src=\"https:\/\/eadn-wc02-718006.nxedge.io\/cdn\/wp-content\/uploads\/2022\/12\/WhatsApp-Image-2022-12-13-at-09.22.10-300x124.jpeg\" sizes=\"auto, (max-width: 305px) 100vw, 305px\" srcset=\"https:\/\/eadn-wc02-718006.nxedge.io\/cdn\/wp-content\/uploads\/2022\/12\/WhatsApp-Image-2022-12-13-at-09.22.10-300x124.jpeg 300w, https:\/\/eadn-wc02-718006.nxedge.io\/cdn\/wp-content\/uploads\/2022\/12\/WhatsApp-Image-2022-12-13-at-09.22.10-1024x424.jpeg 1024w, https:\/\/eadn-wc02-718006.nxedge.io\/cdn\/wp-content\/uploads\/2022\/12\/WhatsApp-Image-2022-12-13-at-09.22.10-768x318.jpeg 768w, https:\/\/eadn-wc02-718006.nxedge.io\/cdn\/wp-content\/uploads\/2022\/12\/WhatsApp-Image-2022-12-13-at-09.22.10-500x207.jpeg 500w, https:\/\/eadn-wc02-718006.nxedge.io\/cdn\/wp-content\/uploads\/2022\/12\/WhatsApp-Image-2022-12-13-at-09.22.10.jpeg 1280w\" alt=\"\" width=\"305\" height=\"126\" \/>Durante a reuni\u00e3o da equipe de reflex\u00e3o do Setor espa\u00e7o lit\u00fargico nesta segunda-feira, foi apresentada e aprovada a identidade visual do encontro. O material \u00e9 autoria de Dom Marcelo Molinero, monge beneditino da Abadia S\u00e3o Geraldo, comunidade mon\u00e1stica da Congrega\u00e7\u00e3o H\u00fangara da Ordem Beneditina.<\/p>\n<p style=\"text-align: justify;\">De acordo com o perito do Setor Espa\u00e7o Lit\u00fargico e secret\u00e1rio executivo do Regional Sul 1 da CNBB, padre Thiago Faccini Paro,\u00a0<em>\u201ceste encontro \u00e9 importante, primeiro por reunir todos os envolvidos no processo de constru\u00e7\u00e3o e adequa\u00e7\u00e3o de igrejas e segundo, por podermos refletir sobre a teologia e as orienta\u00e7\u00f5es da igreja para elabora\u00e7\u00e3o de projetos de espa\u00e7o celebrativo\u201d<\/em>.<\/p>\n<p style=\"text-align: justify;\">O evento \u00e9 voltado para estudantes, docentes, profissionais de arquitetura, engenharia e artes, padres, di\u00e1conos, seminaristas, religiosos, membros dos conselhos de economia e administra\u00e7\u00e3o de par\u00f3quias e santu\u00e1rios, equipes de liturgia e leigos e leigas.<\/p>\n<p style=\"text-align: justify;\">De acordo com o padre Thiago, tamb\u00e9m fazem parte do p\u00fablico-alvo pessoas que est\u00e3o envolvidas direta ou indiretamente nas atividades como constru\u00e7\u00f5es, reformas e decora\u00e7\u00f5es das igrejas e que desejam aprofundar a rela\u00e7\u00e3o entre liturgia, arquitetura e arte, como decoradores, organizadores do espa\u00e7o celebrativo para casamentos e formaturas e t\u00e9cnicos de som e ilumina\u00e7\u00e3o.<\/p>\n<p style=\"text-align: justify;\">Os Encontros Nacionais come\u00e7aram a ser desenhados 1967, com diversas iniciativas de encontros e forma\u00e7\u00f5es. Por\u00e9m s\u00f3 em 1996 uma equipe \u00e9 formada e os encontros se estruturam. A partir da\u00ed atinge cada vez maior n\u00famero de participantes, tornando-se um evento oficial para a Igreja e o mundo acad\u00eamico.<\/p>\n","protected":false},"excerpt":{"rendered":"<p>O Setor Espa\u00e7o Lit\u00fargico da Comiss\u00e3o Episcopal Pastoral para Liturgia da Confer\u00eancia Nacional dos Bispos do Brasil (CNBB) promove, de 2 a 6 de outubro de 2023, o 14\u00ba Encontro Nacional de Arquitetura e Arte Sacra (ENAAS), na Casa Dom Luciano Mendes de Almeida, em Bras\u00edlia (DF). Realizado a cada dois anos, o encontro \u00e9 [&hellip;]<\/p>\n","protected":false},"author":1,"featured_media":77939,"comment_status":"open","ping_status":"closed","sticky":false,"template":"","format":"standard","meta":{"footnotes":""},"categories":[7],"tags":[],"class_list":["post-77938","post","type-post","status-publish","format-standard","has-post-thumbnail","hentry","category-cnbb"],"_links":{"self":[{"href":"https:\/\/catolicanet.net\/wp-cnet\/wp-json\/wp\/v2\/posts\/77938","targetHints":{"allow":["GET"]}}],"collection":[{"href":"https:\/\/catolicanet.net\/wp-cnet\/wp-json\/wp\/v2\/posts"}],"about":[{"href":"https:\/\/catolicanet.net\/wp-cnet\/wp-json\/wp\/v2\/types\/post"}],"author":[{"embeddable":true,"href":"https:\/\/catolicanet.net\/wp-cnet\/wp-json\/wp\/v2\/users\/1"}],"replies":[{"embeddable":true,"href":"https:\/\/catolicanet.net\/wp-cnet\/wp-json\/wp\/v2\/comments?post=77938"}],"version-history":[{"count":1,"href":"https:\/\/catolicanet.net\/wp-cnet\/wp-json\/wp\/v2\/posts\/77938\/revisions"}],"predecessor-version":[{"id":77940,"href":"https:\/\/catolicanet.net\/wp-cnet\/wp-json\/wp\/v2\/posts\/77938\/revisions\/77940"}],"wp:featuredmedia":[{"embeddable":true,"href":"https:\/\/catolicanet.net\/wp-cnet\/wp-json\/wp\/v2\/media\/77939"}],"wp:attachment":[{"href":"https:\/\/catolicanet.net\/wp-cnet\/wp-json\/wp\/v2\/media?parent=77938"}],"wp:term":[{"taxonomy":"category","embeddable":true,"href":"https:\/\/catolicanet.net\/wp-cnet\/wp-json\/wp\/v2\/categories?post=77938"},{"taxonomy":"post_tag","embeddable":true,"href":"https:\/\/catolicanet.net\/wp-cnet\/wp-json\/wp\/v2\/tags?post=77938"}],"curies":[{"name":"wp","href":"https:\/\/api.w.org\/{rel}","templated":true}]}}