{"id":77917,"date":"2022-12-13T09:15:46","date_gmt":"2022-12-13T12:15:46","guid":{"rendered":"https:\/\/catolicanet.net\/wp-cnet\/?p=77917"},"modified":"2022-12-13T12:24:27","modified_gmt":"2022-12-13T15:24:27","slug":"papa-em-apelo-a-igreja-na-america-celebrar-a-mae-de-guadalupe-sem-tons-ideologicos","status":"publish","type":"post","link":"https:\/\/catolicanet.net\/wp-cnet\/papa-em-apelo-a-igreja-na-america-celebrar-a-mae-de-guadalupe-sem-tons-ideologicos\/","title":{"rendered":"Papa em apelo \u00e0 Igreja na Am\u00e9rica: celebrar a M\u00e3e de Guadalupe sem tons ideol\u00f3gicos"},"content":{"rendered":"<div class=\"article__subTitle\" style=\"text-align: justify;\">No Dia de Nossa Senhora de Guadalupe, Francisco recordou que &#8220;n\u00e3o estamos sozinhos&#8221; porque Deus &#8220;continua a nos enviar a M\u00e3e do seu Filho&#8221;, como aconteceu com a apari\u00e7\u00e3o da Virgem em dezembro de 1531 na colina de Tepeyac, no M\u00e9xico. Aos cat\u00f3licos do continente americano que se preparam ao Jubileu Guadalupano de 2031 o Papa exortou: o fa\u00e7am sem &#8220;pautas mundanas e ideol\u00f3gicas&#8221; porque &#8220;a M\u00e3e n\u00e3o se ideologiza&#8221;.<\/div>\n<div class=\"title__separator\" style=\"text-align: justify;\"><\/div>\n<div class=\"article__text \">\n<p style=\"text-align: justify;\"><b>Andressa Collet &#8211; Vatican News<\/b><\/p>\n<p style=\"text-align: justify;\">Envolvidos pelas cores vibrantes dos povos da Am\u00e9rica Latina e pelas interpreta\u00e7\u00f5es dos coros da Capela Sistina e dos Col\u00e9gios Pio Latino-Americanos, a comunidade dos pa\u00edses do continente americano que vive na It\u00e1lia participou da celebra\u00e7\u00e3o eucar\u00edstica no final da tarde desta segunda-feira (12) na Bas\u00edlica de S\u00e3o Pedro em honra a\u00a0<a href=\"https:\/\/www.vaticannews.va\/pt\/igreja\/news\/2022-12\/guadalupe-rosto-indigena-mae-de-deus.html\" target=\"_blank\" rel=\"noopener\">Nossa Senhora de Guadalupe<\/a>. A missa foi precedida pela recita\u00e7\u00e3o do ter\u00e7o, um\u00a0testemunho p\u00fablico de f\u00e9 que se repete um ano ap\u00f3s a mesma iniciativa realizada na Pra\u00e7a S\u00e3o Pedro pela Pontif\u00edcia Comiss\u00e3o para a Am\u00e9rica Latina (CAL). Naquela\u00a0<a href=\"https:\/\/www.vaticannews.va\/pt\/vaticano\/news\/2021-12\/pracao-praca-sao-pedro-nossa-senhora-guadalupe.html\" target=\"_blank\" rel=\"noopener\">oportunidade<\/a>, os cat\u00f3licos das Am\u00e9ricas come\u00e7avam um caminho de ora\u00e7\u00e3o e de prepara\u00e7\u00e3o para o Jubileu Guadalupano de 2031, quando ser\u00e3o celebrados os 500 anos da apari\u00e7\u00e3o Mariana no M\u00e9xico, e para o Jubileu da Reden\u00e7\u00e3o de 2033.<\/p>\n<div style=\"text-align: justify;\">\n<div class=\"article__embed article__embed--unwrap article__embed--dark\">\n<div class=\"article__innerTitle\">Ou\u00e7a e compartilhe<\/div>\n<div>\n<!--[if lt IE 9]><script>document.createElement('audio');<\/script><![endif]-->\n<audio class=\"wp-audio-shortcode\" id=\"audio-77917-1\" preload=\"none\" style=\"width: 100%;\" controls=\"controls\"><source type=\"audio\/mpeg\" src=\"https:\/\/media.vaticannews.va\/media\/audio\/s1\/2022\/12\/13\/11\/136825916_F136825916.mp3?_=1\" \/><a href=\"https:\/\/media.vaticannews.va\/media\/audio\/s1\/2022\/12\/13\/11\/136825916_F136825916.mp3\">https:\/\/media.vaticannews.va\/media\/audio\/s1\/2022\/12\/13\/11\/136825916_F136825916.mp3<\/a><\/audio>\n<\/div>\n<\/div>\n<\/div>\n<h2 style=\"text-align: justify;\">A M\u00e3e n\u00e3o deve ser ideologizada<\/h2>\n<p style=\"text-align: justify;\">Nesta segunda-feira (12), Francisco lembrou em homilia que\u00a0come\u00e7a tamb\u00e9m a Novena Intercontinental Guadalupana e fez um forte apelo a &#8220;todos os membros da Igreja que peregrina na Am\u00e9rica, pastores e fi\u00e9is&#8221; que participam desse caminho celebrativo para promover o encontro com Deus atrav\u00e9s de Nossa Senhora de Guadalupe:<\/p>\n<div style=\"text-align: justify;\">\n<div class=\"article__embed article__embed--border embed_style\">\n<blockquote><p>\u201cMas, por favor, que fa\u00e7am isso com verdadeiro esp\u00edrito guadalupano. Me preocupam as propostas de tom ideol\u00f3gico-cultural de v\u00e1rios tipos que querem se apropriar do encontro de um povo com a sua M\u00e3e, que querem desmistificar, maquiar a M\u00e3e. Por favor, n\u00e3o permitamos que a mensagem seja destilada em pautas mundanas e ideol\u00f3gicas. A mensagem \u00e9 simples, \u00e9 terna. &#8216;N\u00e3o estou eu aqui, que sou tua m\u00e3e?&#8221;. E a M\u00e3e n\u00e3o se ideologiza.\u201d<\/p><\/blockquote>\n<\/div>\n<\/div>\n<h2 style=\"text-align: justify;\">O convite da M\u00e3e Mesti\u00e7a<\/h2>\n<p style=\"text-align: justify;\">Francisco, na homilia em espanhol, recordou, ent\u00e3o, desse encontro entre dois mundos diferentes &#8211; quase cinco s\u00e9culos atr\u00e1s &#8211; ao enviar\u00a0Maria, sua M\u00e3e, como recorda o Evangelho do dia (Lc 1,39-48), e como aconteceu com a Virgem de Guadalupe cuja apari\u00e7\u00e3o ocorreu entre 9 e 12 de dezembro de 1531 na colina de Tepeyac, ao norte da Cidade do M\u00e9xico: &#8220;ela chegou\u00a0\u00e0s terras aben\u00e7oadas da Am\u00e9rica&#8221;, disse o Papa, para &#8220;consolar, para atender as necessidades dos pequenos, sem excluir ningu\u00e9m, para envolv\u00ea-los como uma m\u00e3e cuidadosa com a sua presen\u00e7a, o seu amor e o seu consolo. \u00c9 nossa M\u00e3e Mesti\u00e7a&#8221;.<\/p>\n<p style=\"text-align: justify;\"><i>&#8220;Ela veio para acompanhar o povo americano neste caminho t\u00e3o dif\u00edcil de pobreza, explora\u00e7\u00e3o, colonialismos s\u00f3cio-econ\u00f4micos e culturais. Ela est\u00e1 no meio das caravanas dos que buscam a liberdade rumo ao norte, ela est\u00e1 no meio desse povo americano cuja identidade \u00e9 amea\u00e7ada por um paganismo selvagem e explorador, ferido pela prega\u00e7\u00e3o ativa de um ate\u00edsmo pr\u00e1tico e pragm\u00e1tico.&#8221;<\/i><\/p>\n<p style=\"text-align: justify;\">Assim, Deus &#8220;guia a hist\u00f3ria da humanidade&#8221; se fazendo presente atrav\u00e9s do seu Filho, &#8220;nascido de uma mulher&#8221; (Gl 4,4), e n\u00e3o deixando de olhar para o nosso mundo, &#8220;necessitado e ferido&#8221;. No grande e doloroso cruzamento da nossa hist\u00f3ria atual, continuou o Papa, &#8220;n\u00e3o estamos sozinhos&#8221; porque Deus &#8220;continua a nos enviar a M\u00e3e do seu Filho&#8221;:<\/p>\n<p style=\"text-align: justify;\"><i>&#8220;Neste ano, celebramos Guadalupe em um momento dif\u00edcil para a humanidade. \u00c9 um per\u00edodo amargo, cheio de ru\u00eddos da guerra, crescente injusti\u00e7a, fome, de pobreza, sofrimento. Tem fome. E embora esse horizonte pare\u00e7a sombrio e desconcertante, com press\u00e1gios de destrui\u00e7\u00e3o e desola\u00e7\u00e3o ainda maiores, todavia a f\u00e9, o amor e a condescend\u00eancia divinos nos ensinam e nos dizem que este tamb\u00e9m \u00e9 um tempo prop\u00edcio de salva\u00e7\u00e3o, no qual o Senhor, atrav\u00e9s da Virgem Maria e Mesti\u00e7a, continua a nos dar seu Filho, que nos chama a sermos irm\u00e3os, para deixar de lado o ego\u00edsmo, a indiferen\u00e7a e o antagonismo, convidando-nos a nos encarregarmos &#8216;rapidamente&#8217; uns dos outros, para alcan\u00e7armos nossos irm\u00e3os e irm\u00e3s esquecidos e descartados por nossas sociedades consumistas e ap\u00e1ticas. Nossos irm\u00e3os e irm\u00e3s deixados de lado. E o faz sem demora, \u00e9 a M\u00e3e apurada, apressada, a M\u00e3e sol\u00edcita.&#8221;<\/i><\/p>\n<\/div>\n","protected":false},"excerpt":{"rendered":"<p>No Dia de Nossa Senhora de Guadalupe, Francisco recordou que &#8220;n\u00e3o estamos sozinhos&#8221; porque Deus &#8220;continua a nos enviar a M\u00e3e do seu Filho&#8221;, como aconteceu com a apari\u00e7\u00e3o da Virgem em dezembro de 1531 na colina de Tepeyac, no M\u00e9xico. Aos cat\u00f3licos do continente americano que se preparam ao Jubileu Guadalupano de 2031 o [&hellip;]<\/p>\n","protected":false},"author":1,"featured_media":77918,"comment_status":"open","ping_status":"closed","sticky":false,"template":"","format":"standard","meta":{"footnotes":""},"categories":[13,3],"tags":[],"class_list":["post-77917","post","type-post","status-publish","format-standard","has-post-thumbnail","hentry","category-featured","category-vaticano"],"_links":{"self":[{"href":"https:\/\/catolicanet.net\/wp-cnet\/wp-json\/wp\/v2\/posts\/77917","targetHints":{"allow":["GET"]}}],"collection":[{"href":"https:\/\/catolicanet.net\/wp-cnet\/wp-json\/wp\/v2\/posts"}],"about":[{"href":"https:\/\/catolicanet.net\/wp-cnet\/wp-json\/wp\/v2\/types\/post"}],"author":[{"embeddable":true,"href":"https:\/\/catolicanet.net\/wp-cnet\/wp-json\/wp\/v2\/users\/1"}],"replies":[{"embeddable":true,"href":"https:\/\/catolicanet.net\/wp-cnet\/wp-json\/wp\/v2\/comments?post=77917"}],"version-history":[{"count":1,"href":"https:\/\/catolicanet.net\/wp-cnet\/wp-json\/wp\/v2\/posts\/77917\/revisions"}],"predecessor-version":[{"id":77919,"href":"https:\/\/catolicanet.net\/wp-cnet\/wp-json\/wp\/v2\/posts\/77917\/revisions\/77919"}],"wp:featuredmedia":[{"embeddable":true,"href":"https:\/\/catolicanet.net\/wp-cnet\/wp-json\/wp\/v2\/media\/77918"}],"wp:attachment":[{"href":"https:\/\/catolicanet.net\/wp-cnet\/wp-json\/wp\/v2\/media?parent=77917"}],"wp:term":[{"taxonomy":"category","embeddable":true,"href":"https:\/\/catolicanet.net\/wp-cnet\/wp-json\/wp\/v2\/categories?post=77917"},{"taxonomy":"post_tag","embeddable":true,"href":"https:\/\/catolicanet.net\/wp-cnet\/wp-json\/wp\/v2\/tags?post=77917"}],"curies":[{"name":"wp","href":"https:\/\/api.w.org\/{rel}","templated":true}]}}