{"id":77900,"date":"2022-12-09T09:48:42","date_gmt":"2022-12-09T12:48:42","guid":{"rendered":"https:\/\/catolicanet.net\/wp-cnet\/?p=77900"},"modified":"2022-12-09T10:49:30","modified_gmt":"2022-12-09T13:49:30","slug":"cnbb-convoca-dirigentes-a-participarem-do-primeiro-censo-das-radios-catolicas-no-brasil","status":"publish","type":"post","link":"https:\/\/catolicanet.net\/wp-cnet\/cnbb-convoca-dirigentes-a-participarem-do-primeiro-censo-das-radios-catolicas-no-brasil\/","title":{"rendered":"CNBB CONVOCA DIRIGENTES A PARTICIPAREM DO PRIMEIRO CENSO DAS R\u00c1DIOS CAT\u00d3LICAS NO BRASIL"},"content":{"rendered":"<p style=\"text-align: justify;\">Em 2022, per\u00edodo em que o r\u00e1dio completou 100 anos de exist\u00eancia no Brasil, a Confer\u00eancia Nacional dos Bispos do Brasil (CNBB), a Rede Cat\u00f3lica de R\u00e1dio (RCR) e a Signis Brasil tomaram a iniciativa de realizarem o primeiro Censo das R\u00e1dios Cat\u00f3licas no Brasil. A pesquisa abrange emissoras de r\u00e1dio cat\u00f3licas, sejam estas comerciais, educativas ou comunit\u00e1rias; pertencentes a arqui\/dioceses, funda\u00e7\u00f5es, associa\u00e7\u00f5es, par\u00f3quias, congrega\u00e7\u00f5es religiosas etc.<\/p>\n<p style=\"text-align: justify;\">Al\u00e9m de entender como se organizam, onde est\u00e3o e o que fazem; o estudo trar\u00e1 um panorama da real situa\u00e7\u00e3o destes ve\u00edculos, os desafios comuns e particulares, assim como, a partir dele, a possibilidade de encontrar caminhos para se apoiarem mutuamente.<\/p>\n<p style=\"text-align: justify;\">Neste sentido, os dirigentes das r\u00e1dios cat\u00f3licas existentes nas (arqui)dioceses e prelazias s\u00e3o convidados a participar do Censo respondendo as perguntas que constam no link: (<a href=\"https:\/\/forms.gle\/61HcwgcbzK7ZqJYx7\" target=\"_blank\" rel=\"noopener\">https:\/\/forms.gle\/61HcwgcbzK7ZqJYx7<\/a>). \u201cCom a contribui\u00e7\u00e3o de cada um teremos um conjunto de informa\u00e7\u00f5es que nunca tivemos antes e poderemos conhecer melhor a grande for\u00e7a evangelizadora com a qual a Igreja conta\u201d, afirmam as entidades organizadoras.<\/p>\n<blockquote><p>\u201cO Censo ser\u00e1 uma importante ferramenta em nosso trabalho mission\u00e1rio. Uma oportunidade para promover \u00a0unidade, crescermos juntos como Igreja e nos comunicarmos com mais efic\u00e1cia e prop\u00f3sito\u201d.<\/p><\/blockquote>\n<p style=\"text-align: justify;\">Ao responder as perguntas do Censo das R\u00e1dios Cat\u00f3licas, contidas no link, ser\u00e1 poss\u00edvel \u00e0s entidades organizadoras conhecerem um conjunto de informa\u00e7\u00f5es que nunca tiveram antes e poder\u00e3o, ainda, conhecer melhor a grande for\u00e7a evangelizadora com a qual a Igreja conta.<\/p>\n<blockquote><p>\u201cOs meios de comunica\u00e7\u00e3o ocupam um papel privilegiado na conforma\u00e7\u00e3o da sociedade moderna, porque, atrav\u00e9s deles que as pessoas t\u00eam acesso \u00e0s mais variadas informa\u00e7\u00f5es sobre o cotidiano e, no nosso caso, sobre a Igreja de Jesus Cristo.<\/p>\n<p>Al\u00e9m de informar, eles t\u00eam a nobre tarefa de ajudar a formar, gerar opini\u00e3o e sobretudo colaborar na compreens\u00e3o do mundo. Um dos ve\u00edculos mais importantes nesse processo \u00e9 o r\u00e1dio, pois ele chega aonde n\u00e3o chegam v\u00e1rios outros meios; em alguns casos, ele \u00e9 a \u00fanica fonte de informa\u00e7\u00e3o para determinadas popula\u00e7\u00f5es mais isoladas deste t\u00e3o extenso Brasil\u2019, diz um trecho da carta convocat\u00f3ria\u201d.<\/p><\/blockquote>\n<p>&nbsp;<\/p>\n<pre>Foto de capa: Pixabay<\/pre>\n","protected":false},"excerpt":{"rendered":"<p>Em 2022, per\u00edodo em que o r\u00e1dio completou 100 anos de exist\u00eancia no Brasil, a Confer\u00eancia Nacional dos Bispos do Brasil (CNBB), a Rede Cat\u00f3lica de R\u00e1dio (RCR) e a Signis Brasil tomaram a iniciativa de realizarem o primeiro Censo das R\u00e1dios Cat\u00f3licas no Brasil. A pesquisa abrange emissoras de r\u00e1dio cat\u00f3licas, sejam estas comerciais, [&hellip;]<\/p>\n","protected":false},"author":1,"featured_media":77901,"comment_status":"open","ping_status":"closed","sticky":false,"template":"","format":"standard","meta":{"footnotes":""},"categories":[7],"tags":[],"class_list":["post-77900","post","type-post","status-publish","format-standard","has-post-thumbnail","hentry","category-cnbb"],"_links":{"self":[{"href":"https:\/\/catolicanet.net\/wp-cnet\/wp-json\/wp\/v2\/posts\/77900","targetHints":{"allow":["GET"]}}],"collection":[{"href":"https:\/\/catolicanet.net\/wp-cnet\/wp-json\/wp\/v2\/posts"}],"about":[{"href":"https:\/\/catolicanet.net\/wp-cnet\/wp-json\/wp\/v2\/types\/post"}],"author":[{"embeddable":true,"href":"https:\/\/catolicanet.net\/wp-cnet\/wp-json\/wp\/v2\/users\/1"}],"replies":[{"embeddable":true,"href":"https:\/\/catolicanet.net\/wp-cnet\/wp-json\/wp\/v2\/comments?post=77900"}],"version-history":[{"count":1,"href":"https:\/\/catolicanet.net\/wp-cnet\/wp-json\/wp\/v2\/posts\/77900\/revisions"}],"predecessor-version":[{"id":77902,"href":"https:\/\/catolicanet.net\/wp-cnet\/wp-json\/wp\/v2\/posts\/77900\/revisions\/77902"}],"wp:featuredmedia":[{"embeddable":true,"href":"https:\/\/catolicanet.net\/wp-cnet\/wp-json\/wp\/v2\/media\/77901"}],"wp:attachment":[{"href":"https:\/\/catolicanet.net\/wp-cnet\/wp-json\/wp\/v2\/media?parent=77900"}],"wp:term":[{"taxonomy":"category","embeddable":true,"href":"https:\/\/catolicanet.net\/wp-cnet\/wp-json\/wp\/v2\/categories?post=77900"},{"taxonomy":"post_tag","embeddable":true,"href":"https:\/\/catolicanet.net\/wp-cnet\/wp-json\/wp\/v2\/tags?post=77900"}],"curies":[{"name":"wp","href":"https:\/\/api.w.org\/{rel}","templated":true}]}}