{"id":77872,"date":"2022-12-08T10:14:40","date_gmt":"2022-12-08T13:14:40","guid":{"rendered":"https:\/\/catolicanet.net\/wp-cnet\/?p=77872"},"modified":"2022-12-08T15:16:08","modified_gmt":"2022-12-08T18:16:08","slug":"8-maneiras-de-honrar-a-imaculada-conceicao","status":"publish","type":"post","link":"https:\/\/catolicanet.net\/wp-cnet\/8-maneiras-de-honrar-a-imaculada-conceicao\/","title":{"rendered":"8 maneiras de honrar a Imaculada Concei\u00e7\u00e3o"},"content":{"rendered":"<h2 class=\"subtitle\" style=\"text-align: justify;\">Na Festa da Imaculada Concei\u00e7\u00e3o, aqui est\u00e3o v\u00e1rias maneiras de renovar sua devo\u00e7\u00e3o \u00e0 Virgem Maria<\/h2>\n<p style=\"text-align: justify;\">\u201cEu sou a Imaculada Concei\u00e7\u00e3o\u201d. Foi assim que a Virgem Maria se apresentou a Bernadette Soubirous, na gruta de Lourdes, em 1858. Alguns anos antes, o Papa Pio IX havia proclamado o dogma da Imaculada Concei\u00e7\u00e3o (1854). Esta realidade tamb\u00e9m havia sido confirmada por outra apari\u00e7\u00e3o da Virgem Maria, onde ela se apresentou como \u201cconcebida sem pecado\u201d. Isto foi em 1830, na Rue du Bac, em Paris. Entretanto, j\u00e1 nos primeiros s\u00e9culos do cristianismo, muitos santos e Padres da Igreja afirmaram que Jesus Cristo s\u00f3 poderia ter nascido de um ventre perfeito, preservado de toda a impureza: o ventre de uma Virgem.<\/p>\n<p style=\"text-align: justify;\">Aqui est\u00e3o 8 maneiras de honrar a santidade e a pureza de Maria nesta festa de sua Imaculada Concei\u00e7\u00e3o.<\/p>\n<h3 class=\"wp-block-aleteia-rich-list\" style=\"text-align: justify;\"><strong>1 USE SEUS TALENTOS<\/strong><\/h3>\n<p style=\"text-align: justify;\">Eis algumas maneiras originais de homenagear Maria Imaculada: decorar sua casa com cores marianas, dedicar-lhe um quadro ou uma escultura para aqueles que se sentem artistas, compor uma can\u00e7\u00e3o ou uma bela pe\u00e7a de m\u00fasica para aqueles que t\u00eam talentos musicais. Quaisquer que sejam seus talentos, o mais importante \u00e9 deixar sua imagina\u00e7\u00e3o correr livre para honrar a Sant\u00edssima Virgem!<\/p>\n<h3 class=\"wp-block-aleteia-rich-list\" style=\"text-align: justify;\"><strong>2 DECORAR SUA CASA<\/strong><\/h3>\n<p style=\"text-align: justify;\">Limpar e decorar sua casa tamb\u00e9m pode ser uma bela maneira de homenagear Maria Imaculada. De fato, ela nos permite, \u00e0 sua imagem, buscar humildade nas pequenas tarefas di\u00e1rias, e oferec\u00ea-las a ela como atos de amor. Por que n\u00e3o decorar tamb\u00e9m sua casa com a pureza de Nossa Senhora em mente, colocando uma mesa com uma toalha branca, colocando uma bela vela branca no centro da mesa ou um buqu\u00ea de rosas brancas perto de uma imagem ou est\u00e1tua da Virgem? Todas s\u00e3o formas de honrar a Imaculada Concei\u00e7\u00e3o!<\/p>\n<h3 class=\"wp-block-aleteia-rich-list\" style=\"text-align: justify;\"><strong>3 CANTANDO \u00c0 VIRGEM MARIA<\/strong><\/h3>\n<p style=\"text-align: justify;\">Para honrar a m\u00e3e de Jesus facilmente, por que n\u00e3o criar uma compila\u00e7\u00e3o de suas can\u00e7\u00f5es marianas favoritas para ouvir em casa, em seu trajeto para o trabalho ou para incorporar em sua ora\u00e7\u00e3o familiar. Para hinos cl\u00e1ssicos, voc\u00ea pode cantar Ave Maris Stella, uma can\u00e7\u00e3o amada por Maria, j\u00e1 que ela disse em 1350 a Santa Bridget da Su\u00e9cia (co-padroeira da Europa): \u201cTodos os dias, [\u2026] cantemos o hino Ave Maris Stella e eu te ajudarei em todos os teus problemas e em todas as tuas necessidades\u201d.<\/p>\n<h3 class=\"wp-block-aleteia-rich-list\" style=\"text-align: justify;\"><strong>4 TER UM CORA\u00c7\u00c3O, ALMA E MENTE PUROS<\/strong><\/h3>\n<p style=\"text-align: justify;\">Que melhor maneira de purificar o cora\u00e7\u00e3o do que ir \u00e0 confiss\u00e3o? A festa da Imaculada Concei\u00e7\u00e3o \u00e9 uma oportunidade de procurar ter um cora\u00e7\u00e3o puro, \u00e0 imagem da Virgem. \u00c9 tamb\u00e9m uma oportunidade para nos perguntarmos: o que estou olhando, o que estou ouvindo, o que estou lendo? Rodear-nos de aut\u00eantica beleza e nutri\u00e7\u00e3o intelectual \u00e9 uma excelente maneira de nos tornarmos verdadeiros templos do Esp\u00edrito Santo. Na escola de S\u00e3o Paulo, que este dia seja tamb\u00e9m uma oportunidade para se afastar dos v\u00edcios e buscar as virtudes (Fil 4,8): \u201cMeus irm\u00e3os, tudo o que \u00e9 verdadeiro e nobre, tudo o que \u00e9 justo e puro, tudo o que \u00e9 digno de amor e honra, tudo o que \u00e9 chamado de virtude e merece louvor, todas estas coisas sejam tidas em conta\u201d.<\/p>\n<h3 class=\"wp-block-aleteia-rich-list\" style=\"text-align: justify;\"><strong>5 HONRAR, DIFUNDIR E USAR A MEDALHA MILAGROSA<\/strong><\/h3>\n<p style=\"text-align: justify;\">\u201c\u00d3 Maria, concebida sem pecado, rogai por n\u00f3s que recorremos a v\u00f3s\u201d. Esta \u00e9 a invoca\u00e7\u00e3o que pode ser lida na Medalha Milagrosa. Em 1830, a Virgem Maria havia perguntado a Santa Catarina Labour\u00e9: \u201cFaca cunhar uma medalha, conforme este modelo\u201d. Aqueles que a usam com confian\u00e7a receber\u00e3o grandes gra\u00e7as. A festa da Imaculada Concei\u00e7\u00e3o \u00e9 uma excelente oportunidade para renovar nossa devo\u00e7\u00e3o \u00e0 Medalha Milagrosa e para oferec\u00ea-la \u00e0 fam\u00edlia, amigos e parentes. Muitas b\u00ean\u00e7\u00e3os est\u00e3o ligadas a esta medalha!<\/p>\n<div id=\"article-desk-content-p6-ad_2022_12_08_8-maneiras-de-honrar-a-imaculada-conceicao\" class=\"css-cfwtta\" style=\"text-align: justify;\" data-google-query-id=\"COvvs5LQ6vsCFdaqlQIdoCgICA\">\n<div id=\"google_ads_iframe_64500793\/PT_DESK_ARTICLE_WELCOME_1X1_0__container__\"><\/div>\n<\/div>\n<h3 class=\"wp-block-aleteia-rich-list\" style=\"text-align: justify;\"><strong>6 CONSAGRAR-SE \u00c0 MARIA VIRGEM<\/strong><\/h3>\n<p style=\"text-align: justify;\">Para estarmos ainda mais pr\u00f3ximos de Maria, por que n\u00e3o nos consagrarmos a ela? Este passo nos permite modelar nossa alma segundo ela. E com uma alma \u00e0 imagem da Virgem, como n\u00e3o agradar a seu filho Jesus? Para descobrir toda a profundidade e grandeza espiritual desta consagra\u00e7\u00e3o, nada melhor do que ler o Tratado sobre a Verdadeira Devo\u00e7\u00e3o \u00e0 Sant\u00edssima Virgem de S\u00e3o Lu\u00eds Maria Grignion de Montfort. Mais simplesmente, pode-se rezar esta consagra\u00e7\u00e3o escrita pelo santo, sozinho ou com a fam\u00edlia:<\/p>\n<blockquote class=\"wp-block-quote\"><p>Eu te escolho hoje, \u00f3 Maria, na presen\u00e7a de toda a corte celeste, por minha M\u00e3e e minha Rainha. Eu te entrego e consagro, com toda submiss\u00e3o e amor, meu corpo e minha alma, meus bens interiores e exteriores, e, tamb\u00e9m, o valor de minhas boas a\u00e7\u00f5es passadas, presentes e futuras. Concedo-te inteiro e pleno direito de dispor de mim e de tudo o que me pertence, sem exce\u00e7\u00e3o segundo tua boa vontade, para maior gra\u00e7a de Deus. Am\u00e9m<\/p><\/blockquote>\n<h3 class=\"wp-block-aleteia-rich-list\" style=\"text-align: justify;\"><strong>7 COLOCAR VELAS NAS JANELAS<\/strong><\/h3>\n<p style=\"text-align: justify;\">Seguindo a tradi\u00e7\u00e3o de Lyon, por que n\u00e3o colocar velas nas janelas? Em 1643, durante uma epidemia de peste, o povo de Lyon implorou \u00e0 Virgem que protegesse sua cidade. Lyon foi poupada. Desde ent\u00e3o, os habitantes prestam homenagem a Maria todos os anos por quase quatro s\u00e9culos. Em 1852, o impulso \u201cMerci Marie\u201d foi institu\u00eddo em 8 de dezembro, a festa da Imaculada Concei\u00e7\u00e3o. A partir de ent\u00e3o, foram colocadas velas nas janelas das casas. Esta foi uma forma de expressar a confian\u00e7a na Virgem Maria.<\/p>\n","protected":false},"excerpt":{"rendered":"<p>Na Festa da Imaculada Concei\u00e7\u00e3o, aqui est\u00e3o v\u00e1rias maneiras de renovar sua devo\u00e7\u00e3o \u00e0 Virgem Maria \u201cEu sou a Imaculada Concei\u00e7\u00e3o\u201d. Foi assim que a Virgem Maria se apresentou a Bernadette Soubirous, na gruta de Lourdes, em 1858. Alguns anos antes, o Papa Pio IX havia proclamado o dogma da Imaculada Concei\u00e7\u00e3o (1854). Esta realidade [&hellip;]<\/p>\n","protected":false},"author":1,"featured_media":77873,"comment_status":"open","ping_status":"closed","sticky":false,"template":"","format":"standard","meta":{"footnotes":""},"categories":[4],"tags":[],"class_list":["post-77872","post","type-post","status-publish","format-standard","has-post-thumbnail","hentry","category-cotidiano"],"_links":{"self":[{"href":"https:\/\/catolicanet.net\/wp-cnet\/wp-json\/wp\/v2\/posts\/77872","targetHints":{"allow":["GET"]}}],"collection":[{"href":"https:\/\/catolicanet.net\/wp-cnet\/wp-json\/wp\/v2\/posts"}],"about":[{"href":"https:\/\/catolicanet.net\/wp-cnet\/wp-json\/wp\/v2\/types\/post"}],"author":[{"embeddable":true,"href":"https:\/\/catolicanet.net\/wp-cnet\/wp-json\/wp\/v2\/users\/1"}],"replies":[{"embeddable":true,"href":"https:\/\/catolicanet.net\/wp-cnet\/wp-json\/wp\/v2\/comments?post=77872"}],"version-history":[{"count":1,"href":"https:\/\/catolicanet.net\/wp-cnet\/wp-json\/wp\/v2\/posts\/77872\/revisions"}],"predecessor-version":[{"id":77874,"href":"https:\/\/catolicanet.net\/wp-cnet\/wp-json\/wp\/v2\/posts\/77872\/revisions\/77874"}],"wp:featuredmedia":[{"embeddable":true,"href":"https:\/\/catolicanet.net\/wp-cnet\/wp-json\/wp\/v2\/media\/77873"}],"wp:attachment":[{"href":"https:\/\/catolicanet.net\/wp-cnet\/wp-json\/wp\/v2\/media?parent=77872"}],"wp:term":[{"taxonomy":"category","embeddable":true,"href":"https:\/\/catolicanet.net\/wp-cnet\/wp-json\/wp\/v2\/categories?post=77872"},{"taxonomy":"post_tag","embeddable":true,"href":"https:\/\/catolicanet.net\/wp-cnet\/wp-json\/wp\/v2\/tags?post=77872"}],"curies":[{"name":"wp","href":"https:\/\/api.w.org\/{rel}","templated":true}]}}