{"id":77844,"date":"2022-12-08T09:37:41","date_gmt":"2022-12-08T12:37:41","guid":{"rendered":"https:\/\/catolicanet.net\/wp-cnet\/?p=77844"},"modified":"2022-12-08T14:41:05","modified_gmt":"2022-12-08T17:41:05","slug":"papa-francisco-confiemos-em-maria-cheia-de-graca-e-de-beleza","status":"publish","type":"post","link":"https:\/\/catolicanet.net\/wp-cnet\/papa-francisco-confiemos-em-maria-cheia-de-graca-e-de-beleza\/","title":{"rendered":"Papa Francisco: \u201cConfiemos em Maria, cheia de gra\u00e7a e de beleza\u201d"},"content":{"rendered":"<div class=\"article__subTitle\" style=\"text-align: justify;\">Na Solenidade da Imaculada Concei\u00e7\u00e3o o Papa recordou a Anuncia\u00e7\u00e3o quando o Anjo chamou Maria de \u201ccheia de gra\u00e7a\u201d, que \u00e9 o nome que Deus lhe d\u00e1 e que celebramos hoje\u201d disse Francisco no Angelus desta quinta-feira, 8 de dezembro<\/div>\n<div class=\"title__separator\"><\/div>\n<div class=\"article__text \">\n<p><b>Jane Nogara &#8211; Vatican News<\/b><\/p>\n<p><iframe loading=\"lazy\" title=\"Angelus na Solenidade da Imaculada Concei\u00e7\u00e3o\" width=\"696\" height=\"392\" src=\"https:\/\/www.youtube.com\/embed\/ibwm6BY1Y-c?feature=oembed\" frameborder=\"0\" allow=\"accelerometer; autoplay; clipboard-write; encrypted-media; gyroscope; picture-in-picture\" allowfullscreen><\/iframe><\/p>\n<div>\n<div class=\"article__embed article__embed--unwrap article__embed--dark\">\n<div class=\"article__innerTitle\">Ou\u00e7a e compartilhe!<\/div>\n<div>\n<!--[if lt IE 9]><script>document.createElement('audio');<\/script><![endif]-->\n<audio class=\"wp-audio-shortcode\" id=\"audio-77844-1\" preload=\"none\" style=\"width: 100%;\" controls=\"controls\"><source type=\"audio\/mpeg\" src=\"https:\/\/media.vaticannews.va\/media\/audio\/s1\/2022\/12\/08\/12\/136820932_F136820932.mp3?_=1\" \/><a href=\"https:\/\/media.vaticannews.va\/media\/audio\/s1\/2022\/12\/08\/12\/136820932_F136820932.mp3\">https:\/\/media.vaticannews.va\/media\/audio\/s1\/2022\/12\/08\/12\/136820932_F136820932.mp3<\/a><\/audio>\n<\/div>\n<\/div>\n<\/div>\n<p style=\"text-align: justify;\">No Angelus desta Solenidade da Imaculada Concei\u00e7\u00e3o, o Papa Francisco falou sobre a Anuncia\u00e7\u00e3o a Maria do Evangelho de Lucas. Logo no in\u00edcio nos recordou que o Anjo a chama de \u201c<i>cheia de gra\u00e7a<\/i>\u201d, um nome que Maria desconhecia at\u00e9 ent\u00e3o.<\/p>\n<div>\n<div class=\"article__embed article__embed--border embed_style\">\n<blockquote><p>\u201cCheia de gra\u00e7a, e portanto vazia de pecado, \u00e9 o nome que Deus lhe d\u00e1 e que festejamos hoje\u201d<\/p><\/blockquote>\n<\/div>\n<\/div>\n<h2 style=\"text-align: justify;\">Reconhecer nossa gra\u00e7a original<\/h2>\n<p style=\"text-align: justify;\">Pensemos na surpresa de Maria, que s\u00f3 ent\u00e3o descobriu \u201csua identidade mais verdadeira\u201d, disse o Papa. \u201cAlgo semelhante tamb\u00e9m pode acontecer conosco. Em que sentido?\u201d e disse:<\/p>\n<div>\n<div class=\"article__embed article__embed--border embed_style\">\n<blockquote><p>\u201cNo sentido de que n\u00f3s pecadores tamb\u00e9m recebemos um dom inicial que encheu nossas vidas, um bem maior do que qualquer coisa, uma gra\u00e7a original, da qual, no entanto, muitas vezes n\u00e3o temos conhecimento\u201d<\/p><\/blockquote>\n<\/div>\n<\/div>\n<h2 style=\"text-align: justify;\">Nossa beleza original<\/h2>\n<p style=\"text-align: justify;\">Neste ponto nos perguntamos do que se trata. \u201cTrata-se\u201d, explicou o Papa, \u201cdo que recebemos no dia do nosso Batismo, por isso nos faz bem recordarmos e tamb\u00e9m festejarmos! Pois no Batismo, Deus desceu em nossas vidas, nos tornamos seus filhos amados para sempre. Esta \u00e9 nossa beleza original, da qual nos alegrarmos!\u201d. Francisco nos recordou que hoje, Maria, surpreendida pela gra\u00e7a que a tornou bela desde o primeiro momento de sua vida, nos leva a maravilhar-nos com nossa beleza. \u201cPodemos apreend\u00ea-lo atrav\u00e9s de uma imagem: a do manto branco do Batismo\u201d, porque descobrimos que, \u201csob o mal com o qual nos manchamos ao longo dos anos, h\u00e1 em n\u00f3s um bem maior\u201d.<\/p>\n<h2 style=\"text-align: justify;\">Nossa gra\u00e7a original<\/h2>\n<p style=\"text-align: justify;\">Ponderando em seguida: &#8220;Quando as coisas n\u00e3o v\u00e3o bem e ficamos desanimados, quando ficamos abatidos e corremos o risco de nos sentirmos in\u00fateis ou errados, pensemos nisto, na gra\u00e7a original&#8221;.<\/p>\n<h2 style=\"text-align: justify;\"><b>O custo de preservar nossa beleza<\/b><\/h2>\n<p style=\"text-align: justify;\">\u201cHoje, a Palavra de Deus nos ensina outra coisa importante: que preservar nossa beleza requer um custo, uma luta. De fato\u201d, afirmou ainda:<\/p>\n<div style=\"text-align: justify;\">\n<div class=\"article__embed article__embed--border embed_style\">\n<blockquote><p>\u201cO Evangelho nos mostra a coragem de Maria, que disse \u2018sim\u2019 a Deus, que escolheu o risco de Deus\u201d<\/p><\/blockquote>\n<\/div>\n<\/div>\n<p style=\"text-align: justify;\">Acrescentando, \u201ctamb\u00e9m sabemos por experi\u00eancia: \u00e9 dif\u00edcil escolher o bem, guardar o bem que est\u00e1 dentro de n\u00f3s. Pensemos em quantas vezes o desperdi\u00e7amos cedendo \u00e0s sedu\u00e7\u00f5es do mal, sendo espertos pelos nossos pr\u00f3prios interesses ou fazendo algo que poluiria nossos cora\u00e7\u00f5es\u201d.<\/p>\n<h2 style=\"text-align: justify;\">O consolo<\/h2>\n<p style=\"text-align: justify;\">\u201cMas diante de tudo isso\u201d nos consola o Santo Padre, \u201choje temos boas not\u00edcias: Maria, a \u00fanica criatura humana sem pecado na hist\u00f3ria, est\u00e1 conosco na luta, ela \u00e9 nossa irm\u00e3 e, sobretudo, nossa M\u00e3e. E n\u00f3s, que lutamos para escolher o bem, podemos confiar-nos a ela. Confiando-nos, consagrando-nos a Nossa Senhora, n\u00f3s lhe dizemos: \u2018Segura minha m\u00e3o, guia-me: contigo terei mais for\u00e7a na luta contra o mal, contigo redescobrirei minha beleza original\u2019\u201d. Francisco pede ainda outra ora\u00e7\u00e3o para hoje, confiando-nos a Maria, todos os dias: &#8220;Maria, confio a ti a minha vida, a minha fam\u00edlia, o meu trabalho, o meu cora\u00e7\u00e3o e as minhas lutas. Eu me consagro a ti&#8221;.<\/p>\n<\/div>\n","protected":false},"excerpt":{"rendered":"<p>Na Solenidade da Imaculada Concei\u00e7\u00e3o o Papa recordou a Anuncia\u00e7\u00e3o quando o Anjo chamou Maria de \u201ccheia de gra\u00e7a\u201d, que \u00e9 o nome que Deus lhe d\u00e1 e que celebramos hoje\u201d disse Francisco no Angelus desta quinta-feira, 8 de dezembro Jane Nogara &#8211; Vatican News Ou\u00e7a e compartilhe! No Angelus desta Solenidade da Imaculada Concei\u00e7\u00e3o, [&hellip;]<\/p>\n","protected":false},"author":1,"featured_media":77845,"comment_status":"open","ping_status":"closed","sticky":false,"template":"","format":"standard","meta":{"footnotes":""},"categories":[3],"tags":[],"class_list":["post-77844","post","type-post","status-publish","format-standard","has-post-thumbnail","hentry","category-vaticano"],"_links":{"self":[{"href":"https:\/\/catolicanet.net\/wp-cnet\/wp-json\/wp\/v2\/posts\/77844","targetHints":{"allow":["GET"]}}],"collection":[{"href":"https:\/\/catolicanet.net\/wp-cnet\/wp-json\/wp\/v2\/posts"}],"about":[{"href":"https:\/\/catolicanet.net\/wp-cnet\/wp-json\/wp\/v2\/types\/post"}],"author":[{"embeddable":true,"href":"https:\/\/catolicanet.net\/wp-cnet\/wp-json\/wp\/v2\/users\/1"}],"replies":[{"embeddable":true,"href":"https:\/\/catolicanet.net\/wp-cnet\/wp-json\/wp\/v2\/comments?post=77844"}],"version-history":[{"count":1,"href":"https:\/\/catolicanet.net\/wp-cnet\/wp-json\/wp\/v2\/posts\/77844\/revisions"}],"predecessor-version":[{"id":77846,"href":"https:\/\/catolicanet.net\/wp-cnet\/wp-json\/wp\/v2\/posts\/77844\/revisions\/77846"}],"wp:featuredmedia":[{"embeddable":true,"href":"https:\/\/catolicanet.net\/wp-cnet\/wp-json\/wp\/v2\/media\/77845"}],"wp:attachment":[{"href":"https:\/\/catolicanet.net\/wp-cnet\/wp-json\/wp\/v2\/media?parent=77844"}],"wp:term":[{"taxonomy":"category","embeddable":true,"href":"https:\/\/catolicanet.net\/wp-cnet\/wp-json\/wp\/v2\/categories?post=77844"},{"taxonomy":"post_tag","embeddable":true,"href":"https:\/\/catolicanet.net\/wp-cnet\/wp-json\/wp\/v2\/tags?post=77844"}],"curies":[{"name":"wp","href":"https:\/\/api.w.org\/{rel}","templated":true}]}}