{"id":77840,"date":"2022-12-08T09:20:35","date_gmt":"2022-12-08T12:20:35","guid":{"rendered":"https:\/\/catolicanet.net\/wp-cnet\/?p=77840"},"modified":"2022-12-08T14:28:42","modified_gmt":"2022-12-08T17:28:42","slug":"francisco-se-comove-confiando-a-maria-imaculada-a-paz-na-ucrania","status":"publish","type":"post","link":"https:\/\/catolicanet.net\/wp-cnet\/francisco-se-comove-confiando-a-maria-imaculada-a-paz-na-ucrania\/","title":{"rendered":"Francisco se comove confiando a Maria Imaculada a paz na Ucr\u00e2nia"},"content":{"rendered":"<figure class=\"article__image\" style=\"text-align: justify;\"><span class=\"didascalia_img\">A emo\u00e7\u00e3o do Papa na Pra\u00e7a de Espanha durante a ora\u00e7\u00e3o \u00e0 Virgem Imaculada\u00a0<\/span><\/figure>\n<div class=\"article__meta \" data-mediatype=\"\">\n<div class=\"article__subTitle\" style=\"text-align: justify;\">\u201cNo meio de tantas nuvens escuras \u00e9s um sinal de esperan\u00e7a e de consola\u00e7\u00e3o\u201d. Em sua ora\u00e7\u00e3o, feita aos p\u00e9s do monumento dedicado a Nossa Senhora da Imaculada Concei\u00e7\u00e3o, o Papa citou a guerra na Ucr\u00e2nia suplicando \u00e0 Virgem Imaculada, \u201choje gostaria de lhe trazer o agradecimento pela paz que h\u00e1 muito tempo pedimos ao Senhor. Ao inv\u00e9s, ainda devo lhe apresentar a s\u00faplica\u201d<\/div>\n<div class=\"title__separator\" style=\"text-align: justify;\"><\/div>\n<div class=\"article__text \">\n<p style=\"text-align: justify;\"><b>Jane Nogara &#8211; Vatican News<\/b><\/p>\n<p style=\"text-align: justify;\">O Papa Francisco deixou o Vaticano na tarde desta quinta-feira (08\/12), para fazer a tradicional homenagem floreal a Nossa Senhora, aos p\u00e9s do monumento a ela dedicado, situado na Pra\u00e7a Espanha, no centro de Roma. Antes, por\u00e9m, Francisco foi \u00e0 Bas\u00edlica de Santa Maria Maior para um momento de venera\u00e7\u00e3o diante do \u00edcone de Nossa Senhora\u00a0<i>Salus Populi Romani<\/i>.<\/p>\n<p style=\"text-align: justify;\">A Pra\u00e7a Espanha estava repleta de fi\u00e9is romanos e turistas. O Papa foi recebido pelas autoridades municipais e pelo cardeal vig\u00e1rio de Roma. Em sua ora\u00e7\u00e3o, feita aos p\u00e9s do monumento dedicado a Nossa Senhora, o Papa recordou que depois de dois anos retorna \u00e0 Pra\u00e7a para prestar homenagem junto com o povo desta Igreja e desta Cidade. \u201cTrazendo os agradecimentos e s\u00faplicas de todos os seus filhos, de perto e de longe\u201d.<\/p>\n<h2 style=\"text-align: justify;\"><b>Trazendo agradecimentos e s\u00faplicas<\/b><\/h2>\n<p style=\"text-align: justify;\">\u201cAntes de mais nada, trago-lhe o amor filial\u201d, continuou Francisco na sua ora\u00e7\u00e3o, \u201cde incont\u00e1veis homens e mulheres, n\u00e3o apenas crist\u00e3os que t\u00eam a maior gratid\u00e3o por ti, por tua beleza, toda a gra\u00e7a e humildade:<\/p>\n<div style=\"text-align: justify;\">\n<div class=\"article__embed article__embed--border embed_style\">\n<blockquote><p>\u201cPorque no meio de tantas nuvens escuras \u00e9s um sinal de esperan\u00e7a e de consola\u00e7\u00e3o\u201d<\/p><\/blockquote>\n<\/div>\n<\/div>\n<p style=\"text-align: justify;\">Francisco continuou sua ora\u00e7\u00e3o citando que trazia a Nossa Senhora tamb\u00e9m o sorriso das crian\u00e7as, que come\u00e7am a saber que t\u00eam uma M\u00e3e no C\u00e9u; a gratid\u00e3o dos idosos; as preocupa\u00e7\u00f5es das fam\u00edlias; os sonhos e as \u00e2nsias dos jovens. Pedindo a Maria especialmente \u201cpelos que foram mais afetados pela pandemia, para que lentamente recomecem a agitar e abrir suas asas e que recuperem o gosto de voar alto\u201d.<\/p>\n<h2 style=\"text-align: justify;\"><b>Pela paz na Ucr\u00e2nia<\/b><\/h2>\n<p style=\"text-align: justify;\">Na parte final de sua ora\u00e7\u00e3o o Papa recordou com emo\u00e7\u00e3o, chegando \u00e0s l\u00e1gtrimas, a guerra na Ucr\u00e2nia:<\/p>\n<p style=\"text-align: justify;\">&#8220;<i>Virgem Imaculada, hoje gostaria<br \/>\nde lhe trazer o agradecimento do povo ucraniano<br \/>\npela paz que h\u00e1 muito tempo pedimos ao Senhor.<br \/>\nAo inv\u00e9s, ainda devo lhe apresentar a s\u00faplica<br \/>\ndas crian\u00e7as, dos idosos<br \/>\ndos pais e das m\u00e3es, dos jovens<br \/>\ndaquela terra martirizada.<br \/>\nMas na realidade todos n\u00f3s sabemos<br \/>\nque est\u00e1s com eles e com todos os que sofrem,<br \/>\nassim como estiveste ao lado da cruz do teu Filho.<\/i><\/p>\n<p style=\"text-align: justify;\"><i>Obrigado, nossa M\u00e3e!<br \/>\nOlhando para ti, que \u00e9s sem pecado<br \/>\npodemos continuar a acreditar e esperar<br \/>\nque o amor ven\u00e7a o \u00f3dio<br \/>\nque a verdade ven\u00e7a a falsidade,<br \/>\nque o perd\u00e3o ven\u00e7a a ofensa,<br \/>\ne que a paz prevale\u00e7a sobre a guerra. Assim seja!<\/i>&#8220;.<\/p>\n<\/div>\n<\/div>\n","protected":false},"excerpt":{"rendered":"<p>A emo\u00e7\u00e3o do Papa na Pra\u00e7a de Espanha durante a ora\u00e7\u00e3o \u00e0 Virgem Imaculada\u00a0 \u201cNo meio de tantas nuvens escuras \u00e9s um sinal de esperan\u00e7a e de consola\u00e7\u00e3o\u201d. Em sua ora\u00e7\u00e3o, feita aos p\u00e9s do monumento dedicado a Nossa Senhora da Imaculada Concei\u00e7\u00e3o, o Papa citou a guerra na Ucr\u00e2nia suplicando \u00e0 Virgem Imaculada, \u201choje [&hellip;]<\/p>\n","protected":false},"author":1,"featured_media":77841,"comment_status":"open","ping_status":"closed","sticky":false,"template":"","format":"standard","meta":{"footnotes":""},"categories":[13,3],"tags":[],"class_list":["post-77840","post","type-post","status-publish","format-standard","has-post-thumbnail","hentry","category-featured","category-vaticano"],"_links":{"self":[{"href":"https:\/\/catolicanet.net\/wp-cnet\/wp-json\/wp\/v2\/posts\/77840","targetHints":{"allow":["GET"]}}],"collection":[{"href":"https:\/\/catolicanet.net\/wp-cnet\/wp-json\/wp\/v2\/posts"}],"about":[{"href":"https:\/\/catolicanet.net\/wp-cnet\/wp-json\/wp\/v2\/types\/post"}],"author":[{"embeddable":true,"href":"https:\/\/catolicanet.net\/wp-cnet\/wp-json\/wp\/v2\/users\/1"}],"replies":[{"embeddable":true,"href":"https:\/\/catolicanet.net\/wp-cnet\/wp-json\/wp\/v2\/comments?post=77840"}],"version-history":[{"count":1,"href":"https:\/\/catolicanet.net\/wp-cnet\/wp-json\/wp\/v2\/posts\/77840\/revisions"}],"predecessor-version":[{"id":77842,"href":"https:\/\/catolicanet.net\/wp-cnet\/wp-json\/wp\/v2\/posts\/77840\/revisions\/77842"}],"wp:featuredmedia":[{"embeddable":true,"href":"https:\/\/catolicanet.net\/wp-cnet\/wp-json\/wp\/v2\/media\/77841"}],"wp:attachment":[{"href":"https:\/\/catolicanet.net\/wp-cnet\/wp-json\/wp\/v2\/media?parent=77840"}],"wp:term":[{"taxonomy":"category","embeddable":true,"href":"https:\/\/catolicanet.net\/wp-cnet\/wp-json\/wp\/v2\/categories?post=77840"},{"taxonomy":"post_tag","embeddable":true,"href":"https:\/\/catolicanet.net\/wp-cnet\/wp-json\/wp\/v2\/tags?post=77840"}],"curies":[{"name":"wp","href":"https:\/\/api.w.org\/{rel}","templated":true}]}}