{"id":77777,"date":"2022-12-05T09:26:12","date_gmt":"2022-12-05T12:26:12","guid":{"rendered":"https:\/\/catolicanet.net\/wp-cnet\/?p=77777"},"modified":"2022-12-05T22:27:15","modified_gmt":"2022-12-06T01:27:15","slug":"primeiro-vt-do-ano-vocacional-produzido-pela-pai-eterno-comeca-a-ser-veiculado-nas-emissoras-de-inspiracao-catolica","status":"publish","type":"post","link":"https:\/\/catolicanet.net\/wp-cnet\/primeiro-vt-do-ano-vocacional-produzido-pela-pai-eterno-comeca-a-ser-veiculado-nas-emissoras-de-inspiracao-catolica\/","title":{"rendered":"PRIMEIRO VT DO ANO VOCACIONAL, PRODUZIDO PELA PAI ETERNO, COME\u00c7A A SER VEICULADO NAS EMISSORAS DE INSPIRA\u00c7\u00c3O CAT\u00d3LICA"},"content":{"rendered":"<p style=\"text-align: justify;\">A Igreja no Brasil celebra o 3\u00ba Ano Vocacional inspirado pelo tema\u00a0<strong>\u201cVoca\u00e7\u00e3o: Gra\u00e7a e Miss\u00e3o\u201d<\/strong>, ocasi\u00e3o em que toda comunidade crist\u00e3 \u00e9 chamada a animar, cultivar e formar as voca\u00e7\u00f5es. Com o lema\u00a0<strong>\u201cCora\u00e7\u00f5es ardentes, p\u00e9s a caminho\u201d (cf. Lc 24, 32-33)<\/strong>, a iniciativa se estende at\u00e9 26 de novembro de 2023.<\/p>\n<p style=\"text-align: justify;\">Aprovado por unanimidade pelo episcopado brasileiro, reunido em Assembleia Geral, o Ano Vocacional \u00e9 motivo de alegria e anseio de animadores vocacionais e de organismos de toda a Igreja. Como apoio a esse envolvimento, foram preparados materiais de divulga\u00e7\u00e3o para que a iniciativa seja difundida em todas as dioceses. S\u00e3o spots para r\u00e1dio, VT\u2019s para televis\u00e3o, materiais para as redes sociais e os subs\u00eddios do Ano Vocacional,\u00a0<a href=\"https:\/\/www.cnbb.org.br\/cnbb-lanca-subsidios-para-o-3o-ano-vocacional-do-brasil\/\">como o texto-base, as celebra\u00e7\u00f5es mensais e o subs\u00eddio para a catequese<\/a>.<\/p>\n<p style=\"text-align: justify;\">Nesta semana, por exemplo, as emissoras de televis\u00e3o de inspira\u00e7\u00e3o cat\u00f3lica come\u00e7aram a divulgar o primeiro VT do Ano Vocacional, produzido pela TV Pai Eterno. Trata-se de um material institucional com 50 segundos de dura\u00e7\u00e3o.<\/p>\n<blockquote><p>\u201cCom os cora\u00e7\u00f5es ardentes e os p\u00e9s a caminho sigamos a Palavra do ressuscitado e anunciemos o encontro com Cristo. Participe das atividades em sua comunidade eclesial. \u00c9 tempo\u00a0 de celebrar o chamado que Deus nos faz!\u201d, diz um trecho do primeiro VT oficial veiculado nas emissoras cat\u00f3licas.<\/p><\/blockquote>\n<p style=\"text-align: justify;\">Confira o v\u00eddeo na \u00edntegra:<\/p>\n<div class=\"ast-oembed-container\" style=\"text-align: justify;\"><iframe loading=\"lazy\" title=\"Institucional - Abertura do Ano Vocacional\" src=\"https:\/\/www.youtube.com\/embed\/JQ1o_StKr4s?feature=oembed\" width=\"1200\" height=\"675\" frameborder=\"0\" allowfullscreen=\"allowfullscreen\" data-mce-fragment=\"1\"><\/iframe><\/div>\n<p style=\"text-align: justify;\">\n<h3 style=\"text-align: justify;\"><strong>Materiais do Ano Vocacional<\/strong><\/h3>\n<p style=\"text-align: justify;\">Todos os materiais do Ano Vocacional est\u00e3o dispon\u00edveis no site\u00a0<a href=\"https:\/\/anovocacional.cnbb.org.br\/\" target=\"_blank\" rel=\"noopener\">anovocacional.cnbb.org.br<\/a>\u00a0e tamb\u00e9m nas redes sociais: @anovocacional (Instagram e Facebook).<\/p>\n","protected":false},"excerpt":{"rendered":"<p>A Igreja no Brasil celebra o 3\u00ba Ano Vocacional inspirado pelo tema\u00a0\u201cVoca\u00e7\u00e3o: Gra\u00e7a e Miss\u00e3o\u201d, ocasi\u00e3o em que toda comunidade crist\u00e3 \u00e9 chamada a animar, cultivar e formar as voca\u00e7\u00f5es. Com o lema\u00a0\u201cCora\u00e7\u00f5es ardentes, p\u00e9s a caminho\u201d (cf. Lc 24, 32-33), a iniciativa se estende at\u00e9 26 de novembro de 2023. Aprovado por unanimidade pelo [&hellip;]<\/p>\n","protected":false},"author":1,"featured_media":77778,"comment_status":"open","ping_status":"closed","sticky":false,"template":"","format":"standard","meta":{"footnotes":""},"categories":[7,13],"tags":[],"class_list":["post-77777","post","type-post","status-publish","format-standard","has-post-thumbnail","hentry","category-cnbb","category-featured"],"_links":{"self":[{"href":"https:\/\/catolicanet.net\/wp-cnet\/wp-json\/wp\/v2\/posts\/77777","targetHints":{"allow":["GET"]}}],"collection":[{"href":"https:\/\/catolicanet.net\/wp-cnet\/wp-json\/wp\/v2\/posts"}],"about":[{"href":"https:\/\/catolicanet.net\/wp-cnet\/wp-json\/wp\/v2\/types\/post"}],"author":[{"embeddable":true,"href":"https:\/\/catolicanet.net\/wp-cnet\/wp-json\/wp\/v2\/users\/1"}],"replies":[{"embeddable":true,"href":"https:\/\/catolicanet.net\/wp-cnet\/wp-json\/wp\/v2\/comments?post=77777"}],"version-history":[{"count":1,"href":"https:\/\/catolicanet.net\/wp-cnet\/wp-json\/wp\/v2\/posts\/77777\/revisions"}],"predecessor-version":[{"id":77779,"href":"https:\/\/catolicanet.net\/wp-cnet\/wp-json\/wp\/v2\/posts\/77777\/revisions\/77779"}],"wp:featuredmedia":[{"embeddable":true,"href":"https:\/\/catolicanet.net\/wp-cnet\/wp-json\/wp\/v2\/media\/77778"}],"wp:attachment":[{"href":"https:\/\/catolicanet.net\/wp-cnet\/wp-json\/wp\/v2\/media?parent=77777"}],"wp:term":[{"taxonomy":"category","embeddable":true,"href":"https:\/\/catolicanet.net\/wp-cnet\/wp-json\/wp\/v2\/categories?post=77777"},{"taxonomy":"post_tag","embeddable":true,"href":"https:\/\/catolicanet.net\/wp-cnet\/wp-json\/wp\/v2\/tags?post=77777"}],"curies":[{"name":"wp","href":"https:\/\/api.w.org\/{rel}","templated":true}]}}