{"id":77769,"date":"2022-12-05T09:22:00","date_gmt":"2022-12-05T12:22:00","guid":{"rendered":"https:\/\/catolicanet.net\/wp-cnet\/?p=77769"},"modified":"2022-12-05T22:23:28","modified_gmt":"2022-12-06T01:23:28","slug":"papa-francisco-sem-paz-somos-todos-derrotados","status":"publish","type":"post","link":"https:\/\/catolicanet.net\/wp-cnet\/papa-francisco-sem-paz-somos-todos-derrotados\/","title":{"rendered":"Papa Francisco: &#8220;Sem paz somos todos derrotados&#8221;"},"content":{"rendered":"<figure class=\"article__image\"><span class=\"didascalia_img\">Destrui\u00e7\u00e3o na Ucr\u00e2nia\u00a0 (AFP or licensors)<\/span><\/figure>\n<div class=\"article__meta audioInside\" data-mediatype=\"\">\n<div class=\"article__subTitle\" style=\"text-align: justify;\">Publicamos a introdu\u00e7\u00e3o do Papa Francisco ao livro &#8220;Uma enc\u00edclica sobre a paz na Ucr\u00e2nia&#8221; (Edi\u00e7\u00f5es Terra Santa, organizado por Francesco Grana) que re\u00fane os discursos do Pont\u00edfice sobre o conflito na Europa. O texto foi antecipado pelo jornal &#8220;Il Fatto Quotidiano&#8221;<\/div>\n<div class=\"title__separator\" style=\"text-align: justify;\"><\/div>\n<div class=\"article__text \">\n<p style=\"text-align: justify;\"><b>Francisco<\/b><\/p>\n<p style=\"text-align: justify;\">\u201cNunca soube que o Senhor tenha come\u00e7ado um milagre sem conclu\u00ed-lo bem&#8221;. Desde que li e reli o livro\u00a0<i>Os Noivos<\/i>\u00a0de Alessandro Manzoni, h\u00e1 muitos anos, sempre meditei longamente sobre esta frase. \u00c9 uma frase de esperan\u00e7a, enquanto caminhamos rumo ao Jubileu de 2025, cujo lema eu quis dedicar precisamente a esta virtude teologal: Peregrinos da Esperan\u00e7a.<\/p>\n<div style=\"text-align: justify;\">\n<div class=\"article__embed article__embed--unwrap article__embed--dark\">\n<div class=\"article__innerTitle\">Ou\u00e7a e compartilhe!<\/div>\n<div>\n<!--[if lt IE 9]><script>document.createElement('audio');<\/script><![endif]-->\n<audio class=\"wp-audio-shortcode\" id=\"audio-77769-1\" preload=\"none\" style=\"width: 100%;\" controls=\"controls\"><source type=\"audio\/mpeg\" src=\"https:\/\/media.vaticannews.va\/media\/audio\/s1\/2022\/12\/05\/10\/136816751_F136816751.mp3?_=1\" \/><a href=\"https:\/\/media.vaticannews.va\/media\/audio\/s1\/2022\/12\/05\/10\/136816751_F136816751.mp3\">https:\/\/media.vaticannews.va\/media\/audio\/s1\/2022\/12\/05\/10\/136816751_F136816751.mp3<\/a><\/audio>\n<\/div>\n<\/div>\n<\/div>\n<p style=\"text-align: justify;\">Bento XVI nos deu uma maravilhosa enc\u00edclica sobre esperan\u00e7a<i>, Spe salvi<\/i>. Ele escreve que \u201ca \u2018reden\u00e7\u00e3o\u2019, a salva\u00e7\u00e3o, segundo a f\u00e9 crist\u00e3, n\u00e3o \u00e9 um simples dado de fato. A reden\u00e7\u00e3o \u00e9-nos oferecida no sentido que nos foi dada a esperan\u00e7a, uma esperan\u00e7a fidedigna, gra\u00e7as \u00e0 qual podemos enfrentar o nosso tempo presente: o presente, ainda que custoso, pode ser vivido e aceito, se levar a uma meta e se pudermos estar seguros desta meta, se esta meta for t\u00e3o grande que justifique a canseira do caminho\u201d.<\/p>\n<p style=\"text-align: justify;\">Estas s\u00e3o experi\u00eancias que cada um de n\u00f3s teve na sua pr\u00f3pria vida e que nos permitem enfrentar as quedas di\u00e1rias com a certeza de que o Senhor nos toma pela m\u00e3o e nos levanta porque Ele n\u00e3o quer que fiquemos no ch\u00e3o. Tenho lembrado com frequ\u00eancia &#8220;que \u00e9 l\u00edcito olhar uma pessoa do alto para baixo somente para ajud\u00e1-la a se levantar: nada mais. Somente neste caso \u00e9 l\u00edcito olhar de cima para baixo. Mas n\u00f3s crist\u00e3os devemos ter o olhar de Cristo, que abra\u00e7a de baixo, que busca os perdidos, com compaix\u00e3o. Este \u00e9, e deve ser, o olhar da Igreja, sempre, o olhar de Cristo, n\u00e3o o olhar condenador&#8221;.<\/p>\n<p style=\"text-align: justify;\">A guerra na Ucr\u00e2nia, mesmo na v\u00e9spera do seu in\u00edcio, questionou cada um de n\u00f3s. Depois dos anos dram\u00e1ticos da pandemia, quando, n\u00e3o sem grandes dificuldades e muitas trag\u00e9dias, est\u00e1vamos finalmente saindo de sua fase mais aguda, por que chegou o horror deste conflito sem sentido e blasfemo, como \u00e9 toda a guerra? Podemos falar com seguran\u00e7a de uma guerra justa? Podemos falar com seguran\u00e7a de uma guerra santa?<\/p>\n<p style=\"text-align: justify;\">N\u00f3s, homens de Deus que anunciamos o Evangelho do Ressuscitado, temos o dever de gritar esta verdade de f\u00e9. Deus \u00e9 um Deus da paz, do amor e da esperan\u00e7a. Um Deus que quer que todos n\u00f3s sejamos irm\u00e3os, como Seu Filho Jesus Cristo nos ensinou. Os horrores da guerra, de toda guerra, ofendem o sant\u00edssimo nome de Deus. E o ofendem ainda mais quando seu nome \u00e9 abusado para justificar tal indiz\u00edvel massacre.<\/p>\n<p style=\"text-align: justify;\">O grito das crian\u00e7as, das mulheres e dos homens feridos pela guerra sobe a Deus como uma ora\u00e7\u00e3o pungente pelo cora\u00e7\u00e3o do Pai. Quantas trag\u00e9dias ainda teremos que testemunhar antes que todos os envolvidos em cada guerra compreendam que esta \u00e9 apenas uma estrada de morte que ilude apenas alguns a acreditarem que s\u00e3o os vencedores? Pois que fique claro: com a guerra todos n\u00f3s somos derrotados! Mesmo os que n\u00e3o tomaram parte dela e que, na covarde indiferen\u00e7a, assistiram a este horror sem intervir para levar a paz.<\/p>\n<p style=\"text-align: justify;\">Todos n\u00f3s, em qualquer papel, temos o dever de ser homens de paz. Ningu\u00e9m exclu\u00eddo! Ningu\u00e9m tem o direito de olhar para o outro lado. &#8220;Neste mundo da globaliza\u00e7\u00e3o, ca\u00edmos na globaliza\u00e7\u00e3o da indiferen\u00e7a. Habituamo-nos ao sofrimento do outro, n\u00e3o nos diz respeito, n\u00e3o nos interessa, n\u00e3o \u00e9 responsabilidade nossa! Reaparece a figura do \u2018Inominado\u2019 de Alexandre Manzoni. A globaliza\u00e7\u00e3o da indiferen\u00e7a torna-nos a todos \u2018inominados\u2019, respons\u00e1veis sem nome e sem rosto&#8221;.<\/p>\n<p style=\"text-align: justify;\">Na v\u00e9spera do in\u00edcio da Segunda Guerra Mundial, o Servo de Deus Pio XII lembrou ao mundo que &#8220;nada se perde com a paz. Tudo pode ser perdido com a guerra. Que os homens voltem a compreender-se. Recomecem as negocia\u00e7\u00f5es. Tratando com boa vontade e com respeito os direitos rec\u00edprocos, dar-se-\u00e3o conta de que a negocia\u00e7\u00f5es sinceras e eficazes nunca est\u00e1 fechado um sucesso excelente\u201d.<\/p>\n<p style=\"text-align: justify;\">Sou particularmente grato a Francesco Antonio Grana porque reuniu todos os meus apelos pela paz na Ucr\u00e2nia. Do mesmo sou grato ao seu jornal,\u00a0<a href=\"https:\/\/www.ilfattoquotidiano.it\/\" target=\"_blank\" rel=\"external nofollow noopener\">ilfattoquotidiano.it<\/a>, porque, desde o in\u00edcio deste conflito, sempre deu ampla resson\u00e2ncia a estas minhas palavras. Como sou para tantos outros homens e mulheres que se fizeram portadores desta mensagem, muitas vezes com concretude e no sil\u00eancio.<\/p>\n<p style=\"text-align: justify;\">O texto que voc\u00eas t\u00eam m\u00e3os \u00e9 um texto que re\u00fane o que despertou no meu cora\u00e7\u00e3o durante estes meses de guerra, vendo as imagens desta terr\u00edvel trag\u00e9dia e lendo as terr\u00edveis cr\u00f4nicas desta e de muitos outros conflitos no mundo que muitas vezes s\u00e3o esquecidos. Uma esp\u00e9cie de di\u00e1rio de guerra que ofere\u00e7o aos leitores na esperan\u00e7a de que possa muito em breve tornar-se um di\u00e1rio de paz e, sobretudo, um aviso a todos para n\u00e3o repetirem mais tais monstruosidades. Uma verdadeira enc\u00edclica sobre e pela paz na Ucr\u00e2nia e em todos os outros lugares da Terra.<\/p>\n<p style=\"text-align: justify;\">Enquanto continuamos a rezar insistentemente pela paz na Ucr\u00e2nia, verdadeiramente sem nunca nos cansarmos, n\u00e3o devemos nos acostumar a esta guerra assim como qualquer outra guerra. N\u00e3o devemos permitir que nossos cora\u00e7\u00f5es e mentes fiquem anestesiados diante da repeti\u00e7\u00e3o destes graves horrores contra Deus e contra o homem. N\u00e3o devemos, por nenhuma raz\u00e3o no mundo, acostumar-nos a isto, quase tomando como certa esta terceira guerra mundial em peda\u00e7os que se tornou, diante de nossos olhos, uma guerra mundial total.<\/p>\n<p style=\"text-align: justify;\">Rezemos pela paz! Vamos trabalhar pela paz! Certos de que o Senhor Jesus, Pr\u00edncipe da Paz, dar\u00e1 \u00e0 Ucr\u00e2nia e ao mundo inteiro, especialmente onde tantos focos de guerra ainda persistem, o alvorecer da manh\u00e3 de P\u00e1scoa.<\/p>\n<\/div>\n<\/div>\n","protected":false},"excerpt":{"rendered":"<p>Destrui\u00e7\u00e3o na Ucr\u00e2nia\u00a0 (AFP or licensors) Publicamos a introdu\u00e7\u00e3o do Papa Francisco ao livro &#8220;Uma enc\u00edclica sobre a paz na Ucr\u00e2nia&#8221; (Edi\u00e7\u00f5es Terra Santa, organizado por Francesco Grana) que re\u00fane os discursos do Pont\u00edfice sobre o conflito na Europa. O texto foi antecipado pelo jornal &#8220;Il Fatto Quotidiano&#8221; Francisco \u201cNunca soube que o Senhor tenha [&hellip;]<\/p>\n","protected":false},"author":1,"featured_media":77770,"comment_status":"open","ping_status":"closed","sticky":false,"template":"","format":"standard","meta":{"footnotes":""},"categories":[3],"tags":[],"class_list":["post-77769","post","type-post","status-publish","format-standard","has-post-thumbnail","hentry","category-vaticano"],"_links":{"self":[{"href":"https:\/\/catolicanet.net\/wp-cnet\/wp-json\/wp\/v2\/posts\/77769","targetHints":{"allow":["GET"]}}],"collection":[{"href":"https:\/\/catolicanet.net\/wp-cnet\/wp-json\/wp\/v2\/posts"}],"about":[{"href":"https:\/\/catolicanet.net\/wp-cnet\/wp-json\/wp\/v2\/types\/post"}],"author":[{"embeddable":true,"href":"https:\/\/catolicanet.net\/wp-cnet\/wp-json\/wp\/v2\/users\/1"}],"replies":[{"embeddable":true,"href":"https:\/\/catolicanet.net\/wp-cnet\/wp-json\/wp\/v2\/comments?post=77769"}],"version-history":[{"count":1,"href":"https:\/\/catolicanet.net\/wp-cnet\/wp-json\/wp\/v2\/posts\/77769\/revisions"}],"predecessor-version":[{"id":77771,"href":"https:\/\/catolicanet.net\/wp-cnet\/wp-json\/wp\/v2\/posts\/77769\/revisions\/77771"}],"wp:featuredmedia":[{"embeddable":true,"href":"https:\/\/catolicanet.net\/wp-cnet\/wp-json\/wp\/v2\/media\/77770"}],"wp:attachment":[{"href":"https:\/\/catolicanet.net\/wp-cnet\/wp-json\/wp\/v2\/media?parent=77769"}],"wp:term":[{"taxonomy":"category","embeddable":true,"href":"https:\/\/catolicanet.net\/wp-cnet\/wp-json\/wp\/v2\/categories?post=77769"},{"taxonomy":"post_tag","embeddable":true,"href":"https:\/\/catolicanet.net\/wp-cnet\/wp-json\/wp\/v2\/tags?post=77769"}],"curies":[{"name":"wp","href":"https:\/\/api.w.org\/{rel}","templated":true}]}}