{"id":77682,"date":"2022-12-01T10:12:09","date_gmt":"2022-12-01T13:12:09","guid":{"rendered":"https:\/\/catolicanet.net\/wp-cnet\/?p=77682"},"modified":"2022-12-01T12:29:36","modified_gmt":"2022-12-01T15:29:36","slug":"fotos-impactantes-de-charles-de-foucauld-e-sua-espiritualidade-do-deserto","status":"publish","type":"post","link":"https:\/\/catolicanet.net\/wp-cnet\/fotos-impactantes-de-charles-de-foucauld-e-sua-espiritualidade-do-deserto\/","title":{"rendered":"Fotos impactantes de Charles de Foucauld e sua espiritualidade do deserto"},"content":{"rendered":"<h2 class=\"subtitle\" style=\"text-align: justify;\">O eremita que morreu assassinado por um adolescente percorreu um caminho \u00e1rido e de trevas. Sua forte espiritualidade pode nos ajudar a entender os des\u00edgnios do Senhor<\/h2>\n<p style=\"text-align: justify;\">Ahist\u00f3ria de\u00a0Charles de Foucauld\u00a0\u00e9 bastante curiosa.\u00a0Ele percorreu um longo caminho, muitas vezes cheio de trevas, que o ajudou a intuir a paci\u00eancia de Deus na realiza\u00e7\u00e3o dos seus des\u00edgnios.\u00a0Resultado: um homem purificado e transformado em Evangelho vivo, que nos permite ter uma ideia de como era Jesus de Nazar\u00e9.<\/p>\n<p style=\"text-align: justify;\">Conhe\u00e7a-o um pouco mais atrav\u00e9s desta galeria de imagens:<\/p>\n<p style=\"text-align: justify;\"><img loading=\"lazy\" decoding=\"async\" class=\"alignnone wp-image-77684 size-large\" src=\"https:\/\/catolicanet.net\/wp-cnet\/wp-content\/uploads\/2022\/12\/web3-wandering-hermit-viscount-charles-de-foucauld-public-domain-1024x497.webp\" alt=\"\" width=\"696\" height=\"338\" srcset=\"https:\/\/catolicanet.net\/wp-cnet\/wp-content\/uploads\/2022\/12\/web3-wandering-hermit-viscount-charles-de-foucauld-public-domain-1024x497.webp 1024w, https:\/\/catolicanet.net\/wp-cnet\/wp-content\/uploads\/2022\/12\/web3-wandering-hermit-viscount-charles-de-foucauld-public-domain-300x146.webp 300w, https:\/\/catolicanet.net\/wp-cnet\/wp-content\/uploads\/2022\/12\/web3-wandering-hermit-viscount-charles-de-foucauld-public-domain-768x372.webp 768w, https:\/\/catolicanet.net\/wp-cnet\/wp-content\/uploads\/2022\/12\/web3-wandering-hermit-viscount-charles-de-foucauld-public-domain-696x338.webp 696w, https:\/\/catolicanet.net\/wp-cnet\/wp-content\/uploads\/2022\/12\/web3-wandering-hermit-viscount-charles-de-foucauld-public-domain-1068x518.webp 1068w, https:\/\/catolicanet.net\/wp-cnet\/wp-content\/uploads\/2022\/12\/web3-wandering-hermit-viscount-charles-de-foucauld-public-domain-866x420.webp 866w, https:\/\/catolicanet.net\/wp-cnet\/wp-content\/uploads\/2022\/12\/web3-wandering-hermit-viscount-charles-de-foucauld-public-domain.webp 1200w\" sizes=\"auto, (max-width: 696px) 100vw, 696px\" \/><\/p>\n<p style=\"text-align: justify;\">Charles de Foucauld nasceu na Fran\u00e7a em 1858, em uma fam\u00edlia crist\u00e3 rica. Ele ficou \u00f3rf\u00e3o aos seis anos de idade. Aos 16, perdeu sua f\u00e9 e viveu sem controle at\u00e9 os 20. Ap\u00f3s sua convers\u00e3o, viveu na pobreza abjeta com os habitantes do deserto do Saara. &#8220;Assim que acreditei que havia um Deus e que s\u00f3 O poderia encontrar na Igreja Cat\u00f3lica, compreendi que s\u00f3 podia viver para Ele; a partir daquele momento minha voca\u00e7\u00e3o religiosa foi decidida. H\u00e1 uma diferen\u00e7a muito grande entre Deus e tudo o que n\u00e3o \u00e9 Ele!&#8221;<\/p>\n<p style=\"text-align: justify;\"><img loading=\"lazy\" decoding=\"async\" class=\"alignnone wp-image-77685 size-large\" src=\"https:\/\/catolicanet.net\/wp-cnet\/wp-content\/uploads\/2022\/12\/web-france-charles-de-foucuald-c2a9archives-ciric-1024x749.webp\" alt=\"\" width=\"696\" height=\"509\" srcset=\"https:\/\/catolicanet.net\/wp-cnet\/wp-content\/uploads\/2022\/12\/web-france-charles-de-foucuald-c2a9archives-ciric-1024x749.webp 1024w, https:\/\/catolicanet.net\/wp-cnet\/wp-content\/uploads\/2022\/12\/web-france-charles-de-foucuald-c2a9archives-ciric-300x219.webp 300w, https:\/\/catolicanet.net\/wp-cnet\/wp-content\/uploads\/2022\/12\/web-france-charles-de-foucuald-c2a9archives-ciric-768x562.webp 768w, https:\/\/catolicanet.net\/wp-cnet\/wp-content\/uploads\/2022\/12\/web-france-charles-de-foucuald-c2a9archives-ciric-1536x1123.webp 1536w, https:\/\/catolicanet.net\/wp-cnet\/wp-content\/uploads\/2022\/12\/web-france-charles-de-foucuald-c2a9archives-ciric-80x60.webp 80w, https:\/\/catolicanet.net\/wp-cnet\/wp-content\/uploads\/2022\/12\/web-france-charles-de-foucuald-c2a9archives-ciric-696x509.webp 696w, https:\/\/catolicanet.net\/wp-cnet\/wp-content\/uploads\/2022\/12\/web-france-charles-de-foucuald-c2a9archives-ciric-1068x781.webp 1068w, https:\/\/catolicanet.net\/wp-cnet\/wp-content\/uploads\/2022\/12\/web-france-charles-de-foucuald-c2a9archives-ciric-574x420.webp 574w, https:\/\/catolicanet.net\/wp-cnet\/wp-content\/uploads\/2022\/12\/web-france-charles-de-foucuald-c2a9archives-ciric.webp 1719w\" sizes=\"auto, (max-width: 696px) 100vw, 696px\" \/><\/p>\n<p style=\"text-align: justify;\">Ap\u00f3s uma breve carreira no ex\u00e9rcito, ele explorou o Marrocos. Come\u00e7ou sua vida asc\u00e9tica em 1890 na S\u00edria e na Palestina e foi ordenado sacerdote em 1901. Estabeleceu-se em Tamanrasset, Arg\u00e9lia, em 1905, no meio do povo tuaregue. L\u00e1, foi assassinado em 1 de dezembro de 1916.<\/p>\n<p style=\"text-align: justify;\"><img loading=\"lazy\" decoding=\"async\" class=\"alignnone wp-image-77686 size-large\" src=\"https:\/\/catolicanet.net\/wp-cnet\/wp-content\/uploads\/2022\/12\/en_01032855_0101-1024x750.webp\" alt=\"\" width=\"696\" height=\"510\" srcset=\"https:\/\/catolicanet.net\/wp-cnet\/wp-content\/uploads\/2022\/12\/en_01032855_0101-1024x750.webp 1024w, https:\/\/catolicanet.net\/wp-cnet\/wp-content\/uploads\/2022\/12\/en_01032855_0101-300x220.webp 300w, https:\/\/catolicanet.net\/wp-cnet\/wp-content\/uploads\/2022\/12\/en_01032855_0101-768x562.webp 768w, https:\/\/catolicanet.net\/wp-cnet\/wp-content\/uploads\/2022\/12\/en_01032855_0101-80x60.webp 80w, https:\/\/catolicanet.net\/wp-cnet\/wp-content\/uploads\/2022\/12\/en_01032855_0101-696x509.webp 696w, https:\/\/catolicanet.net\/wp-cnet\/wp-content\/uploads\/2022\/12\/en_01032855_0101-1068x782.webp 1068w, https:\/\/catolicanet.net\/wp-cnet\/wp-content\/uploads\/2022\/12\/en_01032855_0101-574x420.webp 574w, https:\/\/catolicanet.net\/wp-cnet\/wp-content\/uploads\/2022\/12\/en_01032855_0101.webp 1500w\" sizes=\"auto, (max-width: 696px) 100vw, 696px\" \/><\/p>\n<div class=\"css-1biibxe\" style=\"text-align: justify;\">Uma voz no deserto<\/div>\n<div class=\"css-cmyumk\" style=\"text-align: justify;\">Foucauld passou sua vida no deserto africano semeando um ideal: que todos os homens tivessem apenas um destino, serem irm\u00e3os. Este grito no deserto &#8211; aparentemente infrut\u00edfero &#8211; \u00e9 hoje a semente das fraternidades que se espalharam pelo mundo.<\/div>\n<div style=\"text-align: justify;\"><\/div>\n<div style=\"text-align: justify;\"><img loading=\"lazy\" decoding=\"async\" class=\"alignnone wp-image-77687 size-full\" src=\"https:\/\/catolicanet.net\/wp-cnet\/wp-content\/uploads\/2022\/12\/vbndi-est1ongfjnpagtb62_utinlzkazsksxaubm_6cmo6-5fvt6yb99kqumpogumxzqdmd4zddkqs18yphnfukbz1s.webp\" alt=\"\" width=\"512\" height=\"340\" srcset=\"https:\/\/catolicanet.net\/wp-cnet\/wp-content\/uploads\/2022\/12\/vbndi-est1ongfjnpagtb62_utinlzkazsksxaubm_6cmo6-5fvt6yb99kqumpogumxzqdmd4zddkqs18yphnfukbz1s.webp 512w, https:\/\/catolicanet.net\/wp-cnet\/wp-content\/uploads\/2022\/12\/vbndi-est1ongfjnpagtb62_utinlzkazsksxaubm_6cmo6-5fvt6yb99kqumpogumxzqdmd4zddkqs18yphnfukbz1s-300x199.webp 300w\" sizes=\"auto, (max-width: 512px) 100vw, 512px\" \/><\/div>\n<div style=\"text-align: justify;\">Ele viveu amando as pessoas de outras convic\u00e7\u00f5es religiosas sem tentar convenc\u00ea-las de suas pr\u00f3prias convic\u00e7\u00f5es, como um verdadeiro irm\u00e3o. Descobriu que Jesus convidava a todos para a fraternidade universal.<\/div>\n<div style=\"text-align: justify;\"><\/div>\n<div style=\"text-align: justify;\"><img loading=\"lazy\" decoding=\"async\" class=\"alignnone wp-image-77688 size-large\" src=\"https:\/\/catolicanet.net\/wp-cnet\/wp-content\/uploads\/2022\/12\/web3-charles-de-foucauld-blessed-1024x512.webp\" alt=\"\" width=\"696\" height=\"348\" srcset=\"https:\/\/catolicanet.net\/wp-cnet\/wp-content\/uploads\/2022\/12\/web3-charles-de-foucauld-blessed-1024x512.webp 1024w, https:\/\/catolicanet.net\/wp-cnet\/wp-content\/uploads\/2022\/12\/web3-charles-de-foucauld-blessed-300x150.webp 300w, https:\/\/catolicanet.net\/wp-cnet\/wp-content\/uploads\/2022\/12\/web3-charles-de-foucauld-blessed-768x384.webp 768w, https:\/\/catolicanet.net\/wp-cnet\/wp-content\/uploads\/2022\/12\/web3-charles-de-foucauld-blessed-696x348.webp 696w, https:\/\/catolicanet.net\/wp-cnet\/wp-content\/uploads\/2022\/12\/web3-charles-de-foucauld-blessed-1068x534.webp 1068w, https:\/\/catolicanet.net\/wp-cnet\/wp-content\/uploads\/2022\/12\/web3-charles-de-foucauld-blessed-840x420.webp 840w, https:\/\/catolicanet.net\/wp-cnet\/wp-content\/uploads\/2022\/12\/web3-charles-de-foucauld-blessed.webp 1200w\" sizes=\"auto, (max-width: 696px) 100vw, 696px\" \/><\/div>\n<div style=\"text-align: justify;\">Costumava dizer que &#8220;quanto mais abra\u00e7amos a cruz, mais abra\u00e7amos Jesus que est\u00e1 pregado a ela&#8221;.<\/div>\n<div style=\"text-align: justify;\"><\/div>\n<div style=\"text-align: justify;\"><img loading=\"lazy\" decoding=\"async\" class=\"alignnone wp-image-77689 size-large\" src=\"https:\/\/catolicanet.net\/wp-cnet\/wp-content\/uploads\/2022\/12\/charles-de-foucauld-054_zep1300-1024x630.webp\" alt=\"\" width=\"696\" height=\"428\" srcset=\"https:\/\/catolicanet.net\/wp-cnet\/wp-content\/uploads\/2022\/12\/charles-de-foucauld-054_zep1300-1024x630.webp 1024w, https:\/\/catolicanet.net\/wp-cnet\/wp-content\/uploads\/2022\/12\/charles-de-foucauld-054_zep1300-300x185.webp 300w, https:\/\/catolicanet.net\/wp-cnet\/wp-content\/uploads\/2022\/12\/charles-de-foucauld-054_zep1300-768x472.webp 768w, https:\/\/catolicanet.net\/wp-cnet\/wp-content\/uploads\/2022\/12\/charles-de-foucauld-054_zep1300-1536x945.webp 1536w, https:\/\/catolicanet.net\/wp-cnet\/wp-content\/uploads\/2022\/12\/charles-de-foucauld-054_zep1300-356x220.webp 356w, https:\/\/catolicanet.net\/wp-cnet\/wp-content\/uploads\/2022\/12\/charles-de-foucauld-054_zep1300-696x428.webp 696w, https:\/\/catolicanet.net\/wp-cnet\/wp-content\/uploads\/2022\/12\/charles-de-foucauld-054_zep1300-1068x657.webp 1068w, https:\/\/catolicanet.net\/wp-cnet\/wp-content\/uploads\/2022\/12\/charles-de-foucauld-054_zep1300-683x420.webp 683w, https:\/\/catolicanet.net\/wp-cnet\/wp-content\/uploads\/2022\/12\/charles-de-foucauld-054_zep1300.webp 1920w\" sizes=\"auto, (max-width: 696px) 100vw, 696px\" \/><\/div>\n<div style=\"text-align: justify;\">Tamb\u00e9m costumava dizer que &#8220;quanto mais se ama, melhor se reza&#8221;.<\/div>\n<div style=\"text-align: justify;\"><\/div>\n<div style=\"text-align: justify;\"><img loading=\"lazy\" decoding=\"async\" class=\"alignnone wp-image-77690 size-large\" src=\"https:\/\/catolicanet.net\/wp-cnet\/wp-content\/uploads\/2022\/12\/web-saint-december-01-charles-de-foucauld-public-domain-1024x512.webp\" alt=\"\" width=\"696\" height=\"348\" srcset=\"https:\/\/catolicanet.net\/wp-cnet\/wp-content\/uploads\/2022\/12\/web-saint-december-01-charles-de-foucauld-public-domain-1024x512.webp 1024w, https:\/\/catolicanet.net\/wp-cnet\/wp-content\/uploads\/2022\/12\/web-saint-december-01-charles-de-foucauld-public-domain-300x150.webp 300w, https:\/\/catolicanet.net\/wp-cnet\/wp-content\/uploads\/2022\/12\/web-saint-december-01-charles-de-foucauld-public-domain-768x384.webp 768w, https:\/\/catolicanet.net\/wp-cnet\/wp-content\/uploads\/2022\/12\/web-saint-december-01-charles-de-foucauld-public-domain-696x348.webp 696w, https:\/\/catolicanet.net\/wp-cnet\/wp-content\/uploads\/2022\/12\/web-saint-december-01-charles-de-foucauld-public-domain-1068x534.webp 1068w, https:\/\/catolicanet.net\/wp-cnet\/wp-content\/uploads\/2022\/12\/web-saint-december-01-charles-de-foucauld-public-domain-840x420.webp 840w, https:\/\/catolicanet.net\/wp-cnet\/wp-content\/uploads\/2022\/12\/web-saint-december-01-charles-de-foucauld-public-domain.webp 1200w\" sizes=\"auto, (max-width: 696px) 100vw, 696px\" \/><\/div>\n<div style=\"text-align: justify;\">&#8220;Meu Deus, se existes, faz com que eu te conhe\u00e7a&#8221;, repetia sempre (e parece que conseguiu o que queria!)<\/div>\n<div style=\"text-align: justify;\"><\/div>\n<div><\/div>\n","protected":false},"excerpt":{"rendered":"<p>O eremita que morreu assassinado por um adolescente percorreu um caminho \u00e1rido e de trevas. Sua forte espiritualidade pode nos ajudar a entender os des\u00edgnios do Senhor Ahist\u00f3ria de\u00a0Charles de Foucauld\u00a0\u00e9 bastante curiosa.\u00a0Ele percorreu um longo caminho, muitas vezes cheio de trevas, que o ajudou a intuir a paci\u00eancia de Deus na realiza\u00e7\u00e3o dos seus [&hellip;]<\/p>\n","protected":false},"author":1,"featured_media":77683,"comment_status":"open","ping_status":"closed","sticky":false,"template":"","format":"standard","meta":{"footnotes":""},"categories":[4],"tags":[],"class_list":["post-77682","post","type-post","status-publish","format-standard","has-post-thumbnail","hentry","category-cotidiano"],"_links":{"self":[{"href":"https:\/\/catolicanet.net\/wp-cnet\/wp-json\/wp\/v2\/posts\/77682","targetHints":{"allow":["GET"]}}],"collection":[{"href":"https:\/\/catolicanet.net\/wp-cnet\/wp-json\/wp\/v2\/posts"}],"about":[{"href":"https:\/\/catolicanet.net\/wp-cnet\/wp-json\/wp\/v2\/types\/post"}],"author":[{"embeddable":true,"href":"https:\/\/catolicanet.net\/wp-cnet\/wp-json\/wp\/v2\/users\/1"}],"replies":[{"embeddable":true,"href":"https:\/\/catolicanet.net\/wp-cnet\/wp-json\/wp\/v2\/comments?post=77682"}],"version-history":[{"count":1,"href":"https:\/\/catolicanet.net\/wp-cnet\/wp-json\/wp\/v2\/posts\/77682\/revisions"}],"predecessor-version":[{"id":77691,"href":"https:\/\/catolicanet.net\/wp-cnet\/wp-json\/wp\/v2\/posts\/77682\/revisions\/77691"}],"wp:featuredmedia":[{"embeddable":true,"href":"https:\/\/catolicanet.net\/wp-cnet\/wp-json\/wp\/v2\/media\/77683"}],"wp:attachment":[{"href":"https:\/\/catolicanet.net\/wp-cnet\/wp-json\/wp\/v2\/media?parent=77682"}],"wp:term":[{"taxonomy":"category","embeddable":true,"href":"https:\/\/catolicanet.net\/wp-cnet\/wp-json\/wp\/v2\/categories?post=77682"},{"taxonomy":"post_tag","embeddable":true,"href":"https:\/\/catolicanet.net\/wp-cnet\/wp-json\/wp\/v2\/tags?post=77682"}],"curies":[{"name":"wp","href":"https:\/\/api.w.org\/{rel}","templated":true}]}}