{"id":77634,"date":"2022-11-30T09:59:56","date_gmt":"2022-11-30T12:59:56","guid":{"rendered":"https:\/\/catolicanet.net\/wp-cnet\/?p=77634"},"modified":"2022-11-30T12:00:53","modified_gmt":"2022-11-30T15:00:53","slug":"o-santo-que-criou-o-tempo-do-advento-como-nos-o-vivemos-hoje","status":"publish","type":"post","link":"https:\/\/catolicanet.net\/wp-cnet\/o-santo-que-criou-o-tempo-do-advento-como-nos-o-vivemos-hoje\/","title":{"rendered":"O santo que criou o tempo do Advento como n\u00f3s o vivemos hoje"},"content":{"rendered":"<h2 class=\"subtitle\" style=\"text-align: justify;\">Foi um Papa (e santo) que determinou que o per\u00edodo do Advento deveria passar de seis para quatro semanas<\/h2>\n<p style=\"text-align: justify;\">Aobserv\u00e2ncia moderna do Advento na Igreja Cat\u00f3lica Romana concentra-se nas quatro semanas que antecedem a celebra\u00e7\u00e3o do Natal.<\/p>\n<p style=\"text-align: justify;\">Originalmente, a celebra\u00e7\u00e3o do Advento era semelhante \u00e0 da Quaresma.\u00a0A partir do s\u00e9culo V, o\u00a0Advento consistia em um per\u00edodo de 40 dias penitenciais que come\u00e7avam na festa de S\u00e3o Martinho de Tours, em 11 ou 12 de novembro.<\/p>\n<p style=\"text-align: justify;\">Esse jejum costumava ser chamado de \u201cJejum de S\u00e3o Martinho\u201d ou \u201cQuaresma de S\u00e3o Martinho\u201d.<\/p>\n<p style=\"text-align: justify;\">Entrentanto, no s\u00e9culo VI, o Papa Greg\u00f3rio Magno reduziu o tempo do Advento para apenas as quatro semanas\u00a0que antecediam o Natal (embora algumas fontes hist\u00f3ricas indiquem que ele pode ter inclu\u00eddo cinco domingos).<\/p>\n<p style=\"text-align: justify;\">Dom Prosper Gueranger resume esta tradi\u00e7\u00e3o:<\/p>\n<blockquote class=\"wp-block-quote\">\n<div id=\"aleteia-welcome\"><\/div>\n<p>\u201cA forma lit\u00fargica do Advento, como existe agora na Igreja Romana, passou por algumas modifica\u00e7\u00f5es. S\u00e3o Greg\u00f3rio parece ter sido o primeiro a elaborar o Of\u00edcio para este tempo, que originalmente inclu\u00eda cinco domingos, como \u00e9 evidente nos sacramentos mais antigos deste grande Papa. Parece at\u00e9 prov\u00e1vel (\u2026) que S\u00e3o Greg\u00f3rio tenha originado o preceito eclesi\u00e1stico do Advento, embora o costume de dedicar um per\u00edodo mais longo ou mais curto \u00e0 prepara\u00e7\u00e3o para o Natal tenha sido observado desde tempos imemoriais.\u201d<\/p><\/blockquote>\n<div class=\"nativo-inread\" style=\"text-align: justify;\"><\/div>\n<p style=\"text-align: justify;\">A\u00a0<em>New Catholic Encyclopedia<\/em>\u00a0afirma que, \u201c[S\u00e3o Greg\u00f3rio] encurtou a temporada de seis semanas para quatro.\u00a0\u201d<\/p>\n<p style=\"text-align: justify;\">Enfim, parece que S\u00e3o Greg\u00f3rio pode ter sido o respons\u00e1vel pelo fato de os cat\u00f3licos de rito romano celebrarem um Advento de quatro semanas. \u00c9 por isso que alguns historiadores chamam esse per\u00edodo de \u201cAdvento de Greg\u00f3rio\u201d.<\/p>\n","protected":false},"excerpt":{"rendered":"<p>Foi um Papa (e santo) que determinou que o per\u00edodo do Advento deveria passar de seis para quatro semanas Aobserv\u00e2ncia moderna do Advento na Igreja Cat\u00f3lica Romana concentra-se nas quatro semanas que antecedem a celebra\u00e7\u00e3o do Natal. Originalmente, a celebra\u00e7\u00e3o do Advento era semelhante \u00e0 da Quaresma.\u00a0A partir do s\u00e9culo V, o\u00a0Advento consistia em um [&hellip;]<\/p>\n","protected":false},"author":1,"featured_media":77635,"comment_status":"open","ping_status":"closed","sticky":false,"template":"","format":"standard","meta":{"footnotes":""},"categories":[4],"tags":[],"class_list":["post-77634","post","type-post","status-publish","format-standard","has-post-thumbnail","hentry","category-cotidiano"],"_links":{"self":[{"href":"https:\/\/catolicanet.net\/wp-cnet\/wp-json\/wp\/v2\/posts\/77634","targetHints":{"allow":["GET"]}}],"collection":[{"href":"https:\/\/catolicanet.net\/wp-cnet\/wp-json\/wp\/v2\/posts"}],"about":[{"href":"https:\/\/catolicanet.net\/wp-cnet\/wp-json\/wp\/v2\/types\/post"}],"author":[{"embeddable":true,"href":"https:\/\/catolicanet.net\/wp-cnet\/wp-json\/wp\/v2\/users\/1"}],"replies":[{"embeddable":true,"href":"https:\/\/catolicanet.net\/wp-cnet\/wp-json\/wp\/v2\/comments?post=77634"}],"version-history":[{"count":1,"href":"https:\/\/catolicanet.net\/wp-cnet\/wp-json\/wp\/v2\/posts\/77634\/revisions"}],"predecessor-version":[{"id":77636,"href":"https:\/\/catolicanet.net\/wp-cnet\/wp-json\/wp\/v2\/posts\/77634\/revisions\/77636"}],"wp:featuredmedia":[{"embeddable":true,"href":"https:\/\/catolicanet.net\/wp-cnet\/wp-json\/wp\/v2\/media\/77635"}],"wp:attachment":[{"href":"https:\/\/catolicanet.net\/wp-cnet\/wp-json\/wp\/v2\/media?parent=77634"}],"wp:term":[{"taxonomy":"category","embeddable":true,"href":"https:\/\/catolicanet.net\/wp-cnet\/wp-json\/wp\/v2\/categories?post=77634"},{"taxonomy":"post_tag","embeddable":true,"href":"https:\/\/catolicanet.net\/wp-cnet\/wp-json\/wp\/v2\/tags?post=77634"}],"curies":[{"name":"wp","href":"https:\/\/api.w.org\/{rel}","templated":true}]}}