{"id":77622,"date":"2022-11-30T09:25:35","date_gmt":"2022-11-30T12:25:35","guid":{"rendered":"https:\/\/catolicanet.net\/wp-cnet\/?p=77622"},"modified":"2022-11-30T11:26:48","modified_gmt":"2022-11-30T14:26:48","slug":"papa-nomeia-padre-jose-genivaldo-garcia-como-bispo-da-diocese-de-estancia-se-vacante-desde-agosto-de-2021","status":"publish","type":"post","link":"https:\/\/catolicanet.net\/wp-cnet\/papa-nomeia-padre-jose-genivaldo-garcia-como-bispo-da-diocese-de-estancia-se-vacante-desde-agosto-de-2021\/","title":{"rendered":"PAPA NOMEIA PADRE JOS\u00c9 GENIVALDO GARCIA COMO BISPO DA DIOCESE DE EST\u00c2NCIA (SE), VACANTE DESDE AGOSTO DE 2021"},"content":{"rendered":"<p style=\"text-align: justify;\">O Papa Francisco nomeou nesta quarta-feira, 30 de novembro, o padre Jos\u00e9 Genivaldo Garcia, do clero de Aracaju (SE), como bispo para a diocese de Est\u00e2ncia (SE), vacante desde agosto desde agosto de 2021.\u00a0Atualmente \u00e9 p\u00e1roco da par\u00f3quia Bom Jesus dos\u00a0Navegantes, localizada no bairro Atalaia, em Aracaju, desde o dia 18 de janeiro\u00a0de 2018.<\/p>\n<h3 style=\"text-align: justify;\">Trajet\u00f3ria do novo bispo<\/h3>\n<p style=\"text-align: justify;\">Padre Jos\u00e9 Genivaldo Garcia \u00e9 natural da cidade de Cumbe (SE), nascido em 24 de agosto de 1968. Aos quatro meses de idade passou a residir, com sua fam\u00edlia, em S\u00e3o Miguel do Aleixo (SE).\u00a0Foi ordenado sacerdote em 8 de janeiro de 1994. Exerceu seu minist\u00e9rio\u00a0sacerdotal como p\u00e1roco nas par\u00f3quias S\u00e3o Francisco de Assis, no bairro Santos\u00a0Dumont, em Aracaju; na par\u00f3quia S\u00e3o Marcos Evangelista, no conjunto Marcos\u00a0Freire I, em Nossa Senhora do Socorro; na par\u00f3quia Jesus Ressuscitado, no bairro\u00a0Jardins, em Aracaju. Atualmente \u00e9 p\u00e1roco da par\u00f3quia Bom Jesus dos\u00a0Navegantes, localizada no bairro Atalaia, em Aracaju, desde o dia 18 de janeiro\u00a0de 2018.<\/p>\n<p style=\"text-align: justify;\">\u00c9 membro do Conselho Presbiteral. Membro do Conselho de\u00a0Consultores e Vig\u00e1rio Episcopal do Vicariato S\u00e3o Mateus, da Arquidiocese de\u00a0Aracaju.\u00a0Estudou o ensino m\u00e9dio no semin\u00e1rio Menor Sagrado Cora\u00e7\u00e3o de Jesus, em Aracaju, de 1984 a 1986. Fez licenciatura em Filosofia, na UNISAL, na cidade de Lorena (SP), de 1987 a 1989. \u00c9 licenciado em Teologia, pelo Semin\u00e1rio Maior Nossa Senhora F\u00e1tima de Bras\u00edlia (DF) \u2013 1990 a 1993. \u00c9 bacharel em Teologia, pela Faculdade Cat\u00f3lica de An\u00e1polis (GO).<\/p>\n<p style=\"text-align: justify;\">Possui P\u00f3s-Gradua\u00e7\u00e3o \u201cLatu Sensu\u201d em Did\u00e1tica e Metodologia do Ensino Superior, pela faculdade S\u00e3o Lu\u00eds de Fran\u00e7a (2010); P\u00f3s-Gradua\u00e7\u00e3o em \u00c9tica e Filosofia, pela faculdade Cat\u00f3lica de An\u00e1polis (GO) (2014) e p\u00f3s-gradua\u00e7\u00e3o em Ci\u00eancias da Religi\u00e3o, pela faculdade do Planalto Central (FAPLAC), de Formosa (GO) \u2013 2018. Foi diretor acad\u00eamico do Semin\u00e1rio Menor Sagrado Cora\u00e7\u00e3o de Jesus. Vice-reitor, diretor espiritual e diretor acad\u00eamico, por mais de vinte anos do semin\u00e1rio maior Nossa Senhora da Concei\u00e7\u00e3o, onde atualmente ministra as disciplinas Hist\u00f3ria da Filosofia e Homil\u00e9tica.<\/p>\n<blockquote>\n<h3>Sauda\u00e7\u00e3o da CNBB ao monsenhor Jos\u00e9 Genivaldo Garcia<\/h3>\n<p><span style=\"font-family: Verdana, Geneva, sans-serif; font-size: 15px; text-align: justify; color: #222222;\">Prezado Monsenhor Jos\u00e9 Genivaldo Garcia,<\/span><\/p><\/blockquote>\n<p style=\"text-align: justify;\">A Confer\u00eancia Nacional dos Bispos do Brasil (CNBB) envia felicita\u00e7\u00f5es pela sua nomea\u00e7\u00e3o como novo bispo da diocese de Est\u00e2ncia (SE), vacante desde agosto de 2021, com a nomea\u00e7\u00e3o de dom Giovanni Crippa como bispo de Ilh\u00e9us (BA).<\/p>\n<p style=\"text-align: justify;\">Desejamos tamb\u00e9m um frutuoso minist\u00e9rio e que o senhor continue, como disc\u00edpulo mission\u00e1rio de Jesus, espalhando a alegria do Evangelho em terras nordestinas.<\/p>\n<p style=\"text-align: justify;\">Ao saud\u00e1-lo, sob as luzes da primeira vela do Advento, recordamos as palavras do Papa Francisco no Angelus do \u00faltimo domingo, 27 de novembro, sobre o fundamento de nossa esperan\u00e7a como crist\u00e3os e da bela promessa que nos introduz no tempo do Advento: \u201cVir\u00e1 o teu Senhor\u201d.<\/p>\n<p style=\"text-align: justify;\">\u201cEste \u00e9 o fundamento da nossa esperan\u00e7a, \u00e9 o que nos sustenta tamb\u00e9m nos momentos mais dif\u00edceis e dolorosos da nossa vida: \u2018Deus vem\u2019. Nunca nos esque\u00e7amos disso! O Senhor vem sempre, nos visita, se faz pr\u00f3ximo, e voltar\u00e1 no fim dos tempos para nos acolher no seu abra\u00e7o\u201d.<\/p>\n<p style=\"text-align: justify;\">Que Deus, nosso Senhor, que sempre vem morar conosco e em nosso meio, o cumule de esperan\u00e7as e renova\u00e7\u00e3o neste tempo do Advento!<\/p>\n<p style=\"text-align: justify;\">Em Cristo,<\/p>\n<p style=\"text-align: justify;\"><strong>Dom Walmor Oliveira de Azevedo<\/strong><br \/>\nArcebispo de Belo Horizonte (MG)<br \/>\n<em>Presidente da CNBB<\/em><\/p>\n<p style=\"text-align: justify;\"><strong>Dom Jaime Spengler<\/strong><br \/>\nArcebispo de Porto Alegre (RS)<br \/>\n<em>Primeiro Vice-Presidente da CNBB<\/em><\/p>\n<p style=\"text-align: justify;\"><strong>Dom M\u00e1rio Ant\u00f4nio da Silva<\/strong><br \/>\nArcebispo de Cuiab\u00e1 (MT)<br \/>\n<em>Segundo Vice-Presidente da CNBB<\/em><\/p>\n<p style=\"text-align: justify;\"><strong>Dom Joel Portella Amado<\/strong><br \/>\nBispo auxiliar da arquidiocese de S\u00e3o Sebasti\u00e3o do Rio de Janeiro (RJ)<br \/>\n<em>Secret\u00e1rio-geral da CNBB<\/em><\/p>\n","protected":false},"excerpt":{"rendered":"<p>O Papa Francisco nomeou nesta quarta-feira, 30 de novembro, o padre Jos\u00e9 Genivaldo Garcia, do clero de Aracaju (SE), como bispo para a diocese de Est\u00e2ncia (SE), vacante desde agosto desde agosto de 2021.\u00a0Atualmente \u00e9 p\u00e1roco da par\u00f3quia Bom Jesus dos\u00a0Navegantes, localizada no bairro Atalaia, em Aracaju, desde o dia 18 de janeiro\u00a0de 2018. Trajet\u00f3ria [&hellip;]<\/p>\n","protected":false},"author":1,"featured_media":77623,"comment_status":"open","ping_status":"closed","sticky":false,"template":"","format":"standard","meta":{"footnotes":""},"categories":[7],"tags":[],"class_list":["post-77622","post","type-post","status-publish","format-standard","has-post-thumbnail","hentry","category-cnbb"],"_links":{"self":[{"href":"https:\/\/catolicanet.net\/wp-cnet\/wp-json\/wp\/v2\/posts\/77622","targetHints":{"allow":["GET"]}}],"collection":[{"href":"https:\/\/catolicanet.net\/wp-cnet\/wp-json\/wp\/v2\/posts"}],"about":[{"href":"https:\/\/catolicanet.net\/wp-cnet\/wp-json\/wp\/v2\/types\/post"}],"author":[{"embeddable":true,"href":"https:\/\/catolicanet.net\/wp-cnet\/wp-json\/wp\/v2\/users\/1"}],"replies":[{"embeddable":true,"href":"https:\/\/catolicanet.net\/wp-cnet\/wp-json\/wp\/v2\/comments?post=77622"}],"version-history":[{"count":1,"href":"https:\/\/catolicanet.net\/wp-cnet\/wp-json\/wp\/v2\/posts\/77622\/revisions"}],"predecessor-version":[{"id":77624,"href":"https:\/\/catolicanet.net\/wp-cnet\/wp-json\/wp\/v2\/posts\/77622\/revisions\/77624"}],"wp:featuredmedia":[{"embeddable":true,"href":"https:\/\/catolicanet.net\/wp-cnet\/wp-json\/wp\/v2\/media\/77623"}],"wp:attachment":[{"href":"https:\/\/catolicanet.net\/wp-cnet\/wp-json\/wp\/v2\/media?parent=77622"}],"wp:term":[{"taxonomy":"category","embeddable":true,"href":"https:\/\/catolicanet.net\/wp-cnet\/wp-json\/wp\/v2\/categories?post=77622"},{"taxonomy":"post_tag","embeddable":true,"href":"https:\/\/catolicanet.net\/wp-cnet\/wp-json\/wp\/v2\/tags?post=77622"}],"curies":[{"name":"wp","href":"https:\/\/api.w.org\/{rel}","templated":true}]}}